{"id":11078,"date":"2023-09-08T09:32:33","date_gmt":"2023-09-08T07:32:33","guid":{"rendered":"https:\/\/prague.org\/?p=11078"},"modified":"2024-01-02T18:28:32","modified_gmt":"2024-01-02T16:28:32","slug":"where-to-stay-in-prague-dyzajn-market","status":"publish","type":"post","link":"https:\/\/prague.org\/tr\/prag-dyzajn-markette-nerede-kalinir\/","title":{"rendered":"Dyzajn Market Prag: Tarihi G\u00fczelli\u011fin Ortas\u0131nda Yarat\u0131c\u0131 Bir Cennet"},"content":{"rendered":"<p>Ziyaret etmeyi d\u00fc\u015f\u00fcn\u00fcyor musunuz? <strong>9-10 Eyl\u00fcl 2023 tarihleri aras\u0131nda Dyzajn pazar\u0131<\/strong> sabah 10 ile ak\u015fam 6 aras\u0131nda m\u0131?<strong>&nbsp; Sanat merakl\u0131lar\u0131, al\u0131\u015fveri\u015f yapanlar, \u00e7ocuklar ve turistler<\/strong>\u015fimdi ke\u015ffetme ve kat\u0131lma zaman\u0131d\u0131r.<strong> \u015fehrin geli\u015fen sanat ortam\u0131<\/strong>. Dyzajn pazar\u0131 neredeyse \u00fczerimizde.<\/p>\n\n\n\n<p>Bu h\u0131zl\u0131 k\u0131lavuzda, a\u015fa\u011f\u0131daki \u00f6nerilerimize yer verdik<strong>op \u00f6nerilen otel alternatifleri<\/strong> (her fiyata!) ve b\u00fcy\u00fcleyici \u00c7ek \u015fehrine yapaca\u011f\u0131n\u0131z tatilden en iyi \u015fekilde yararlanman\u0131za yard\u0131mc\u0131 olacak di\u011fer faydal\u0131 \u00f6neriler!<\/p>\n\n\n\n<h2 id=\"about-the-dyzajn-market-2024\" class=\"wp-block-heading\">Dyzajn Market 2024 Hakk\u0131nda<\/h2>\n\n\n\n<figure class=\"wp-block-image size-large\"><img decoding=\"async\" width=\"1024\" height=\"683\" src=\"https:\/\/prague.org\/wp-content\/uploads\/2023\/09\/pexels-cottonbro-studio-4620632-1-1024x683.jpg\" alt=\"Tasar\u0131m pazar\u0131, Prag\" class=\"wp-image-11081\" srcset=\"https:\/\/prague.org\/wp-content\/uploads\/2023\/09\/pexels-cottonbro-studio-4620632-1-1024x683.jpg 1024w, https:\/\/prague.org\/wp-content\/uploads\/2023\/09\/pexels-cottonbro-studio-4620632-1-300x200.jpg 300w, https:\/\/prague.org\/wp-content\/uploads\/2023\/09\/pexels-cottonbro-studio-4620632-1-768x512.jpg 768w, https:\/\/prague.org\/wp-content\/uploads\/2023\/09\/pexels-cottonbro-studio-4620632-1-1536x1024.jpg 1536w, https:\/\/prague.org\/wp-content\/uploads\/2023\/09\/pexels-cottonbro-studio-4620632-1-2048x1365.jpg 2048w, https:\/\/prague.org\/wp-content\/uploads\/2023\/09\/pexels-cottonbro-studio-4620632-1-18x12.jpg 18w, https:\/\/prague.org\/wp-content\/uploads\/2023\/09\/pexels-cottonbro-studio-4620632-1-380x253.jpg 380w, https:\/\/prague.org\/wp-content\/uploads\/2023\/09\/pexels-cottonbro-studio-4620632-1-800x533.jpg 800w, https:\/\/prague.org\/wp-content\/uploads\/2023\/09\/pexels-cottonbro-studio-4620632-1-1160x773.jpg 1160w, https:\/\/prague.org\/wp-content\/uploads\/2023\/09\/pexels-cottonbro-studio-4620632-1-600x400.jpg 600w, https:\/\/prague.org\/wp-content\/uploads\/2023\/09\/pexels-cottonbro-studio-4620632-1-scaled.jpg 2560w\" sizes=\"(max-width: 1024px) 100vw, 1024px\" \/><figcaption class=\"wp-element-caption\">Tasar\u0131m pazar\u0131, Prag<\/figcaption><\/figure>\n\n\n\n<p>Prag'\u0131n ev sahipli\u011finde ger\u00e7ekle\u015fecek olan bu etkinlik<strong> hem yerel halk hem de \u00c7ek tasar\u0131m\u0131n\u0131n en son noktas\u0131n\u0131 deneyimlemek isteyen turistler i\u00e7in mutlaka g\u00f6r\u00fclmesi gereken bir yer.<\/strong><\/p>\n\n\n\n<p>Dyzajn Pazar\u0131, T\u00fcrkiye'nin en b\u00fcy\u00fck pazarlar\u0131ndan<strong> E\u015fsiz hazineler, k\u00fclt\u00fcrel deneyimler ve \u00c7ek sanat d\u00fcnyas\u0131na dalmak isteyen gezginler i\u00e7in b\u00fcy\u00fcleyici ve ilham verici.<\/strong><\/p>\n\n\n\n<p>Dyzajn Market'i ziyaret edin <a href=\"https:\/\/www.dyzajnmarket.com\/en\" rel=\"nofollow noopener\">resmi web sitesi<\/a> Bu pazarla ilgili konum, program ve di\u011fer ayr\u0131nt\u0131lar hakk\u0131nda daha fazla bilgi i\u00e7in.<\/p>\n\n\n\n<h2 id=\"why-prague\" class=\"wp-block-heading\">Neden Prag?<\/h2>\n\n\n\n<p>Prag'\u0131 ziyaret etme sebebiniz ne olursa olsun, buradan \u00e7ok mutlu ayr\u0131laca\u011f\u0131n\u0131zdan emin olabilirsiniz.<strong>\u015fa\u015f\u0131rt\u0131c\u0131 an\u0131lar.<\/strong><\/p>\n\n\n\n<p>Prag'\u0131n kendine \u00f6zg\u00fc kar\u0131\u015f\u0131m\u0131 <strong>tarih, k\u00fclt\u00fcr, sanatsal gelenek ve yarat\u0131c\u0131 topluluk<\/strong> Dyzajn Pazar\u0131 i\u00e7in m\u00fckemmel bir konumdur. Buras\u0131 ge\u00e7mi\u015fle bug\u00fcn\u00fcn \u00e7arp\u0131\u015ft\u0131\u011f\u0131 bir \u015fehirdir ve <strong>\u00e7a\u011fda\u015f tasar\u0131m<\/strong> Zamans\u0131z bir zarafet ve k\u00fclt\u00fcrel derinlik zemininde geli\u015fmek i\u00e7in.<\/p>\n\n\n\n<h2 id=\"where-to-stay-when-you-attend-the-dyzajn-market-2024\" class=\"wp-block-heading\"><a href=\"https:\/\/prague.org\/tr\/prag-otelleri\u0307-10\/\">Nerede kal\u0131n\u0131r<\/a> Dyzajn Market 2024'e kat\u0131ld\u0131\u011f\u0131n\u0131zda<\/h2>\n\n\n\n<ins class=\"bookingaff\" data-aid=\"2250729\" data-target_aid=\"2250729\" data-prod=\"map\" data-width=\"100%\" data-height=\"590\" data-lang=\"ualng\" data-dest_id=\"0\" data-dest_type=\"landmark\" data-latitude=\"50.0755381\" data-longitude=\"14.4378005\" data-mwhsb=\"0\" data-address=\"Prague, Czechia\">\n    <!-- Anything inside will go away once widget is loaded. -->\n        <a href=\"\/\/www.booking.com?aid=2250729\">Booking.com<\/a>\n<\/ins>\n<script type=\"text\/javascript\">\n    (function(d, sc, u) {\n      var s = d.createElement(sc), p = d.getElementsByTagName(sc)[0];\n      s.type = 'text\/javascript';\n      s.async = true;\n      s.src = u + '?v=' + (+new Date());\n      p.parentNode.insertBefore(s,p);\n      })(document, 'script', '\/\/cf.bstatic.com\/static\/affiliate_base\/js\/flexiproduct.js');\n<\/script>\n\n\n\n<h3 id=\"top-high-range-hotels-near-the-dyzajn-market-2024\" class=\"wp-block-heading\">Dyzajn Market 2024 yak\u0131n\u0131ndaki en y\u00fcksek puan alan oteller<\/h3>\n\n\n\n<ul>\n<li><a href=\"https:\/\/www.booking.com\/hotel\/cz\/u-zlate-studne.en.html?aid=7905235&amp;no_rooms=1&amp;group_adults=2\" data-type=\"link\" data-id=\"https:\/\/www.booking.com\/hotel\/cz\/u-zlate-studne.en.html?aid=7905235&amp;no_rooms=1&amp;group_adults=2\" rel=\"nofollow noopener\">Golden Well Otel<\/a><\/li>\n\n\n\n<li><a href=\"https:\/\/www.booking.com\/hotel\/cz\/the-emblem.en.html?aid=7905235&amp;no_rooms=1&amp;group_adults=2\" data-type=\"link\" data-id=\"https:\/\/www.booking.com\/hotel\/cz\/the-emblem.en.html?aid=7905235&amp;no_rooms=1&amp;group_adults=2\" rel=\"nofollow noopener\">The Emblem Otel<\/a><\/li>\n\n\n\n<li><a href=\"https:\/\/www.booking.com\/hotel\/cz\/kempinski-hybernska-prague.en.html?aid=7905235&amp;no_rooms=1&amp;group_adults=2\" data-type=\"link\" data-id=\"https:\/\/www.booking.com\/hotel\/cz\/kempinski-hybernska-prague.en.html?aid=7905235&amp;no_rooms=1&amp;group_adults=2\" rel=\"nofollow noopener\">The Grand Mark Prag<\/a><\/li>\n\n\n\n<li><a href=\"https:\/\/www.booking.com\/hotel\/cz\/hotelsavoyprague.en.html?aid=7905235&amp;no_rooms=1&amp;group_adults=2\" data-type=\"link\" data-id=\"https:\/\/www.booking.com\/hotel\/cz\/hotelsavoyprague.en.html?aid=7905235&amp;no_rooms=1&amp;group_adults=2\" rel=\"nofollow noopener\">Hotel Savoy Prag<\/a><\/li>\n\n\n\n<li><a href=\"https:\/\/www.booking.com\/hotel\/cz\/mandarin-oriental-prague.en.html?aid=7905235&amp;no_rooms=1&amp;group_adults=2\" data-type=\"link\" data-id=\"https:\/\/www.booking.com\/hotel\/cz\/mandarin-oriental-prague.en.html?aid=7905235&amp;no_rooms=1&amp;group_adults=2\" rel=\"nofollow noopener\">Mandarin Oriental, Prag<\/a><\/li>\n<\/ul>\n\n\n\n<h3 id=\"mid-range-accommodation-close-to-the-dyzajn-market-2024\" class=\"wp-block-heading\">Dyzajn Market 2024 yak\u0131n\u0131nda orta s\u0131n\u0131f konaklama<\/h3>\n\n\n\n<ul>\n<li><a href=\"https:\/\/www.booking.com\/hotel\/cz\/caesarpalacepraha.en.html?aid=7905235&amp;no_rooms=1&amp;group_adults=2\" data-type=\"link\" data-id=\"https:\/\/www.booking.com\/hotel\/cz\/caesarpalacepraha.en.html?aid=7905235&amp;no_rooms=1&amp;group_adults=2\" rel=\"nofollow noopener\">Hotel Caesar Prag<\/a><\/li>\n\n\n\n<li><a href=\"https:\/\/www.booking.com\/hotel\/cz\/nh-prague.en.html?aid=7905235&amp;no_rooms=1&amp;group_adults=2\" rel=\"nofollow noopener\">NH Prague City<\/a><\/li>\n\n\n\n<li><a href=\"https:\/\/www.booking.com\/hotel\/cz\/hotelroma.en.html?aid=7905235&amp;no_rooms=1&amp;group_adults=2\" data-type=\"link\" data-id=\"https:\/\/www.booking.com\/hotel\/cz\/hotelroma.en.html?aid=7905235&amp;no_rooms=1&amp;group_adults=2\" rel=\"nofollow noopener\">Hotel Roma Prag<\/a><\/li>\n\n\n\n<li><a href=\"https:\/\/www.booking.com\/hotel\/cz\/angelis.en.html?aid=7905235&amp;no_rooms=1&amp;group_adults=2\" data-type=\"link\" data-id=\"https:\/\/www.booking.com\/hotel\/cz\/angelis.en.html?aid=7905235&amp;no_rooms=1&amp;group_adults=2\" rel=\"nofollow noopener\">Hotel Angelis<\/a><\/li>\n\n\n\n<li><a href=\"https:\/\/www.booking.com\/hotel\/cz\/kinsky-garden-apartments-and-suites.en.html?aid=7905235&amp;no_rooms=1&amp;group_adults=2\" data-type=\"link\" data-id=\"https:\/\/www.booking.com\/hotel\/cz\/kinsky-garden-apartments-and-suites.en.html?aid=7905235&amp;no_rooms=1&amp;group_adults=2\" rel=\"nofollow noopener\">Hotel Kinsky Garden<\/a><\/li>\n<\/ul>\n\n\n\n<h3 id=\"budget-friendly-stays-near-the-dyzajn-market-2024\" class=\"wp-block-heading\">Dyzajn Market 2024 yak\u0131n\u0131ndaki b\u00fct\u00e7e dostu konaklamalar<\/h3>\n\n\n\n<ul>\n<li><a href=\"https:\/\/www.booking.com\/hotel\/cz\/the-madhouse-prague.en.html?aid=7905235&amp;no_rooms=1&amp;group_adults=2\" data-type=\"link\" data-id=\"https:\/\/www.booking.com\/hotel\/cz\/the-madhouse-prague.en.html?aid=7905235&amp;no_rooms=1&amp;group_adults=2\" rel=\"nofollow noopener\">The MadHouse Prag<\/a><\/li>\n\n\n\n<li><a href=\"https:\/\/www.booking.com\/hotel\/cz\/hostel-marrakesh.en.html?aid=7905235&amp;no_rooms=1&amp;group_adults=2\" data-type=\"link\" data-id=\"https:\/\/www.booking.com\/hotel\/cz\/hostel-marrakesh.en.html?aid=7905235&amp;no_rooms=1&amp;group_adults=2\" rel=\"nofollow noopener\">Arpacay Backpackers Hostel<\/a><\/li>\n\n\n\n<li><a href=\"https:\/\/www.booking.com\/hotel\/cz\/hostel-elf-s-r-o.en.html?aid=7905235&amp;no_rooms=1&amp;group_adults=2\" data-type=\"link\" data-id=\"https:\/\/www.booking.com\/hotel\/cz\/hostel-elf-s-r-o.en.html?aid=7905235&amp;no_rooms=1&amp;group_adults=2\" rel=\"nofollow noopener\">Hostel ELF<\/a><\/li>\n\n\n\n<li><a href=\"https:\/\/www.booking.com\/hotel\/cz\/sophie-s-hostel.en.html?aid=7905235&amp;no_rooms=1&amp;group_adults=2\" data-type=\"link\" data-id=\"https:\/\/www.booking.com\/hotel\/cz\/sophie-s-hostel.en.html?aid=7905235&amp;no_rooms=1&amp;group_adults=2\" rel=\"nofollow noopener\">Sophie's Hostel<\/a><\/li>\n<\/ul>\n\n\n\n<h2 id=\"while-in-prague\" class=\"wp-block-heading\">Prag'dayken...<\/h2>\n\n\n\n<p>\u015eehrin en iyi turistik yerlerine g\u00f6z at\u0131n:<\/p>\n\n\n\n<p>\u25cf <a href=\"https:\/\/prague.org\/tr\/prag-kalesi-2\/\">Prag Kalesi<\/a><\/p>\n\n\n\n<p>\u25cf <a href=\"https:\/\/prague.org\/tr\/charles-bridge\/\">Charles K\u00f6pr\u00fcs\u00fc<\/a><\/p>\n\n\n\n<p>\u25cf <a href=\"https:\/\/prague.org\/tr\/old-town-square\/\">Eski \u015eehir Meydan\u0131<\/a><\/p>\n\n\n\n<p>\u25cf <a href=\"https:\/\/prague.org\/tr\/vysehrad-2\/\">Vy\u0161ehrad<\/a><\/p>\n\n\n\n<p>\u25cf <a href=\"https:\/\/prague.org\/tr\/dans-ev\/\">Dans Eden Ev<\/a><\/p>\n\n\n\n<p>\u25cf <a href=\"https:\/\/prague.org\/tr\/lesser-town-square\/\">K\u00fc\u00e7\u00fck \u015eehir<\/a><\/p>\n\n\n\n<p>\u25cf <a href=\"https:\/\/www.getyourguide.fr\/musee-du-communisme-prague-l26117\/prague-billet-d-entree-au-musee-du-communisme-t235062\/?partner_id=U94OQGQ&amp;utm_medium=online_publisher\" data-type=\"link\" data-id=\"https:\/\/www.getyourguide.fr\/musee-du-communisme-prague-l26117\/prague-billet-d-entree-au-musee-du-communisme-t235062\/?partner_id=U94OQGQ&amp;utm_medium=online_publisher\" rel=\"nofollow noopener\">Kom\u00fcnizm M\u00fczesi<\/a><\/p>\n\n\n\n<p>\u25cf <a href=\"https:\/\/www.getyourguide.fr\/prague-l10\/prague-croisiere-de-50-mn-en-soiree-t357390\/?partner_id=U94OQGQ&amp;utm_medium=online_publisher\" data-type=\"link\" data-id=\"https:\/\/www.getyourguide.fr\/prague-l10\/prague-croisiere-de-50-mn-en-soiree-t357390\/?partner_id=U94OQGQ&amp;utm_medium=online_publisher\" rel=\"nofollow noopener\">Ak\u015fam Gezisi<\/a><\/p>\n\n\n\n<div data-gyg-href=\"https:\/\/widget.getyourguide.com\/default\/activities.frame\" data-gyg-locale-code=\"en-US\" data-gyg-widget=\"activities\" data-gyg-number-of-items=\"3\" data-gyg-cmp=\"sky8\" data-gyg-partner-id=\"U94OQGQ\" data-gyg-tour-ids=\"53490,209055,357390\"><\/div>\n\n\n\n<h2 id=\"drink-and-dine-like-a-local-near-the-dyzajn-market-2024\" class=\"wp-block-heading\">Dyzajn Market 2024 yak\u0131n\u0131nda yerel halk gibi yemek ve i\u00e7mek<\/h2>\n\n\n\n<ul>\n<li>U Zlat\u00e9ho Tygra<\/li>\n\n\n\n<li>Lok\u00e1l<\/li>\n\n\n\n<li>Restaurace U Provaznice<\/li>\n\n\n\n<li>Havelsk\u00e1 Koruna<\/li>\n\n\n\n<li>U Bukan\u00fdra<\/li>\n<\/ul>\n\n\n\n<h2 id=\"important-things-to-remember-when-attending-the-dyzajn-market-2024\" class=\"wp-block-heading\">Dyzajn Market 2024'e kat\u0131l\u0131rken hat\u0131rlanmas\u0131 gereken \u00f6nemli noktalar<\/h2>\n\n\n\n<p><strong>Kalkmak ve hareket etmek<\/strong><\/p>\n\n\n\n<p>Prag'da dola\u015fman\u0131n en uygun yolu y\u00fcr\u00fcyerek ya da m\u00fckemmel toplu ta\u015f\u0131ma sisteminden faydalanmakt\u0131r.<\/p>\n\n\n\n<p><strong>Yaya olarak<\/strong><\/p>\n\n\n\n<p>Prag sokaklar\u0131nda y\u00fcr\u00fcmek, \u015fehrin sundu\u011fu her \u015feyi deneyimlemenizi sa\u011flayacakt\u0131r. Birbirine y\u00fcr\u00fcme mesafesindeki en \u00f6nemli turistik mekanlarla, rahat ayakkab\u0131lar\u0131n\u0131z\u0131 giyin ve \u015fehrin g\u00f6r\u00fclmesi gereken yerlerine do\u011fru yol al\u0131n!<\/p>\n\n\n\n<p><strong>Metroyu kullanma<\/strong><\/p>\n\n\n\n<p>Prag'\u0131n metro sistemi genellikle d\u00fcnyan\u0131n en iyilerinden biri olarak kabul edilir. Prag metrosu mutlaka g\u00f6r\u00fclmesi gereken bir yerdir. Temiz, ucuz, verimli ve kullan\u0131m\u0131 basittir. Para cezalar\u0131ndan ka\u00e7\u0131nmak i\u00e7in kullanmadan \u00f6nce biletinizi onaylatmay\u0131 unutmay\u0131n!<\/p>\n\n\n\n<p><a href=\"https:\/\/www.dpp.cz\/en\/fares\/fare-pricelist\" rel=\"nofollow noopener\">Buraya t\u0131klay\u0131n<\/a> mevcut t\u00fcm bilet se\u00e7eneklerini ve fuarlar\u0131 g\u00f6rmek i\u00e7in.<\/p>\n\n\n\n<p><strong>E\u015fyalar\u0131n\u0131za g\u00f6z kulak olun<\/strong><\/p>\n\n\n\n<p>Prag olduk\u00e7a g\u00fcvenli bir \u015fehirdir. Yankesiciler, her b\u00fcy\u00fck metropolde oldu\u011fu gibi, mevcuttur.<\/p>\n\n\n\n<p>Ancak endi\u015felenmeniz i\u00e7in hi\u00e7bir neden yoktur. Tek yapman\u0131z gereken, \u00f6zellikle s\u0131k\u0131\u015f\u0131k durumlarda e\u015fyalar\u0131n\u0131za g\u00f6z kulak olmakt\u0131r.<\/p>\n\n\n\n<p>E\u015fyalar\u0131n\u0131z\u0131 ula\u015f\u0131lamayacak yerlerde tutmak i\u00e7in baz\u0131 yararl\u0131 teknikler:<\/p>\n\n\n\n<ul>\n<li>\u00c7antan\u0131z\u0131 \u00f6ne tak\u0131n, asla arkaya takmay\u0131n&nbsp;<\/li>\n\n\n\n<li>De\u011ferli e\u015fyalar\u0131n\u0131z\u0131 arka ceplerinizde ta\u015f\u0131may\u0131n&nbsp;<\/li>\n\n\n\n<li>Fermuar\u0131 olmayan \u00e7anta ve c\u00fczdanlar kullanmaktan ka\u00e7\u0131n\u0131n<\/li>\n\n\n\n<li>\u0130nsanlar size \u00e7ok yakla\u015f\u0131rsa, kazara da olsa size \u00e7arparlarsa veya dikkatinizi da\u011f\u0131tmaya \u00e7al\u0131\u015f\u0131rlarsa, e\u015fyalar\u0131n\u0131z\u0131 tutarlarsa<\/li>\n\n\n\n<li>En \u00f6nemlisi, dikkatinizi verin! Yankesiciler genellikle dikkatsiz ki\u015filer gibi basit hedefler ararlar. E\u015fyalar\u0131n\u0131z\u0131 yak\u0131ndan kontrol ederseniz g\u00fcvende olursunuz.<\/li>\n<\/ul>\n\n\n\n<h2 id=\"final-thoughts\" class=\"wp-block-heading\">Son d\u00fc\u015f\u00fcnceler<\/h2>\n\n\n\n<p>Rahat y\u00fcr\u00fcy\u00fc\u015fler ve planlanmam\u0131\u015f aktiviteler i\u00e7in zaman ay\u0131r\u0131n!<\/p>\n\n\n\n<p>Prag'da g\u00f6r\u00fclecek ve yap\u0131lacak o kadar \u00e7ok \u015fey var ki, hepsini g\u00f6rme iste\u011finin bunalt\u0131c\u0131 olabilece\u011finin fark\u0131nday\u0131z. Ancak bize g\u00f6re, bir \u015fehri (veya herhangi bir \u015fehri!) \u00f6\u011frenmenin en iyi yollar\u0131ndan biri, zaman\u0131n\u0131z\u0131n bir k\u0131sm\u0131n\u0131 plans\u0131z b\u0131rakmakt\u0131r.<\/p>\n\n\n\n<p>Bir bar\u0131n i\u00e7ine girip <a href=\"https:\/\/prague.org\/tr\/pragda-denemeniz-gereken-en-iyi-8-bar\/\">Prag'da bira<\/a>Merak\u0131n\u0131z\u0131 uyand\u0131ran o d\u00fckkana girin ve \u015fehrin geli\u015fimini izlemek i\u00e7in bir meydan\u0131n yak\u0131n\u0131nda bir koltu\u011fa yerle\u015fin. Prag'\u0131n benzersiz <a href=\"https:\/\/prague.org\/tr\/bitpazari-prag\/\" data-type=\"link\" data-id=\"https:\/\/prague.org\/flea-market-prague\/\">bit pazarlar\u0131<\/a> Ya da tarihi g\u00fczelliklerin ortas\u0131nda yarat\u0131c\u0131 bir cennet olan Prag'\u0131n canl\u0131 Dyzajn Pazar\u0131'na kendinizi kapt\u0131rmak, \u015fehrin s\u0131radanl\u0131\u011f\u0131na ekstra bir katman ekler ve muhtemelen \u015fehri ger\u00e7ekten sevmek i\u00e7in en iyi yakla\u015f\u0131md\u0131r! <\/p>\n\n\n\n<div data-gyg-href=\"https:\/\/widget.getyourguide.com\/default\/city.frame\" data-gyg-location-id=\"10\" data-gyg-locale-code=\"en-US\" data-gyg-widget=\"city\" data-gyg-partner-id=\"U94OQGQ\"><\/div>","protected":false},"excerpt":{"rendered":"Dyzajn pazar\u0131n\u0131 9-10 Eyl\u00fcl 2023 tarihlerinde sabah 10:00 ile ak\u015fam 10:00 saatleri aras\u0131nda ziyaret etmek ist...","protected":false},"author":2,"featured_media":11080,"comment_status":"closed","ping_status":"closed","sticky":false,"template":"","format":"standard","meta":{"footnotes":""},"categories":[204,220,18],"tags":[31],"table_tags":[],"_links":{"self":[{"href":"https:\/\/prague.org\/tr\/wp-json\/wp\/v2\/posts\/11078"}],"collection":[{"href":"https:\/\/prague.org\/tr\/wp-json\/wp\/v2\/posts"}],"about":[{"href":"https:\/\/prague.org\/tr\/wp-json\/wp\/v2\/types\/post"}],"author":[{"embeddable":true,"href":"https:\/\/prague.org\/tr\/wp-json\/wp\/v2\/users\/2"}],"replies":[{"embeddable":true,"href":"https:\/\/prague.org\/tr\/wp-json\/wp\/v2\/comments?post=11078"}],"version-history":[{"count":6,"href":"https:\/\/prague.org\/tr\/wp-json\/wp\/v2\/posts\/11078\/revisions"}],"predecessor-version":[{"id":12428,"href":"https:\/\/prague.org\/tr\/wp-json\/wp\/v2\/posts\/11078\/revisions\/12428"}],"wp:featuredmedia":[{"embeddable":true,"href":"https:\/\/prague.org\/tr\/wp-json\/wp\/v2\/media\/11080"}],"wp:attachment":[{"href":"https:\/\/prague.org\/tr\/wp-json\/wp\/v2\/media?parent=11078"}],"wp:term":[{"taxonomy":"category","embeddable":true,"href":"https:\/\/prague.org\/tr\/wp-json\/wp\/v2\/categories?post=11078"},{"taxonomy":"post_tag","embeddable":true,"href":"https:\/\/prague.org\/tr\/wp-json\/wp\/v2\/tags?post=11078"},{"taxonomy":"table_tags","embeddable":true,"href":"https:\/\/prague.org\/tr\/wp-json\/wp\/v2\/table_tags?post=11078"}],"curies":[{"name":"wp","href":"https:\/\/api.w.org\/{rel}","templated":true}]}}