{"id":11633,"date":"2023-10-16T08:35:22","date_gmt":"2023-10-16T06:35:22","guid":{"rendered":"https:\/\/prague.org\/?p=11633"},"modified":"2024-04-22T13:35:12","modified_gmt":"2024-04-22T11:35:12","slug":"oldest-bar-in-prague","status":"publish","type":"post","link":"https:\/\/prague.org\/tr\/pragin-en-eski-bari\/","title":{"rendered":"Zamanda Geri Ad\u0131m At\u0131n: Prag'\u0131n Zengin Tarihindeki En Eski Barlar\u0131 Ke\u015ffedin"},"content":{"rendered":"<p>Giri\u015f yapt\u0131\u011f\u0131n\u0131z anda <strong>Prag'\u0131n en eski bar\u0131<\/strong>\u015fehrin bir\u00e7ok cazibe merkezinin tad\u0131n\u0131 \u00e7\u0131karabileceksiniz. Bu \u00f6zellikle do\u011frudur \u00e7\u00fcnk\u00fc bu bina orta\u00e7a\u011f karakterini bozulmadan korumu\u015ftur. Bu tesiste herhangi biriyle sohbet etmek ve birka\u00e7 s\u00fcrahi kaliteli \u00c7ek biras\u0131 i\u00e7mek kolayd\u0131r.<strong> Prag'\u0131n en eski bar\u0131<\/strong>!<\/p>\n\n\n\n<p><strong>Prag'daki en eski bar hangisidir?<\/strong><\/p>\n\n\n\n<p>U kr\u00e1le Brabantsk\u00e9ho, Prag'da 1375 y\u0131l\u0131ndan beri a\u00e7\u0131k oldu\u011fu anla\u015f\u0131lan tarihi bir taverna.<strong> Prag'\u0131n en eski bar\u0131.<\/strong><\/p>\n\n\n\n<p>Bunlar\u0131 ziyaret ederek <strong>Prag'daki en eski barlar<\/strong>Prag'\u0131n zengin tarihi ve k\u00fclt\u00fcr\u00fc hakk\u0131nda bilgi edinirken ayn\u0131 zamanda lezzetli \u00c7ek biras\u0131 ve yemeklerinin tad\u0131n\u0131 \u00e7\u0131karabilirsiniz. Bu i\u00e7ki mekanlar\u0131n\u0131n hepsi Prag'\u0131n uzun ve hikayeli tarihinin bir par\u00e7as\u0131d\u0131r.<\/p>\n\n\n\n<h2 id=\"the-legacy-of-pragues-oldest-bars\" class=\"wp-block-heading\">Prag'\u0131n En Eski Barlar\u0131n\u0131n Miras\u0131&nbsp;<\/h2>\n\n\n\n<figure class=\"wp-block-image size-large\"><img decoding=\"async\" width=\"1024\" height=\"683\" src=\"https:\/\/prague.org\/wp-content\/uploads\/2023\/10\/bohdan-stocek-vt0O0Av96R4-unsplash-1-1024x683.jpg\" alt=\"Prag&#039;daki Biralar\" class=\"wp-image-11651\" srcset=\"https:\/\/prague.org\/wp-content\/uploads\/2023\/10\/bohdan-stocek-vt0O0Av96R4-unsplash-1-1024x683.jpg 1024w, https:\/\/prague.org\/wp-content\/uploads\/2023\/10\/bohdan-stocek-vt0O0Av96R4-unsplash-1-300x200.jpg 300w, https:\/\/prague.org\/wp-content\/uploads\/2023\/10\/bohdan-stocek-vt0O0Av96R4-unsplash-1-768x512.jpg 768w, https:\/\/prague.org\/wp-content\/uploads\/2023\/10\/bohdan-stocek-vt0O0Av96R4-unsplash-1-1536x1025.jpg 1536w, https:\/\/prague.org\/wp-content\/uploads\/2023\/10\/bohdan-stocek-vt0O0Av96R4-unsplash-1-2048x1366.jpg 2048w, https:\/\/prague.org\/wp-content\/uploads\/2023\/10\/bohdan-stocek-vt0O0Av96R4-unsplash-1-18x12.jpg 18w, https:\/\/prague.org\/wp-content\/uploads\/2023\/10\/bohdan-stocek-vt0O0Av96R4-unsplash-1-380x253.jpg 380w, https:\/\/prague.org\/wp-content\/uploads\/2023\/10\/bohdan-stocek-vt0O0Av96R4-unsplash-1-800x534.jpg 800w, https:\/\/prague.org\/wp-content\/uploads\/2023\/10\/bohdan-stocek-vt0O0Av96R4-unsplash-1-1160x774.jpg 1160w, https:\/\/prague.org\/wp-content\/uploads\/2023\/10\/bohdan-stocek-vt0O0Av96R4-unsplash-1-600x400.jpg 600w, https:\/\/prague.org\/wp-content\/uploads\/2023\/10\/bohdan-stocek-vt0O0Av96R4-unsplash-1-scaled.jpg 2560w\" sizes=\"(max-width: 1024px) 100vw, 1024px\" \/><figcaption class=\"wp-element-caption\">Prag'daki Biralar<\/figcaption><\/figure>\n\n\n\n<p>Prag'\u0131n en eski barlar\u0131n\u0131n her biri y\u00fczy\u0131llar \u00f6ncesine dayanan bir ge\u00e7mi\u015fe sahiptir. Bu durum \u00f6zellikle orta\u00e7a\u011fdan kalma kimliklerini korumay\u0131 ba\u015farm\u0131\u015f i\u015fletmeler i\u00e7in ge\u00e7erlidir. Bu i\u015fletmeler, konuklar\u0131n her zaman iyi bir sohbete ve birka\u00e7 s\u00fcrahi kaliteli \u00c7ek biras\u0131na haz\u0131r oldu\u011fu s\u0131cak bir ortama sahiptir.<\/p>\n\n\n\n<p>Bu <strong>Prag'daki en eski barlar<\/strong> H\u00fck\u00fcmdarlar, krallar, sanat\u00e7\u0131lar ve halktan insanlar bu \u015fehirde zaferlere kadeh kald\u0131rmak, kay\u0131plara a\u011f\u0131t yakmak ve genel olarak hayat\u0131n tad\u0131n\u0131 \u00e7\u0131karmak i\u00e7in kadeh kald\u0131rm\u0131\u015flard\u0131r. Bu barlar\u0131n ge\u00e7mi\u015fi en az\u0131ndan 14. y\u00fczy\u0131la ve muhtemelen daha da eskiye dayanmaktad\u0131r.<\/p>\n\n\n\n<p>Bu sulama deliklerinin bir\u00e7o\u011fu mikro bira fabrikalar\u0131 kurmu\u015ftur ve biralar\u0131n\u0131 eski tariflere g\u00f6re \u00fcretmektedir. Prag'da pilsnerler, koyu lagerler ve bu\u011fday biralar\u0131 da dahil olmak \u00fczere \u00e7ok \u00e7e\u015fitli biralar aras\u0131ndan se\u00e7im yapabilirsiniz.<\/p>\n\n\n\n<h2 id=\"visiting-the-oldest-bars-in-prague\" class=\"wp-block-heading\">Prag'\u0131n En Eski Barlar\u0131n\u0131 Ziyaret Etmek&nbsp;<\/h2>\n\n\n\n<div data-gyg-href=\"https:\/\/widget.getyourguide.com\/default\/activities.frame\" data-gyg-locale-code=\"en-US\" data-gyg-widget=\"activities\" data-gyg-number-of-items=\"3\" data-gyg-partner-id=\"U94OQGQ\" data-gyg-q=\"prague%20bars\"><\/div>\n\n\n\n<p>Bu tarihi i\u00e7ki mekanlar\u0131 hem turistler hem de yerel halk i\u00e7in Prag deneyiminin hala \u00f6nemli bir par\u00e7as\u0131d\u0131r. Bu efsanevi mek\u00e2nlar\u0131n seslerini ve manzaralar\u0131n\u0131 seyretmek, bu harika kentin tarihini i\u00e7mek ve ayn\u0131 anda ge\u00e7mi\u015fine sayg\u0131 duru\u015funda bulunmak gibidir.<\/p>\n\n\n\n<h3 id=\"u-pinkasu-a-glimpse-into-the-past\" class=\"wp-block-heading\">U Pinkas\u016f: Ge\u00e7mi\u015fe Bir Bak\u0131\u015f&nbsp;<\/h3>\n\n\n\n<p>U Pinkas\u016f, 1843 y\u0131l\u0131ndan beri faaliyet g\u00f6steren pop\u00fcler bir \u00c7ek restoran\u0131 ve bira fabrikas\u0131d\u0131r. Rustik ah\u015fap mobilyalar\u0131 ve hikayeli atmosferi sizi zamanda geriye g\u00f6t\u00fcrecektir.<\/p>\n\n\n\n<h3 id=\"u-cerneho-vola-a-centuries-old-gem\" class=\"wp-block-heading\">U \u010cern\u00e9ho Vola: Y\u00fczy\u0131ll\u0131k Bir M\u00fccevher&nbsp;<\/h3>\n\n\n\n<p>Karanl\u0131k, u\u011fursuz atmosferi ve uzun tarihi, 1358 y\u0131l\u0131nda kurulan bu bar\u0131 \u00fcnl\u00fc yapm\u0131\u015ft\u0131r. Burada lezzetli otantik \u00c7ek yiyecek ve i\u00e7eceklerinin tad\u0131n\u0131 \u00e7\u0131kar\u0131n.<\/p>\n\n\n\n<h3 id=\"u-zlateho-tygra-a-bohemian-icon\" class=\"wp-block-heading\">U Zlat\u00e9ho Tygra: Bir Bohem \u0130konu&nbsp;<\/h3>\n\n\n\n<p>Bu bir <a href=\"https:\/\/prague.org\/tr\/pragda-denemeniz-gereken-en-iyi-8-bar\/\">Prag'daki en iyi barlar<\/a> ve 1413'ten beri var olmas\u0131, buray\u0131 bira merakl\u0131lar\u0131 i\u00e7in tarihi bir d\u00f6n\u00fcm noktas\u0131 haline getirmektedir. Sadece tek bir bira (d\u00fcnyaca \u00fcnl\u00fc Pilsner Urquell) servis etmektedir ve yazarlardan politikac\u0131lara kadar herkesi a\u011f\u0131rlam\u0131\u015ft\u0131r.<\/p>\n\n\n\n<h3 id=\"klasterni-pivovar-strahov-a-monastic-tradition\" class=\"wp-block-heading\">Kl\u00e1\u0161tern\u00ed Pivovar Strahov: Bir Manast\u0131r Gelene\u011fi<\/h3>\n\n\n\n<p>Kl\u00e1\u0161tern\u00ed Pivovar Strahov, hem bira \u00fcretim tarihinin hem de modern tasar\u0131m\u0131n en iyi y\u00f6nlerini bir araya getiren bir bira fabrikas\u0131d\u0131r. Bu b\u00fcy\u00fcleyici bira fabrikas\u0131 1628 y\u0131l\u0131ndan bu yana bira \u00fcretmekte ve \u00c7ek Cumhuriyeti'ndeki uzun bira gelene\u011fini s\u00fcrd\u00fcrmektedir.<\/p>\n\n\n\n<p>Bir zamanlar Strahov Manast\u0131r\u0131'n\u0131n bir par\u00e7as\u0131 olan bir yap\u0131da yer almaktad\u0131r, bu nedenle her yudumda manast\u0131r gelene\u011finin bir par\u00e7as\u0131n\u0131 hissedebilirsiniz. Ke\u015fi\u015fler bira yap\u0131m\u0131nda kal\u0131c\u0131 bir miras b\u0131rakm\u0131\u015ft\u0131r ve s\u0131k\u0131 \u00e7al\u0131\u015fmalar\u0131 ve ba\u011fl\u0131l\u0131klar\u0131 her bardakta belirgindir.<\/p>\n\n\n\n<h2 id=\"what-else-to-see-in-prague\" class=\"wp-block-heading\">Prag b\u00f6lgesinde g\u00f6r\u00fclecek ba\u015fka nereler var?<\/h2>\n\n\n\n<p>\u015eehrin en eski barlar\u0131 aras\u0131nda <a href=\"https:\/\/prague.org\/tr\/pragdaki\u0307-en-i\u0307yi\u0307-spor-bari\/\">Prag'\u0131n spor barlar\u0131<\/a> spor fanatikleri i\u00e7in<strong> <\/strong>ku\u015fkusuz \u00f6ne \u00e7\u0131kan \u00f6zelliklerdir, ancak b\u00fcy\u00fcleyici \u015fehrin sunabilece\u011fi \u00e7ok daha fazla \u015fey vard\u0131r.<\/p>\n\n\n\n<p>Prag'\u0131n g\u00fczelli\u011fi, bilinen cazibe merkezleriyle s\u0131n\u0131rl\u0131 de\u011fildir; daha ziyade, \u015fehrin tarihi, sanat\u0131 ve k\u00fclt\u00fcr\u00fcn\u00fcn dinamik bir metropol olu\u015fturmak i\u00e7in bir araya geldi\u011fi \u015fehrin gizli k\u00f6\u015felerinde ve \u00e7atlaklar\u0131nda bulunabilir. Prag, ister tarihe, ister sanata, isterse de sadece yeni yerler ke\u015ffetmeye ilgi duysun, her t\u00fcr turist i\u00e7in e\u015fsiz bir destinasyondur.<\/p>\n\n\n\n<h2 id=\"prague-self-guided-exploration-of-staropramen-brewery-with-tasting-experience\" class=\"wp-block-heading\">Prag: Staropramen Bira Fabrikas\u0131nda Tad\u0131m Deneyimi ile Kendi Kendine Rehberli Ke\u015fif<\/h2>\n\n\n\n<div data-gyg-href=\"https:\/\/widget.getyourguide.com\/default\/activities.frame\" data-gyg-locale-code=\"en-US\" data-gyg-widget=\"activities\" data-gyg-number-of-items=\"1\" data-gyg-partner-id=\"U94OQGQ\" data-gyg-tour-ids=\"285827\"><\/div>\n\n\n\n<p>Prag'\u0131n en \u00f6nde gelen bira \u00fcretim tesisi olan Staropramen Bira Fabrikas\u0131'nda kendi rehberli\u011finizde bir maceraya at\u0131l\u0131n. Kendinizi bu ikonik bira fabrikas\u0131n\u0131n zengin tarihine b\u0131rak\u0131n ve yolculu\u011funuzu ferahlat\u0131c\u0131 bir bira tad\u0131m\u0131 veya se\u00e7ti\u011finiz bir i\u00e7ecekle sonland\u0131r\u0131n. Bira fabrikas\u0131n\u0131n bar\u0131nda nefis bir yeme\u011fin tad\u0131n\u0131 \u00e7\u0131kararak ziyaretinizi geli\u015ftirin.<\/p>\n\n\n\n<h3 id=\"highlights\" class=\"wp-block-heading\">\u00d6nemli Noktalar<\/h3>\n\n\n\n<ol>\n<li>\u00dcnl\u00fc \u00c7ek bira fabrikas\u0131 Staropramen'in i\u00e7 i\u015fleyi\u015fine \u00f6zel eri\u015fim kazan\u0131n.<\/li>\n\n\n\n<li>Se\u00e7ti\u011finiz bir i\u00e7ece\u011fin tad\u0131n\u0131 \u00e7\u0131kar\u0131n veya d\u00f6rt Staropramen \u00e7e\u015fidinden olu\u015fan bir bira tad\u0131m\u0131na kat\u0131l\u0131n.<\/li>\n\n\n\n<li>Prag'\u0131n en b\u00fcy\u00fck bira fabrikas\u0131n\u0131n ard\u0131ndaki b\u00fcy\u00fcleyici tarihi g\u00fcn y\u00fcz\u00fcne \u00e7\u0131kar\u0131n.<\/li>\n\n\n\n<li>Bira fabrikas\u0131n\u0131n bar\u0131nda keyifli bir yeme\u011fin tad\u0131n\u0131 \u00e7\u0131karmak i\u00e7in iste\u011fe ba\u011fl\u0131 f\u0131rsat.<\/li>\n<\/ol>\n\n\n\n<h3 id=\"included\" class=\"wp-block-heading\">Dahil<\/h3>\n\n\n\n<ul>\n<li>Staropramen Bira Fabrikas\u0131'nda interaktif unsurlar i\u00e7eren ilgi \u00e7ekici kendi kendine rehberli tur.<\/li>\n\n\n\n<li>\u00dccretsiz bir i\u00e7ecek veya kapsaml\u0131 bir bira tad\u0131m deneyimi (se\u00e7ti\u011finiz se\u00e7ene\u011fe ba\u011fl\u0131 olarak).<\/li>\n\n\n\n<li>Sayg\u0131n Staropramen barda garantili rezervasyon.<\/li>\n\n\n\n<li>Nefis yemek (se\u00e7ti\u011finiz se\u00e7ene\u011fe ba\u011fl\u0131 olarak).<\/li>\n<\/ul>\n\n\n\n<div class=\"wp-block-buttons is-layout-flex wp-block-buttons-is-layout-flex\">\n<div class=\"wp-block-button is-style-cs-button-block\"><a class=\"wp-block-button__link wp-element-button\" href=\"https:\/\/www.getyourguide.com\/staropramen-brewery-l113697\/prague-staropramen-brewery-tour-with-beer-tasting-t285827\/?partner_id=U94OQGQ&amp;utm_medium=online_publisher\" rel=\"nofollow noopener\">\u2192 Kendi rehberinizle Staropramen Bira Fabrikas\u0131 turunuzu rezerve edin<\/a><\/div>\n<\/div>\n\n\n\n<div class=\"wp-block-group is-layout-constrained wp-block-group-is-layout-constrained\"><div class=\"wp-block-group__inner-container\">\n<h2 id=\"faq\" class=\"cnvs-block-section-heading cnvs-block-section-heading-1710856516628 is-style-cnvs-block-section-heading-2 halignleft\" >\n\t<span class=\"cnvs-section-title\">\n\t\t<span>SSS<\/span>\n\t<\/span>\n<\/h2>\n\n\n\n<div class=\"cnvs-block-collapsibles cnvs-block-collapsibles-1710856446798 cnvs-block-collapsibles-5\" >\n\t\n<div class=\"cnvs-block-collapsible cnvs-block-collapsible-1710856446894 cnvs-block-collapsible-opened\" >\n\t<div class=\"cnvs-block-collapsible-title\">\n\t\t<h6 id=\"what-are-the-operating-hours-of-these-oldest-bars-in-prague\" class=\"cnvs-block-collapsible-heading\">\n\t\t\t<a href=\"#\">Prag'daki bu en eski barlar\u0131n \u00e7al\u0131\u015fma saatleri nedir?<\/a>\n\t\t<\/h6>\n\t<\/div>\n\t<div class=\"cnvs-block-collapsible-content\">\n\t\t\n\n<p>Prag'daki en eski barlar genellikle sabah 11 veya \u00f6\u011flen saatlerinde a\u00e7\u0131l\u0131r ve \u00f6zellikle hafta sonlar\u0131 gece ge\u00e7 saatlere kadar kapan\u0131r. Kesin a\u00e7\u0131l\u0131\u015f saatleri i\u00e7in do\u011frudan <a href=\"https:\/\/prague.org\/tr\/pragda-denemeniz-gereken-en-iyi-8-bar\/\" data-type=\"link\" data-id=\"https:\/\/prague.org\/top-8-bars-in-prague-you-have-to-try\/\">her \u00e7ubuk<\/a> saatler de\u011fi\u015febilir.<\/p>\n\n\t<\/div>\n<\/div>\n\n\n<div class=\"cnvs-block-collapsible cnvs-block-collapsible-1710856446899 cnvs-block-collapsible-opened\" >\n\t<div class=\"cnvs-block-collapsible-title\">\n\t\t<h6 id=\"are-there-any-entry-fees-or-reservations-required-to-visit-these-historic-bars\" class=\"cnvs-block-collapsible-heading\">\n\t\t\t<a href=\"#\">Bu tarihi barlar\u0131 ziyaret etmek i\u00e7in herhangi bir giri\u015f \u00fccreti veya rezervasyon gerekiyor mu?<\/a>\n\t\t<\/h6>\n\t<\/div>\n\t<div class=\"cnvs-block-collapsible-content\">\n\t\t\n\n<p>Tipik olarak, bu barlar\u0131 ziyaret etmek i\u00e7in giri\u015f \u00fccreti yoktur ve ziyaret\u00e7iler genellikle i\u00e7eri girebilirler. Ancak, pop\u00fclerlikleri nedeniyle, \u00f6zellikle hafta sonlar\u0131 veya turizm sezonu gibi yo\u011fun zamanlarda rezervasyon yapt\u0131rmak ak\u0131ll\u0131ca olabilir.<\/p>\n\n\t<\/div>\n<\/div>\n\n\n<div class=\"cnvs-block-collapsible cnvs-block-collapsible-1710856454072 cnvs-block-collapsible-opened\" >\n\t<div class=\"cnvs-block-collapsible-title\">\n\t\t<h6 id=\"do-these-bars-offer-any-special-events-or-themed-nights-that-highlight-their-historical-significance\" class=\"cnvs-block-collapsible-heading\">\n\t\t\t<a href=\"#\">Bu barlar, tarihi \u00f6nemlerini vurgulayan \u00f6zel etkinlikler veya temal\u0131 geceler sunuyor mu?<\/a>\n\t\t<\/h6>\n\t<\/div>\n\t<div class=\"cnvs-block-collapsible-content\">\n\t\t\n\n<p>Evet, bu barlar\u0131n \u00e7o\u011fu <a href=\"https:\/\/www.getyourguide.com\/prague-l10\/shot-experience-t465312\/?ranking_uuid=75977df3-2290-4a53-8666-9ae5acf4abe2\" data-type=\"link\" data-id=\"https:\/\/www.getyourguide.com\/prague-l10\/shot-experience-t465312\/?ranking_uuid=75977df3-2290-4a53-8666-9ae5acf4abe2\" rel=\"nofollow noopener\">\u00f6zel etki\u0307nli\u0307kler<\/a> veya geleneksel \u00c7ek ak\u015famlar\u0131, canl\u0131 m\u00fczik seanslar\u0131 veya bira tad\u0131mlar\u0131 gibi tarihlerini kutlayan temal\u0131 geceler d\u00fczenlemektedir. Bu etkinlikler genellikle web sitelerinde veya sosyal medya kanallar\u0131nda listelenmektedir.<\/p>\n\n\t<\/div>\n<\/div>\n\n\n<div class=\"cnvs-block-collapsible cnvs-block-collapsible-1710856454237 cnvs-block-collapsible-opened\" >\n\t<div class=\"cnvs-block-collapsible-title\">\n\t\t<h6 id=\"what-are-the-food-options-available-at-these-bars-especially-for-vegetarians-or-those-with-dietary-restrictions\" class=\"cnvs-block-collapsible-heading\">\n\t\t\t<a href=\"#\">Bu barlarda, \u00f6zellikle vejetaryenler veya diyet k\u0131s\u0131tlamalar\u0131 olanlar i\u00e7in ne gibi yiyecek se\u00e7enekleri mevcut?<\/a>\n\t\t<\/h6>\n\t<\/div>\n\t<div class=\"cnvs-block-collapsible-content\">\n\t\t\n\n<p>Bir yandan <a href=\"https:\/\/prague.org\/tr\/a-complete-guide-to-the-czech-food-culture\/\" data-type=\"link\" data-id=\"https:\/\/prague.org\/a-complete-guide-to-the-czech-food-culture\/\">geleneksel \u00c7ek mutfa\u011f\u0131<\/a> Bu barlarda sunulan yemekler et a\u011f\u0131rl\u0131kl\u0131 olma e\u011filimindedir, ancak \u00e7o\u011fu i\u015fletme art\u0131k vejetaryen se\u00e7enekler sunmakta ve di\u011fer diyet k\u0131s\u0131tlamalar\u0131n\u0131 kar\u015f\u0131layabilmektedir. Ziyaret etmeden \u00f6nce men\u00fcye \u00e7evrimi\u00e7i olarak bakmak veya personele diyet konaklamalar\u0131 hakk\u0131nda bilgi almak iyi bir fikirdir.<\/p>\n\n\t<\/div>\n<\/div>\n\n\n<div class=\"cnvs-block-collapsible cnvs-block-collapsible-1710856454377 cnvs-block-collapsible-opened\" >\n\t<div class=\"cnvs-block-collapsible-title\">\n\t\t<h6 id=\"how-accessible-are-these-bars-for-visitors-with-mobility-issues\" class=\"cnvs-block-collapsible-heading\">\n\t\t\t<a href=\"#\">Bu barlar hareketlilik sorunlar\u0131 olan ziyaret\u00e7iler i\u00e7in ne kadar eri\u015filebilir?<\/a>\n\t\t<\/h6>\n\t<\/div>\n\t<div class=\"cnvs-block-collapsible-content\">\n\t\t\n\n<p>Baz\u0131 tarihi barlar \u015fu konularda zorluklarla kar\u015f\u0131la\u015fabilir <a href=\"https:\/\/prague.org\/tr\/prag-engelli-ziyaretciler-kilavuzu\/\" data-type=\"link\" data-id=\"https:\/\/prague.org\/prague-guide-for-disabled-visitors\/\">eri\u015filebilirlik<\/a> dar kap\u0131lar veya basamaklar gibi \u00f6zellikler nedeniyle. Bununla birlikte, bir\u00e7o\u011fu eri\u015fimi iyile\u015ftirmek i\u00e7in geli\u015ftirmeler yapm\u0131\u015ft\u0131r. \u00d6zel kolayl\u0131klar\u0131 teyit etmek i\u00e7in do\u011frudan barlarla ileti\u015fime ge\u00e7meniz tavsiye edilir.<\/p>\n\n\t<\/div>\n<\/div>\n\n<\/div>\n<\/div><\/div>\n\n\n\n<div data-gyg-href=\"https:\/\/widget.getyourguide.com\/default\/city.frame\" data-gyg-location-id=\"10\" data-gyg-locale-code=\"en-US\" data-gyg-widget=\"city\" data-gyg-partner-id=\"U94OQGQ\"><\/div>","protected":false},"excerpt":{"rendered":"Prag'\u0131n en eski bar\u0131na girer girmez, \u015fehrin bir\u00e7ok g\u00fczelli\u011finin tad\u0131n\u0131 \u00e7\u0131karabileceksiniz...","protected":false},"author":2,"featured_media":11652,"comment_status":"closed","ping_status":"closed","sticky":false,"template":"","format":"standard","meta":{"footnotes":""},"categories":[17,204,206],"tags":[49],"table_tags":[],"_links":{"self":[{"href":"https:\/\/prague.org\/tr\/wp-json\/wp\/v2\/posts\/11633"}],"collection":[{"href":"https:\/\/prague.org\/tr\/wp-json\/wp\/v2\/posts"}],"about":[{"href":"https:\/\/prague.org\/tr\/wp-json\/wp\/v2\/types\/post"}],"author":[{"embeddable":true,"href":"https:\/\/prague.org\/tr\/wp-json\/wp\/v2\/users\/2"}],"replies":[{"embeddable":true,"href":"https:\/\/prague.org\/tr\/wp-json\/wp\/v2\/comments?post=11633"}],"version-history":[{"count":7,"href":"https:\/\/prague.org\/tr\/wp-json\/wp\/v2\/posts\/11633\/revisions"}],"predecessor-version":[{"id":13289,"href":"https:\/\/prague.org\/tr\/wp-json\/wp\/v2\/posts\/11633\/revisions\/13289"}],"wp:featuredmedia":[{"embeddable":true,"href":"https:\/\/prague.org\/tr\/wp-json\/wp\/v2\/media\/11652"}],"wp:attachment":[{"href":"https:\/\/prague.org\/tr\/wp-json\/wp\/v2\/media?parent=11633"}],"wp:term":[{"taxonomy":"category","embeddable":true,"href":"https:\/\/prague.org\/tr\/wp-json\/wp\/v2\/categories?post=11633"},{"taxonomy":"post_tag","embeddable":true,"href":"https:\/\/prague.org\/tr\/wp-json\/wp\/v2\/tags?post=11633"},{"taxonomy":"table_tags","embeddable":true,"href":"https:\/\/prague.org\/tr\/wp-json\/wp\/v2\/table_tags?post=11633"}],"curies":[{"name":"wp","href":"https:\/\/api.w.org\/{rel}","templated":true}]}}