{"id":11702,"date":"2023-10-20T16:54:25","date_gmt":"2023-10-20T14:54:25","guid":{"rendered":"https:\/\/prague.org\/?p=11702"},"modified":"2023-11-10T12:14:53","modified_gmt":"2023-11-10T10:14:53","slug":"what-is-the-time-in-prague","status":"publish","type":"post","link":"https:\/\/prague.org\/tr\/pragda-saat-kac\/","title":{"rendered":"Prag'da Saat Ka\u00e7: \u00c7ek Cumhuriyeti'nde G\u00fcncel Saati Ke\u015ffedin"},"content":{"rendered":"<p>Bilmek <strong>Prag'da saat ka\u00e7<\/strong> \u015fehri ziyaret etmek i\u00e7in planlar yap\u0131yorsan\u0131z veya i\u015f arkada\u015flar\u0131n\u0131zla koordinasyon sa\u011flaman\u0131z gerekiyorsa \u00e7ok \u00f6nemlidir. Bu Orta Avrupa m\u00fccevherinin tarihi, mimarisi ve insanlar\u0131 ger\u00e7ekten dikkate de\u011ferdir. Bilin <strong>Prag'da saat ka\u00e7<\/strong> B\u00f6ylece \u015fehirdeki zaman\u0131n\u0131z\u0131 m\u00fcmk\u00fcn olan en iyi \u015fekilde de\u011ferlendirebilirsiniz.<\/p>\n\n\n\n<p>\u0130ster buran\u0131n yerlisi, ister ziyaret\u00e7isi, isterse i\u015f insan\u0131 olun, her zaman <strong>Prag'da zaman<\/strong> programa uymak, etrafta dola\u015fmak, bilmek i\u00e7in \u00e7ok \u00f6nemlidir.<a href=\"https:\/\/prague.org\/tr\/laheyde-hava-durumu\/\"> Prag'da havan\u0131n nas\u0131l oldu\u011funu,<\/a> ve d\u00fcnyan\u0131n geri kalan\u0131yla ileti\u015fimde kalmak. Bu \u00e7arp\u0131c\u0131 Avrupa \u015fehrinde ge\u00e7irdi\u011finiz zaman\u0131 en iyi \u015fekilde de\u011ferlendirmenize ve Prag seyahatinizi ge\u00e7ici bir ilgiden daha fazlas\u0131na d\u00f6n\u00fc\u015ft\u00fcrmenize yard\u0131mc\u0131 olacakt\u0131r.<\/p>\n\n\n\n<p>Bug\u00fcnlerde, zahmetsizce a\u015fa\u011f\u0131dakilerle senkronize olun <strong>Prag saati<\/strong> \u00c7o\u011fu ak\u0131ll\u0131 telefon, tablet ve bilgisayar otomatik olarak yerel saate ayarland\u0131\u011f\u0131ndan, tercih etti\u011finiz ak\u0131ll\u0131 cihaz arac\u0131l\u0131\u011f\u0131yla. \u0130ster web ara\u00e7lar\u0131na, ister ak\u0131ll\u0131 telefon uygulamalar\u0131na, ister duvar saatleri ve kol saatleri gibi geleneksel y\u00f6ntemlere g\u00fcveniyor olun, \"Prag'da Saat Ka\u00e7?\" \u00c7ek Cumhuriyeti'nde ge\u00e7erli saati ke\u015ffetmenizi sa\u011flarken, temel <a href=\"https:\/\/prague.org\/tr\/cek-cumhuriyeti-kodlu-telefon\/\" data-type=\"link\" data-id=\"https:\/\/prague.org\/czech-republic-code-phone\/\">\u00c7ekya'y\u0131 aramak i\u00e7in arama kodu<\/a>.<\/p>\n\n\n\n<h2 id=\"what-is-the-time-zone-of-prague\" class=\"wp-block-heading\">Prag'\u0131n saat dilimi nedir?<\/h2>\n\n\n\n<figure class=\"wp-block-image size-large\"><img decoding=\"async\" width=\"1024\" height=\"683\" src=\"https:\/\/prague.org\/wp-content\/uploads\/2023\/10\/luke-chesser-rCOWMC8qf8A-unsplash-1-1-1024x683.jpg\" alt=\"Prag&#039;da Zaman\" class=\"wp-image-11704\" srcset=\"https:\/\/prague.org\/wp-content\/uploads\/2023\/10\/luke-chesser-rCOWMC8qf8A-unsplash-1-1-1024x683.jpg 1024w, https:\/\/prague.org\/wp-content\/uploads\/2023\/10\/luke-chesser-rCOWMC8qf8A-unsplash-1-1-300x200.jpg 300w, https:\/\/prague.org\/wp-content\/uploads\/2023\/10\/luke-chesser-rCOWMC8qf8A-unsplash-1-1-768x512.jpg 768w, https:\/\/prague.org\/wp-content\/uploads\/2023\/10\/luke-chesser-rCOWMC8qf8A-unsplash-1-1-1536x1024.jpg 1536w, https:\/\/prague.org\/wp-content\/uploads\/2023\/10\/luke-chesser-rCOWMC8qf8A-unsplash-1-1-2048x1365.jpg 2048w, https:\/\/prague.org\/wp-content\/uploads\/2023\/10\/luke-chesser-rCOWMC8qf8A-unsplash-1-1-18x12.jpg 18w, https:\/\/prague.org\/wp-content\/uploads\/2023\/10\/luke-chesser-rCOWMC8qf8A-unsplash-1-1-380x253.jpg 380w, https:\/\/prague.org\/wp-content\/uploads\/2023\/10\/luke-chesser-rCOWMC8qf8A-unsplash-1-1-800x533.jpg 800w, https:\/\/prague.org\/wp-content\/uploads\/2023\/10\/luke-chesser-rCOWMC8qf8A-unsplash-1-1-1160x773.jpg 1160w, https:\/\/prague.org\/wp-content\/uploads\/2023\/10\/luke-chesser-rCOWMC8qf8A-unsplash-1-1-600x400.jpg 600w, https:\/\/prague.org\/wp-content\/uploads\/2023\/10\/luke-chesser-rCOWMC8qf8A-unsplash-1-1-scaled.jpg 2560w\" sizes=\"(max-width: 1024px) 100vw, 1024px\" \/><figcaption class=\"wp-element-caption\">Prag'da Zaman<\/figcaption><\/figure>\n\n\n\n<p>Avrupa'daki merkezi konumu nedeniyle \u00c7ek Cumhuriyeti, DST'nin y\u00fcr\u00fcrl\u00fckte olmad\u0131\u011f\u0131 zamanlarda Orta Avrupa Saati'ni (CET) uygular. Yaz saati uygulamas\u0131 (DST) s\u0131ras\u0131nda geceleri ekstra \u0131\u015f\u0131ktan yararlanmak i\u00e7in \u00fclke, Mart ay\u0131n\u0131n son Pazar g\u00fcn\u00fcnden Ekim ay\u0131n\u0131n son Pazar g\u00fcn\u00fcne kadar Orta Avrupa Yaz Saatine (CEST) ge\u00e7er. Prag bu de\u011fi\u015fikli\u011fi yaparak, verimlili\u011fi en \u00fcst d\u00fczeye \u00e7\u0131karmak i\u00e7in bu yakla\u015f\u0131m\u0131 izleyen d\u00fcnyan\u0131n geri kalan\u0131yla senkronize olmaya devam ediyor.<\/p>\n\n\n\n<p>Prag, \u00c7ek Cumhuriyeti'nin ba\u015fkenti ve en b\u00fcy\u00fck \u015fehri oldu\u011fu i\u00e7in \u00fclkenin geri kalan\u0131yla ayn\u0131 saat dilimini kullan\u0131r. Bilmek \u00f6nemlidir <strong>\u00c7ek Cumhuriyeti'nde saat ka\u00e7<\/strong> \u0130ster tarihi yerleri ziyaret edin, ister i\u015f yap\u0131n ya da sadece \u015fehrin k\u00fclt\u00fcrel olanaklar\u0131ndan faydalan\u0131n. <a href=\"https:\/\/prague.org\/tr\/ekim-ayinda-pragda-hava-neye-benzer\/\">Ekim ay\u0131nda hava durumu<\/a> \u00f6zellikle bu ay bir seyahat planl\u0131yorsan\u0131z \u00e7ok \u00f6nemlidir.<\/p>\n\n\n\n<h2 id=\"what-time-is-it-in-prague-czech-republic-prague-time-now\" class=\"wp-block-heading\">Prag, \u00c7ek Cumhuriyeti - Prag'da \u015fu anda saat ka\u00e7?<\/h2>\n\n\n\n\n\t\t\t\t\n\t\t\t\t<div class=\"mx-localize-time\">\n\n\t\t\t\t\t\t\t\t\t\n\t\t\t\t\t\t<div class='mx-clock-europe-prague492 mx-clock-live-el'\n\t\t\t\t\t\t\tdata-bg-img-url='https:\/\/prague.org\/wp-content\/plugins\/mx-time-zone-clocks\/includes\/admin\/assets\/img\/clock-face21.png'\n\t\t\t\t\t\t\tdata-time_zone='Europe\/Prague'\n\t\t\t\t\t\t\tdata-city_name='Prague'\n\t\t\t\t\t\t\tdata-date_format='24'\n\t\t\t\t\t\t\tdata-digital_clock='false'\n\t\t\t\t\t\t\tdata-lang='en'\n\t\t\t\t\t\t\tdata-lang_for_date='en'\n\t\t\t\t\t\t\tdata-show_days='true'\n\t\t\t\t\t\t\tdata-showsecondhand='true'\n\t\t\t\t\t\t\tdata-arrow_type='classical'\n\t\t\t\t\t\t\tdata-super_simple='false'\n\t\t\t\t\t\t\tdata-arrows_color='white'\n\t\t\t\t\t\t><\/div>\n\n\t\t\t\t\t\n\t\t\t\t<\/div>\n\n\t\t\t\n\n\n\n<p>Avrupa'n\u0131n ortas\u0131nda yer alan \u00c7ek Cumhuriyeti bat\u0131da Almanya, g\u00fcneyde Avusturya, do\u011fuda Slovakya ve kuzeydo\u011fuda Polonya ile s\u0131n\u0131r kom\u015fusudur. \u00dclkenin ba\u015fkenti Prag, Bohemya Havzas\u0131'n\u0131n kalbinde, Frankfurt ya da Paris ile yakla\u015f\u0131k ayn\u0131 enlemde yer almaktad\u0131r. Elbette fiziksel konumu zaman standard\u0131n\u0131n belirlenmesinde belirleyici bir fakt\u00f6rd\u00fcr.<\/p>\n\n\n\n<p>L\u00fctfen yerel makamlar\u0131n<strong> Prag'da zaman<\/strong>\u00c7ek Cumhuriyeti'nde Orta Avrupa Standart Saati veya Orta Avrupa Yaz Saati uygulanmaktad\u0131r. Ayr\u0131ca, 24 saatlik format 12 saatlik formattan daha yayg\u0131nd\u0131r. Bu nedenle, \"a.m. \/ p.m.\" y\u00f6ntemine al\u0131\u015fk\u0131nsan\u0131z, at\u0131lma konusunda endi\u015felenmeyin. 24 saatlik sistemde, \u00f6\u011fleden sonra 1, 13:00 ve sabah 1, 01:00 olur.<\/p>\n\n\n\n<div data-gyg-href=\"https:\/\/widget.getyourguide.com\/default\/city.frame\" data-gyg-location-id=\"10\" data-gyg-locale-code=\"en-US\" data-gyg-widget=\"city\" data-gyg-partner-id=\"U94OQGQ\"><\/div>","protected":false},"excerpt":{"rendered":"Prag'da saatin ka\u00e7 oldu\u011funu bilmek, \u015fehri ziyaret etmek i\u00e7in planlar yap\u0131yorsan\u0131z veya...","protected":false},"author":2,"featured_media":11703,"comment_status":"closed","ping_status":"closed","sticky":false,"template":"","format":"standard","meta":{"footnotes":""},"categories":[204,14,46],"tags":[49],"table_tags":[],"_links":{"self":[{"href":"https:\/\/prague.org\/tr\/wp-json\/wp\/v2\/posts\/11702"}],"collection":[{"href":"https:\/\/prague.org\/tr\/wp-json\/wp\/v2\/posts"}],"about":[{"href":"https:\/\/prague.org\/tr\/wp-json\/wp\/v2\/types\/post"}],"author":[{"embeddable":true,"href":"https:\/\/prague.org\/tr\/wp-json\/wp\/v2\/users\/2"}],"replies":[{"embeddable":true,"href":"https:\/\/prague.org\/tr\/wp-json\/wp\/v2\/comments?post=11702"}],"version-history":[{"count":8,"href":"https:\/\/prague.org\/tr\/wp-json\/wp\/v2\/posts\/11702\/revisions"}],"predecessor-version":[{"id":12017,"href":"https:\/\/prague.org\/tr\/wp-json\/wp\/v2\/posts\/11702\/revisions\/12017"}],"wp:featuredmedia":[{"embeddable":true,"href":"https:\/\/prague.org\/tr\/wp-json\/wp\/v2\/media\/11703"}],"wp:attachment":[{"href":"https:\/\/prague.org\/tr\/wp-json\/wp\/v2\/media?parent=11702"}],"wp:term":[{"taxonomy":"category","embeddable":true,"href":"https:\/\/prague.org\/tr\/wp-json\/wp\/v2\/categories?post=11702"},{"taxonomy":"post_tag","embeddable":true,"href":"https:\/\/prague.org\/tr\/wp-json\/wp\/v2\/tags?post=11702"},{"taxonomy":"table_tags","embeddable":true,"href":"https:\/\/prague.org\/tr\/wp-json\/wp\/v2\/table_tags?post=11702"}],"curies":[{"name":"wp","href":"https:\/\/api.w.org\/{rel}","templated":true}]}}