{"id":11769,"date":"2023-10-24T08:31:36","date_gmt":"2023-10-24T06:31:36","guid":{"rendered":"https:\/\/prague.org\/?p=11769"},"modified":"2023-10-24T10:39:45","modified_gmt":"2023-10-24T08:39:45","slug":"bedrich-smetana-famous-works","status":"publish","type":"post","link":"https:\/\/prague.org\/tr\/bedrich-smetana-unlu-eserleri\/","title":{"rendered":"Bed\u0159ich Smetana'n\u0131n \u00dcnl\u00fc Eserleri: Ma Vlast ve Moldau'nun Ard\u0131ndaki Maestro"},"content":{"rendered":"<p>\u00c7ek m\u00fczik ustas\u0131<strong> Bedrich Smetana \u00fcnl\u00fc eserleri<\/strong> Klasik m\u00fczik d\u00fcnyas\u0131 \u00fczerinde belirgin bir etki b\u0131rakm\u0131\u015f ve \"M\u00e1 Vlast\" ve \"The Moldau\" gibi en tan\u0131nm\u0131\u015f eserleri bug\u00fcn hala icra edilmekte ve be\u011fenilmektedir. G\u00f6lgelerden \u00e7\u0131kan m\u00fczik dehas\u0131 <strong>Bedrich Smetana \u00fcnl\u00fc eserleri<\/strong> gelecek nesiller i\u00e7in ulusal gururun ve ilham\u0131n bir simgesi olarak ya\u015fayacakt\u0131r.<\/p>\n\n\n\n<p>Romantik milliyet\u00e7ilik d\u00f6nemi, Smetana'n\u0131n klasik m\u00fczi\u011fe en verimli katk\u0131lar\u0131n\u0131 yapt\u0131\u011f\u0131 d\u00f6neme denk gelir. \u00d6zellikle Avusturya \u0130mparatorlu\u011fu'nun bir par\u00e7as\u0131 olan Bohemya gibi yabanc\u0131 y\u00f6netim alt\u0131ndaki b\u00f6lgelerde, bu d\u00f6nem ulusal kimlik ve gururun r\u00f6nesans\u0131 ile ay\u0131rt edildi. Smetana, \u00c7ek ulusal m\u00fccadelesinin ate\u015fli bir destek\u00e7isiydi ve m\u00fczi\u011fi \u00c7ek halk\u0131n\u0131n k\u00fclt\u00fcrel ideallerini dile getirebildi\u011fi bir ara\u00e7 haline geldi.<\/p>\n\n\n\n<p>Bedich Smetana \u00c7ek m\u00fczi\u011fi \u00fczerinde hesaplanamaz bir etki yaratt\u0131 ve eserleri art\u0131k tarihsel d\u00f6nem veya ulusal k\u00f6kene g\u00f6re kategorize edilmeye meydan okuyan evrensel bir \u00e7ekicili\u011fe ula\u015ft\u0131.<\/p>\n\n\n\n<h2 id=\"bedrich-smetana-pronunciation-how-to-say-his-name-correctly\" class=\"wp-block-heading\">Bedrich Smetana Telaffuz: \u0130smi Nas\u0131l Do\u011fru S\u00f6ylenir&nbsp;<\/h2>\n\n\n\n<p><strong>Bedrich Smetana<\/strong> tan\u0131nm\u0131\u015f bir \u00c7ek besteciydi, ancak isminin telaffuzu \u00c7ek olmayanlar i\u00e7in zor olabilir. \u0130\u015fte ismini do\u011fru telaffuz etmek i\u00e7in bir rehber:<\/p>\n\n\n\n<p><strong>Bed\u0159ich<\/strong>:<\/p>\n\n\n\n<p>\"Yatak\" kelimesi \"k\u0131rm\u0131z\u0131\" ile kafiyeli.<\/p>\n\n\n\n<p>\"\u0159ich\", \"reech\" ile benzer \u015fekilde telaffuz edilir, \"\" ise \"\u0159\" veya \"\u0159eka\" olarak bilinen ve yumu\u015fak bir \"r\" olarak duyulan ay\u0131rt edici bir \u00c7ek harfidir ve ard\u0131ndan \"eech\" gelir.<\/p>\n\n\n\n<p>Sonu\u00e7 olarak, \"Bed\u0159ich\" \"bed-reech\" olarak telaffuz edilir.<\/p>\n\n\n\n<p><strong>Smetana<\/strong>:<\/p>\n\n\n\n<p>\"Sme\", \"smay \"e benzer \u015fekilde telaffuz edilir ve \"e\" harfi \"let \"teki \"e\" harfine benzer \u015fekilde ses \u00e7\u0131kar\u0131r.<\/p>\n\n\n\n<p>\"Ta\" harfi \"tah\" olarak telaffuz edilir, \"a\" harfi ise \"car\" da oldu\u011fu gibi \"ah\" olarak telaffuz edilir.<\/p>\n\n\n\n<p>\"Na\" kelimesi \"nah\" olarak telaffuz edilir.<\/p>\n\n\n\n<p>Sonu\u00e7 olarak, \"Smetana\" \"smay-tah-nah\" olarak telaffuz edilir.<\/p>\n\n\n\n<p>Her \u015feyi bir araya getiriyorum, <strong>Bed\u0159ich Smetana telaffuz<\/strong> \"bed-reech smay-tah-nah.\"<\/p>\n\n\n\n<p>\u00c7ek dilinin, net \u0130ngilizce kar\u015f\u0131l\u0131klar\u0131 olmayan farkl\u0131 sesler ve karakterler i\u00e7erdi\u011fini unutmay\u0131n, bu nedenle telaffuz biraz pratik gerektirebilir.<\/p>\n\n\n\n<h2 id=\"bedrich-smetana-a-brief-biography\" class=\"wp-block-heading\">Bedrich Smetana: K\u0131sa Bir Biyografi&nbsp;<\/h2>\n\n\n\n<p>G\u00f6re <strong>Bedrich Smetana biyografisi,<\/strong> 2 Mart 1824'te, o zamanlar Bohemya Krall\u0131\u011f\u0131'na ba\u011fl\u0131 olan ancak bug\u00fcn \u00c7ek Cumhuriyeti'nde bulunan k\u00fc\u00e7\u00fck Litomy\u0161l kasabas\u0131nda do\u011fdu. Smetana'n\u0131n ola\u011fan\u00fcst\u00fc m\u00fczik yetene\u011fi \u00e7ocuklu\u011fundan itibaren kendini belli ediyordu. Franti\u0161ek Smetana'n\u0131n amat\u00f6r bir kemanc\u0131 ve bira \u00fcreticisi olan babas\u0131, o\u011flunun yetene\u011fini gen\u00e7 ya\u015fta fark etti ve onu bu yetene\u011fin pe\u015finden gitmeye itti.<\/p>\n\n\n\n<p>Smetana \u00fcnl\u00fc bir besteci olma yolunda bir\u00e7ok engelle kar\u015f\u0131la\u015ft\u0131. \u0130\u015fitme sorunu ya\u015fad\u0131 ve kariyerinin k\u0131sa bir d\u00f6neminde sa\u011f\u0131r oldu, bu da m\u00fczi\u011fe olan ba\u011fl\u0131l\u0131\u011f\u0131n\u0131 daha da derinle\u015ftirdi. Zaman\u0131n\u0131n bir\u00e7ok \u00f6nemli m\u00fczisyeninin \u00f6\u011frencisi olan Smetana, sonunda Prag'a yerle\u015fti ve burada piyanist, orkestra \u015fefi ve yazar olarak ad\u0131n\u0131 duyurdu.<\/p>\n\n\n\n<h2 id=\"bedrich-smetana-the-life-and-music-of-a-czech-composer\" class=\"wp-block-heading\">Bedrich Smetana: Bir \u00c7ek Bestecinin Hayat\u0131 ve M\u00fczi\u011fi<\/h2>\n\n\n\n<p><strong>Bedrich Smetana m\u00fczi\u011fi<\/strong> H\u0131rs onu \u00c7ek Cumhuriyeti'nin b\u00fcy\u00fcleyici ba\u015fkenti ve sanatsal faaliyetlerin hareketli merkezi olan Prag'a g\u00f6t\u00fcrd\u00fc. M\u00fczik \u00e7al\u0131\u015fmalar\u0131na kendini kapt\u0131rd\u0131\u011f\u0131 ve \u015fehrin geli\u015fen k\u00fclt\u00fcrel ortam\u0131n\u0131 memnuniyetle kar\u015f\u0131lad\u0131\u011f\u0131 bu de\u011fi\u015fim hayat\u0131nda bir d\u00f6n\u00fcm noktas\u0131 oldu.&nbsp;<\/p>\n\n\n\n<p>Smetana, Prag'da piyanist, orkestra \u015fefi ve e\u011fitmen olarak sahne al\u0131rken ayn\u0131 zamanda kendi bestelerini m\u00fckemmelle\u015ftirmek i\u00e7in say\u0131s\u0131z saatler harcayarak bir m\u00fczisyen olarak b\u00fcy\u00fcd\u00fc.<\/p>\n\n\n\n<h2 id=\"bedrich-smetanas-ma-vlast-an-in-depth-analysis-of-vltava-my-country\" class=\"wp-block-heading\">Bedrich Smetana'n\u0131n Ma Vlast'\u0131: Vltava - '\u00dclkem' \u00dczerine Derinlemesine Bir Analiz&nbsp;<\/h2>\n\n\n\n<p><strong>&nbsp;Bedrich Smetana'dan \"Ma Vlast\" ve \"Vltava\"<\/strong> dehas\u0131n\u0131 ve \u00c7ek m\u00fczik gelene\u011fini \u00f6zetleyen en \u00fcnl\u00fc ve kal\u0131c\u0131 bestelerinden ikisidir.<a href=\"https:\/\/prague.org\/tr\/pragdaki\u0307-en-i\u0307yi\u0307-klasi\u0307k-muzi\u0307k-konserleri\u0307\/\"> Prag'daki en iyi klasik mekanlar<\/a>.<\/p>\n\n\n\n<h3 id=\"ma-vlast-my-homeland\" class=\"wp-block-heading\">\"Ma Vlast\" - Vatan\u0131m<\/h3>\n\n\n\n<p><strong>Bedrich Smetana'n\u0131n Benim \u00dclkem (<\/strong>\"Ma Vlast\"), \u00c7ek Cumhuriyeti'nin \u00e7e\u015fitli k\u00fclt\u00fcr ve manzaralar\u0131n\u0131 tasvir etmeye olan ba\u011fl\u0131l\u0131\u011f\u0131n\u0131 \u00f6zetleyen alt\u0131 senfonik \u015fiirden olu\u015fan bir dizidir. \"Ma Vlast \"\u0131 olu\u015fturan alt\u0131 eserin her biri \u00c7ek k\u00fclt\u00fcr\u00fc ve tarihinin farkl\u0131 bir y\u00f6n\u00fcne sayg\u0131 duru\u015funda bulunuyor. Ayn\u0131 ad\u0131 ta\u015f\u0131yan Prag tepesinden esinlenen \"Vy\u0161ehrad\" ve Hussite Sava\u015flar\u0131'na at\u0131fta bulunan \"T\u00e1bor\" gibi par\u00e7alar var.<\/p>\n\n\n\n<p>\u00c7ek halk\u0131n\u0131n ruhu ve anavatanlar\u0131na olan ba\u011fl\u0131l\u0131klar\u0131 Smetana taraf\u0131ndan bestelenen \"Ma Vlast\" adl\u0131 eserde \u00e7ok g\u00fczel bir \u015fekilde yans\u0131t\u0131lm\u0131\u015ft\u0131r.<\/p>\n\n\n\n<h3 id=\"the-moldau-a-journey-down-the-river\" class=\"wp-block-heading\">\"Moldau\" - Nehirde Bir Yolculuk<\/h3>\n\n\n\n<p>\"Ma Vlast \"tan \"Moldau\" (\u00c7ek\u00e7e Vltava) klasik m\u00fczi\u011fin en tan\u0131nm\u0131\u015f par\u00e7alar\u0131ndan biridir. Moldau, Bohemya k\u0131rsal\u0131nda k\u0131vr\u0131la k\u0131vr\u0131la ilerleyen ve \u00c7ek Cumhuriyeti'nin en uzun nehri olan Vltava Nehri'nin m\u00fczikal bir alegorisidir. Eser, da\u011fl\u0131k ba\u015flang\u0131c\u0131ndan itibaren nehrin orman ve \u00e7ay\u0131rlardan ge\u00e7erek, \u015firin kasabalar\u0131 ve heybetli kaleleri a\u015farak ve sonunda Elbe Nehri ile muhte\u015fem bir evlilik yaparak ilerleyi\u015fini takip eder.&nbsp;<\/p>\n\n\n\n<p>Smetana'n\u0131n canl\u0131 orkestrasyonu ve lirik anlat\u0131m\u0131 sayesinde \"Moldau\" sadece \u00c7ekler aras\u0131nda de\u011fil, do\u011faya ve suyun ak\u0131\u015f\u0131na de\u011fer veren herkes aras\u0131nda yank\u0131 uyand\u0131racak.<\/p>\n\n\n\n<h2 id=\"other-famous-works-of-bedrich-smetana\" class=\"wp-block-heading\">Bedrich Smetana'n\u0131n di\u011fer \u00fcnl\u00fc eserleri&nbsp;<\/h2>\n\n\n\n<p>Her ne kadar <strong>Besteci Bedrich Smetana<\/strong> \"Ma Vlast\" ve \"The Moldau\" gibi devasa eserleriyle hat\u0131rlanan sanat\u00e7\u0131, ayn\u0131 zamanda bir\u00e7ok opera, oda eseri, piyano par\u00e7as\u0131 ve orkestra eseri de yazm\u0131\u015ft\u0131r. <a href=\"https:\/\/prague.org\/tr\/black-light-theatre-prague-shows-musicals\/\">Prag'da siyah \u0131\u015f\u0131k tiyatrosu<\/a>. Di\u011fer tan\u0131nm\u0131\u015f eserlerinden baz\u0131lar\u0131 a\u015fa\u011f\u0131daki gibidir:<\/p>\n\n\n\n<h3 id=\"the-bartered-bride-prodana-nevesta\" class=\"wp-block-heading\">Takas Edilen Gelin (Prodan\u00e1 nev\u011bsta)<\/h3>\n\n\n\n<p>En \u00e7ok bilinen ve sevilen opera \"Takas Edilen Gelin \"dir (Prodan\u00e1 nevsta). \u00c7ek Cumhuriyeti'nde sakinleri i\u00e7in \u00e7\u00f6p\u00e7atanl\u0131k yapan bir topluluk hakk\u0131nda ne\u015feli bir operad\u0131r. Operan\u0131n \u00e7ekici melodileri ve geleneksel dokunu\u015flar\u0131 geni\u015f bir be\u011feni kazanm\u0131\u015ft\u0131r.<\/p>\n\n\n\n<h3 id=\"string-quartet-no-2-in-d-minor\" class=\"wp-block-heading\">Yayl\u0131 \u00c7alg\u0131lar D\u00f6rtl\u00fcs\u00fc No. 2 Re min\u00f6r<\/h3>\n\n\n\n<p>From My Life, or String Quartet No. 1 in E minor (\u00c7ek\u00e7e orijinalinde, Smy\u010dcov\u00fd kvartet \u010d. 1 e moll, \"Z m\u00e9ho ivota\") Otobiyografik referanslar bu yayl\u0131 \u00e7alg\u0131lar d\u00f6rtl\u00fcs\u00fcn\u00fcn \u00f6nemli bir \u00f6zelli\u011fidir. Smetana sa\u011f\u0131rl\u0131kla m\u00fccadelesi ve di\u011fer ki\u015fisel durumlar\u0131 hakk\u0131nda yazm\u0131\u015ft\u0131r.<\/p>\n\n\n\n<h3 id=\"smetanas-piano-trio-in-g-minor-op-15\" class=\"wp-block-heading\">Smetana'n\u0131n Sol Min\u00f6r Piyanolu Triosu, Op. 15<\/h3>\n\n\n\n<p>Bu, besteci olarak yeteneklerini ortaya koyan \u00e7arp\u0131c\u0131 ve dokunakl\u0131 bir oda m\u00fczi\u011fi par\u00e7as\u0131d\u0131r. Duygu derinli\u011fi ve i\u00e7 g\u00f6zlemiyle tan\u0131n\u0131r.<\/p>\n\n\n\n<h3 id=\"this-string-quartet\" class=\"wp-block-heading\">Bu yayl\u0131 \u00e7alg\u0131lar d\u00f6rtl\u00fcs\u00fc<\/h3>\n\n\n\n<p>Yayg\u0131n olarak \"Re min\u00f6r 2. Kuartet\" olarak bilinen eser, oda m\u00fczi\u011fi kanonuna bir ba\u015fka \u00f6nemli katk\u0131d\u0131r. Smetana'n\u0131n m\u00fczi\u011fini etkileyen Romantik ak\u0131m\u0131n bir g\u00f6stergesidir.<\/p>\n\n\n\n<h3 id=\"overture-to-the-bartered-bride-prodana-nevesta\" class=\"wp-block-heading\">\"Takas Edilen Gelin\" Uvert\u00fcr\u00fc (Prodan\u00e1 nev\u011bsta)<\/h3>\n\n\n\n<p>Bu orkestra eseri, Smetana'n\u0131n \u00fcnl\u00fc operas\u0131 \"Takas Edilen Gelin \"in (Prodan\u00e1 nevsta) uvert\u00fcr\u00fcd\u00fcr. Bu eser, operan\u0131n temalar\u0131n\u0131n \u00f6z\u00fcn\u00fc hem canl\u0131 hem de ruhlu bir \u015fekilde yans\u0131tmaktad\u0131r.<\/p>\n\n\n\n<h3 id=\"these-six-piano-pieces\" class=\"wp-block-heading\">Bu alt\u0131 piyano par\u00e7as\u0131<\/h3>\n\n\n\n<p>\u0160est charakteristick\u00fdch skladeb ya da \"Alt\u0131 Karakteristik Par\u00e7a\" ba\u015fl\u0131\u011f\u0131n\u0131 ta\u015f\u0131yan eserler, karakter kompozisyonlar\u0131n\u0131n bir derlemesidir. Smetana'n\u0131n bestelerinde kulland\u0131\u011f\u0131 stillerin \u00e7e\u015fitlili\u011fine \u0131\u015f\u0131k tutarlar.<\/p>\n\n\n\n<h3 id=\"czech-dances-ceske-tance\" class=\"wp-block-heading\">\u00c7ek Danslar\u0131 (\u010cesk\u00e9 tance)<\/h3>\n\n\n\n<p>Smetana, anavatan\u0131 \u00c7ek Cumhuriyeti'nin renkli ve co\u015fkulu dans geleneklerini \u00c7ek Danslar\u0131 (esk\u00e9 tance) ba\u015fl\u0131kl\u0131 piyano i\u00e7in bir dizi bestede yakalad\u0131.<\/p>\n\n\n\n<h3 id=\"the-two-widows-dve-vdovy\" class=\"wp-block-heading\">\u0130ki Dul (Dv\u0115 vdovy)&nbsp;<\/h3>\n\n\n\n<p>Smetana'n\u0131n bir ba\u015fka g\u00fczel eseri olan \"\u0130ki Dul\" (Dv\u0115 vdovy) bir komedi operas\u0131d\u0131r. A\u015fk, evlilik ve sosyal geleneklerle ilgili temalar\u0131 eseri dinlemeyi keyifli hale getirir.<\/p>\n\n\n\n<h3 id=\"richard-iii\" class=\"wp-block-heading\">Richard III&nbsp;<\/h3>\n\n\n\n<p>Smetana'n\u0131n Shakespeare'in oyununa dayanan \"Richard III\" uvert\u00fcr\u00fc, senfonik becerisinin klasik bir \u00f6rne\u011fidir.<\/p>\n\n\n\n<h2 id=\"a-visit-to-the-bedrich-smetana-museum-in-prague\" class=\"wp-block-heading\">Prag'daki Bedrich Smetana M\u00fczesi'ne Bir Ziyaret&nbsp;<\/h2>\n\n\n\n<p>Bir gezi<strong> Prag'daki Bedrich Smetana M\u00fczesi<\/strong> bu \u00fcnl\u00fc \u00c7ek bestecinin hayat\u0131 ve eserleri hakk\u0131nda bilgi edinmek ve \u00fclkenin zengin m\u00fczik gelene\u011fine kendinizi kapt\u0131rmak i\u00e7in m\u00fckemmel bir yoldur. Ziyaret\u00e7ileri Bedich Smetana'n\u0131n evreninin ve eserlerini \u015fekillendiren k\u00fclt\u00fcrel zeminin derinliklerine g\u00f6t\u00fcrd\u00fc\u011f\u00fc i\u00e7in Prag'daki m\u00fczik merakl\u0131lar\u0131 ve tarih merakl\u0131lar\u0131 i\u00e7in mutlaka g\u00f6r\u00fclmesi gereken bir yerdir.<\/p>\n\n\n\n<p>Prag'daki m\u00fcze onurland\u0131r\u0131yor <strong>Bedrich Smetana'n\u0131n \u00fcnl\u00fc eseri; <\/strong>Bestecinin ya\u015fam\u0131na ve \u00c7ek m\u00fczi\u011finin geli\u015fimine yapt\u0131\u011f\u0131 \u00f6nemli katk\u0131lara \u0131\u015f\u0131k tutan k\u00fclt\u00fcrel bir hazinedir.&nbsp;<\/p>\n\n\n\n<h2 id=\"enchanting-prague-classical-concert-at-st-nicholas-church\" class=\"wp-block-heading\">Nicholas Kilisesi'nde B\u00fcy\u00fcleyici Prag Klasik Konseri<\/h2>\n\n\n\n<div data-gyg-href=\"https:\/\/widget.getyourguide.com\/default\/activities.frame\" data-gyg-locale-code=\"en-US\" data-gyg-widget=\"activities\" data-gyg-number-of-items=\"1\" data-gyg-partner-id=\"U94OQGQ\" data-gyg-tour-ids=\"399599\"><\/div>\n\n\n\n<p>Prag'\u0131n en g\u00f6rkemli Barok mabetlerinden birinin b\u00fcy\u00fcleyici s\u0131n\u0131rlar\u0131 i\u00e7inde klasik m\u00fczi\u011fin saf ihti\u015fam\u0131n\u0131 ke\u015ffedin. Eski Kent'in kalbinde yer alan Aziz Nikolaos Kilisesi, sayg\u0131n Ulusal Tiyatro ve \u00c7ek Filarmoni Orkestras\u0131'ndan ba\u015far\u0131l\u0131 m\u00fczisyenlerin virt\u00fc\u00f6zl\u00fcklerini sergiledikleri bir dizi b\u00fcy\u00fcleyici performansa ev sahipli\u011fi yapmaktad\u0131r.<\/p>\n\n\n\n<h3 id=\"highlights\" class=\"wp-block-heading\">\u00d6nemli Noktalar<\/h3>\n\n\n\n<ul>\n<li>Prag'\u0131n \u00f6nde gelen m\u00fczik yetenekleri taraf\u0131ndan yorumlanan klasik ba\u015fyap\u0131tlardan olu\u015fan geni\u015f bir repertuar\u0131n keyfini \u00e7\u0131kar\u0131n.<\/li>\n\n\n\n<li>Klasik bestelerin ahenkli t\u0131n\u0131lar\u0131yla serenat yaparken kendinizi Barok bir kilisenin e\u015fsiz ambiyans\u0131na b\u0131rak\u0131n.<\/li>\n\n\n\n<li>Nicholas Kilisesi'nin ruhani i\u00e7 mekan\u0131 ve kusursuz akusti\u011fi ile b\u00fcy\u00fclenin.<\/li>\n\n\n\n<li>Bir zamanlar efsanevi Mozart'\u0131n 1787 y\u0131l\u0131nda bizzat s\u00fcsledi\u011fi Barok orga g\u00f6z at\u0131n.<\/li>\n<\/ul>\n\n\n\n<h3 id=\"included\" class=\"wp-block-heading\">Dahil<\/h3>\n\n\n\n<ul>\n<li>G\u00f6steriye giri\u015f bileti.<\/li>\n\n\n\n<li>\u00dccretsiz \u0130ngilizce bas\u0131l\u0131 program.<\/li>\n<\/ul>\n\n\n\n<div class=\"wp-block-buttons is-layout-flex wp-block-buttons-is-layout-flex\">\n<div class=\"wp-block-button is-style-cs-button-block\"><a class=\"wp-block-button__link wp-element-button\" href=\"https:\/\/www.getyourguide.com\/st-nicholas-church-prague-l4922\/prague-classical-concert-in-st-nicholas-church-t399599\/?partner_id=U94OQGQ&amp;utm_medium=online_publisher\" rel=\"nofollow noopener\">\u2192 Nicholas Kilisesi'nde klasik m\u00fczi\u011fin b\u00fcy\u00fcs\u00fcn\u00fc ya\u015fay\u0131n<\/a><\/div>\n<\/div>\n\n\n\n<div data-gyg-href=\"https:\/\/widget.getyourguide.com\/default\/city.frame\" data-gyg-location-id=\"10\" data-gyg-locale-code=\"en-US\" data-gyg-widget=\"city\" data-gyg-partner-id=\"U94OQGQ\"><\/div>","protected":false},"excerpt":{"rendered":"\u00c7ek m\u00fczik ustas\u0131 Bedrich Smetana'n\u0131n \u00fcnl\u00fc eserleri, klasik m\u00fczik d\u00fcnyas\u0131 \u00fczerinde a\u00e7\u0131k bir etki b\u0131rakt\u0131,...","protected":false},"author":2,"featured_media":11829,"comment_status":"closed","ping_status":"closed","sticky":false,"template":"","format":"standard","meta":{"footnotes":""},"categories":[1],"tags":[],"table_tags":[],"_links":{"self":[{"href":"https:\/\/prague.org\/tr\/wp-json\/wp\/v2\/posts\/11769"}],"collection":[{"href":"https:\/\/prague.org\/tr\/wp-json\/wp\/v2\/posts"}],"about":[{"href":"https:\/\/prague.org\/tr\/wp-json\/wp\/v2\/types\/post"}],"author":[{"embeddable":true,"href":"https:\/\/prague.org\/tr\/wp-json\/wp\/v2\/users\/2"}],"replies":[{"embeddable":true,"href":"https:\/\/prague.org\/tr\/wp-json\/wp\/v2\/comments?post=11769"}],"version-history":[{"count":3,"href":"https:\/\/prague.org\/tr\/wp-json\/wp\/v2\/posts\/11769\/revisions"}],"predecessor-version":[{"id":11832,"href":"https:\/\/prague.org\/tr\/wp-json\/wp\/v2\/posts\/11769\/revisions\/11832"}],"wp:featuredmedia":[{"embeddable":true,"href":"https:\/\/prague.org\/tr\/wp-json\/wp\/v2\/media\/11829"}],"wp:attachment":[{"href":"https:\/\/prague.org\/tr\/wp-json\/wp\/v2\/media?parent=11769"}],"wp:term":[{"taxonomy":"category","embeddable":true,"href":"https:\/\/prague.org\/tr\/wp-json\/wp\/v2\/categories?post=11769"},{"taxonomy":"post_tag","embeddable":true,"href":"https:\/\/prague.org\/tr\/wp-json\/wp\/v2\/tags?post=11769"},{"taxonomy":"table_tags","embeddable":true,"href":"https:\/\/prague.org\/tr\/wp-json\/wp\/v2\/table_tags?post=11769"}],"curies":[{"name":"wp","href":"https:\/\/api.w.org\/{rel}","templated":true}]}}