{"id":12040,"date":"2023-11-19T15:46:00","date_gmt":"2023-11-19T13:46:00","guid":{"rendered":"https:\/\/prague.org\/?p=12040"},"modified":"2023-11-20T13:02:39","modified_gmt":"2023-11-20T11:02:39","slug":"prague-farmers-market","status":"publish","type":"post","link":"https:\/\/prague.org\/tr\/prag-ciftci-pazari\/","title":{"rendered":"Prag \u00c7ift\u00e7i Pazar\u0131n\u0131n Canl\u0131 Lezzetleri"},"content":{"rendered":"<p>A <strong>Prag \u00e7ift\u00e7i pazar\u0131<\/strong> Her biri kendine has bir cazibeye ve \u00f6zelli\u011fe sahip olan bu hareketli pazarlar, taze \u00fcr\u00fcnler ve y\u00f6resel spesiyalitelerle dolu olup, b\u00f6lgenin tar\u0131msal zenginli\u011finin do\u011frudan bir sonucu olan unutulmaz bir yemek sunmaktad\u0131r.<\/p>\n\n\n\n<p>Prag'daki \u00e7ift\u00e7i pazarlar\u0131 yerel k\u00fclt\u00fcr\u00fcn tad\u0131na bakmak i\u00e7in harika bir yoldur. Vltava Nehri k\u0131y\u0131lar\u0131 boyunca en pop\u00fcler pazarlar\u0131 bulabilirsiniz. <strong>Prag \u00e7ift\u00e7i pazar\u0131<\/strong>: Naplavka \u00c7ift\u00e7i Pazar\u0131. Mevsimlik pazarlar gibi <a href=\"https:\/\/prague.org\/tr\/prag-paskalya-pazarlari\/\">Paskalya pazarlar\u0131 2023<\/a> ve <a href=\"https:\/\/prague.org\/tr\/prag-noel-pazari\/\">Noel pazarlar\u0131 2023<\/a> Prag'da, d\u00f6rt g\u00f6zle bekledi\u011finiz bir \u015fey olmal\u0131.<\/p>\n\n\n\n<p>Pazar\u0131n yaln\u0131zca mevsiminde yiyecek satma konusundaki kararl\u0131l\u0131\u011f\u0131 en iyi \u00f6zelliklerinden biridir. Pazar\u0131n sunduklar\u0131 mevsimlere g\u00f6re de\u011fi\u015fmektedir. Bahar\u0131n geli\u015fi, ye\u015fillikler, \u00e7ilekler ve rengarenk \u00e7i\u00e7eklerin bollu\u011fu da dahil olmak \u00fczere yeni bir ya\u015fam\u0131n geli\u015fini m\u00fcjdeliyor. Yaz aylar\u0131 taze \u00fcr\u00fcnler ve aromatik bitkilerden olu\u015fan bir g\u00f6kku\u015fa\u011f\u0131n\u0131 m\u00fcjdeliyor. Sonbaharda balkaba\u011f\u0131, elma ve besleyici k\u00f6k sebzeler, k\u0131\u015f aylar\u0131nda ise \u00f6zel el sanatlar\u0131 ve mevsimlik \u00fcr\u00fcnler bolca bulunur.<\/p>\n\n\n\n<h2 id=\"the-tradition-of-farmers-markets-in-the-czech-republic\" class=\"wp-block-heading\">\u00c7ek Cumhuriyeti'nde \u00c7ift\u00e7i Pazarlar\u0131 Gelene\u011fi<\/h2>\n\n\n\n<div data-gyg-href=\"https:\/\/widget.getyourguide.com\/default\/activities.frame\" data-gyg-locale-code=\"en-US\" data-gyg-widget=\"activities\" data-gyg-number-of-items=\"3\" data-gyg-partner-id=\"U94OQGQ\" data-gyg-q=\"prague%20food%20markets\"><\/div>\n\n\n\n<p>K\u00f6kleri y\u00fczy\u0131llar \u00f6ncesine dayansa da, modern \u00e7ift\u00e7i pazarlar\u0131 b\u00f6lgesel \u00fcr\u00fcnleri \u00f6ne \u00e7\u0131karan, kom\u015fulu\u011fu te\u015fvik eden ve g\u0131da yoluyla k\u00fclt\u00fcrel anlay\u0131\u015f\u0131 destekleyen canl\u0131 toplanma yerleridir. Yerel halk ve turistler, \u00c7ek k\u0131rsal\u0131n\u0131 s\u00fcsleyen \u00e7ok say\u0131daki \u00e7ift\u00e7i pazar\u0131ndan birinde otantik ve k\u00fclt\u00fcrel a\u00e7\u0131dan zengin bir deneyimin tad\u0131n\u0131 \u00e7\u0131karabilir.<\/p>\n\n\n\n<h3 id=\"historical-roots\" class=\"wp-block-heading\">Tarihsel K\u00f6kler<\/h3>\n\n\n\n<p>Pazar meydanlar\u0131n\u0131n \u00c7ek Cumhuriyeti'nde ticaretin ve sosyal ya\u015fam\u0131n kalbi oldu\u011fu Orta \u00c7a\u011f'dan bu yana, \u00e7ift\u00e7i pazarlar\u0131 \u00fclke k\u00fclt\u00fcr\u00fcn\u00fcn temel unsurlar\u0131ndan biri olmu\u015ftur. Bu pazar yerleri bir yandan yeni ko\u015fullara uyum sa\u011flarken bir yandan da \u00f6zg\u00fcn kimliklerini koruyarak zamana meydan okumu\u015flard\u0131r. Pazar yerlerinin varl\u0131\u011f\u0131n\u0131 s\u00fcrd\u00fcrmesi, sahip olduklar\u0131 derin k\u00fclt\u00fcrel de\u011ferin kan\u0131t\u0131d\u0131r.<\/p>\n\n\n\n<h3 id=\"spaces-for-social-interaction\" class=\"wp-block-heading\">Sosyal Etkile\u015fim Alanlar\u0131<\/h3>\n\n\n\n<p>Bu etkinlikler, basit pazar yerlerinden \u00e7ok daha fazlas\u0131 olan hayati topluluk merkezleridir. \u00c7ift\u00e7i pazarlar\u0131, insanlar\u0131n kom\u015fular\u0131yla konu\u015fmak ve taze, yerel olarak yeti\u015ftirilen \u00fcr\u00fcnleri sat\u0131n almak i\u00e7in bir araya geldi\u011fi pop\u00fcler bulu\u015fma yerleridir. Bu pazarlar, yerel halka birbirleriyle tan\u0131\u015fabilecekleri bir yer sunarken ayn\u0131 zamanda \u00c7ek mutfa\u011f\u0131n\u0131n c\u00f6mertli\u011fini de sergileyerek bir aidiyet duygusunu te\u015fvik eder.<\/p>\n\n\n\n<h3 id=\"seasonal-abundance\" class=\"wp-block-heading\">Mevsimsel Bolluk<\/h3>\n\n\n\n<p>Mevsime uygunluk \u00c7ek \u00e7ift\u00e7i pazarlar\u0131n\u0131n ay\u0131rt edici \u00f6zelli\u011fidir. Yeti\u015ftirme mevsimi de\u011fi\u015fti\u011finde pazar da de\u011fi\u015fir ve mevsimlik meyve, sebze ve el i\u015fi \u00fcr\u00fcnlerden olu\u015fan renkli bir se\u00e7kiyi beraberinde getirir. Pazar m\u00fcdavimleri, y\u0131l boyunca sunulan \u00fcr\u00fcnlerin gelgitleri nedeniyle canl\u0131 ve s\u00fcrekli de\u011fi\u015fen bir ortam bekleyebilirler.<\/p>\n\n\n\n<h3 id=\"safeguarding-the-culinary-heritage\" class=\"wp-block-heading\">Mutfak Miras\u0131n\u0131n Korunmas\u0131<\/h3>\n\n\n\n<p>A <strong>Prag \u00e7ift\u00e7i pazar\u0131<\/strong> \u00c7ek Cumhuriyeti'nin mutfak geleneklerini canl\u0131 tutmak i\u00e7in \u00e7ok \u00f6nemlidir. Stantlar ve sergiler b\u00f6lgesel spesiyaliteleri, klasik yemekleri ve zaman i\u00e7inde test edilmi\u015f pi\u015firme tekniklerini sergilemektedir. Ziyaret\u00e7iler, yerel spesiyaliteleri tadarken \u00c7ek mutfa\u011f\u0131 \u00fczerindeki k\u00fclt\u00fcrel ve tarihi etkiler hakk\u0131nda bilgi edinebilirler.<\/p>\n\n\n\n<h3 id=\"consistency-and-local-support\" class=\"wp-block-heading\">Tutarl\u0131l\u0131k ve Yerel Destek<\/h3>\n\n\n\n<p>S\u00fcrd\u00fcr\u00fclebilirli\u011fi benimseyen \u00c7ek \u00e7ift\u00e7i pazarlar\u0131, yerel kaynakl\u0131 \u00fcr\u00fcnlere vurgu yapmaktad\u0131r. Bu pazarlar, \u00fcretici ve t\u00fcketicileri do\u011frudan birbirine ba\u011flayarak yerel tar\u0131m topluluklar\u0131n\u0131 g\u00fc\u00e7lendirmektedir. Bunun \u00e7evre ve yerel ekonomiler \u00fczerinde olumlu etkileri vard\u0131r.<\/p>\n\n\n\n<h3 id=\"ability-to-change-in-the-modern-era\" class=\"wp-block-heading\">Modern \u00c7a\u011fda De\u011fi\u015fim Yetene\u011fi<\/h3>\n\n\n\n<p>\u00c7ek Cumhuriyeti'ndeki \u00e7ift\u00e7i pazarlar\u0131 tarihle i\u00e7 i\u00e7edir, ancak ayn\u0131 zamanda a\u015fa\u011f\u0131daki gibi son teknoloji yeniliklere de sahiptir <a href=\"https:\/\/prague.org\/tr\/holesovice-market\/\">Hole\u0161ovice \u00e7ift\u00e7i pazar\u0131.<\/a> \u0130nternet platformlar\u0131n\u0131n kolayl\u0131\u011f\u0131, miras\u0131n orijinal ruhunu suland\u0131rmadan bir\u00e7ok piyasa taraf\u0131ndan kullan\u0131lmaktad\u0131r. Bu esneklik, piyasalar\u0131n dinamik bir ortamda s\u00fcrekli kullan\u0131\u015fl\u0131 olmas\u0131n\u0131 sa\u011flamaktad\u0131r.<\/p>\n\n\n\n<h3 id=\"direct-producer-consumer-interaction\" class=\"wp-block-heading\">Do\u011frudan \u00dcretici-T\u00fcketici Etkile\u015fimi<\/h3>\n\n\n\n<p>\u00c7ek Cumhuriyeti'ndeki \u00e7ift\u00e7i pazarlar\u0131, sat\u0131c\u0131lar ve al\u0131c\u0131lar aras\u0131ndaki yak\u0131n ili\u015fki ile bilinir. Bu a\u00e7\u0131kl\u0131k sayesinde m\u00fc\u015fteriler sat\u0131n ald\u0131klar\u0131 \u00fcr\u00fcnlere daha fazla g\u00fcven duyabilmekte ve yedikleri yemeklerle daha derin bir ba\u011f kurabilmektedir.<\/p>\n\n\n\n<h2 id=\"what-food-to-find-at-the-farmers-markets-in-prague\" class=\"wp-block-heading\">Prag'daki \u00e7ift\u00e7i pazarlar\u0131nda hangi yiyecekleri bulabilirsiniz?<\/h2>\n\n\n\n<p>Prag \u00e7ift\u00e7i pazarlar\u0131, d\u00fcnyan\u0131n en iyi \u00e7ift\u00e7i pazarlar\u0131ndan baz\u0131lar\u0131na ev sahipli\u011fi yap\u0131yor. <a href=\"https:\/\/prague.org\/tr\/en-iyi-avrupa-noel-pazarlari\/\">Avrupa'n\u0131n en iyi Noel pazarlar\u0131<\/a>. Bira, kahve ve s\u0131cak \u015farap mevsimsel favorilerdir ve mevsim ne olursa olsun m\u00fckemmel yiyecekler her zaman men\u00fcdedir. Y\u0131l boyunca, benzersiz \u015fekilde tasarlanm\u0131\u015f tatil s\u00fcsleri, seramikler ve di\u011fer el yap\u0131m\u0131 \u00fcr\u00fcnler satan tezgahlar bulabilirsiniz. Paskalya s\u00fcsleri aras\u0131nda renkli yumurtalar ve k\u0131rba\u00e7lar yer al\u0131rken, Noel s\u00fcsleri aras\u0131nda da advent \u00e7elenkleri ve \u00e7elenkler bulunmaktad\u0131r. \u0130\u015fte her yerde bulunabilecek baz\u0131 nefis yemekler <strong>Prag \u00e7ift\u00e7i pazar\u0131<\/strong>:<\/p>\n\n\n\n<ul>\n<li>Taze meyve ve sebzeler<\/li>\n\n\n\n<li>Yerel peynirler<\/li>\n\n\n\n<li>Ekmekler ve hamur i\u015fleri<\/li>\n\n\n\n<li>Bal ve re\u00e7eller<\/li>\n\n\n\n<li>Taze etler ve sosisler<\/li>\n\n\n\n<li>Organik \u00fcr\u00fcnler<\/li>\n\n\n\n<li>Tur\u015fu ve fermente g\u0131dalar<\/li>\n\n\n\n<li>\u00c7iftlik Tazesi yumurtalar<\/li>\n\n\n\n<li>\u00c7i\u00e7ekler ve otlar<\/li>\n\n\n\n<li>Zanaatkar i\u00e7ecekleri<\/li>\n\n\n\n<li>El yap\u0131m\u0131 \u00fcr\u00fcnler<\/li>\n<\/ul>\n\n\n\n<h2 id=\"our-top-picks-for-the-best-farmers-markets-in-prague\" class=\"wp-block-heading\">Prag'daki En \u0130yi \u00c7ift\u00e7i Pazarlar\u0131 i\u00e7in En \u0130yi Se\u00e7imlerimiz<\/h2>\n\n\n\n<h2 id=\"new-prague-farmers-market\" class=\"wp-block-heading\">- New Prague \u00c7ift\u00e7i Pazar\u0131&nbsp;<\/h2>\n\n\n\n<p><strong>Adres:<\/strong> Cumhuriyet Meydan\u0131 (N\u00e1m\u011bst\u00ed Republiky), Prag 1<\/p>\n\n\n\n<p><strong>Ne zaman<\/strong>: Her Cumartesi, y\u0131l boyunca<\/p>\n\n\n\n<p>Bu<strong> yeni Prag \u00e7ift\u00e7i pazar\u0131<\/strong> lezzetli, yerel olarak yeti\u015ftirilen meyve ve sebzeler sunar. Mevsiminde \u00e7e\u015fitli sebze ve meyveler. Domates, biber ve lahanan\u0131n yan\u0131 s\u0131ra \u00e7ok y\u0131ll\u0131k bitkiler ve baz\u0131 meyve a\u011fa\u00e7lar\u0131 ilkbaharda ba\u015flang\u0131\u00e7 bitkileri olarak mevcuttur.<\/p>\n\n\n\n<p>Lezzetli unlu mamuller, s\u00fcr\u00fclebilir \u00fcr\u00fcnler ve tatland\u0131r\u0131c\u0131lar y\u0131l boyunca sat\u0131n al\u0131nabilir. Ah\u015fap i\u015fleri, bah\u00e7e s\u00fcsleri, el i\u015flemeleri, balmumu mumlar\u0131 ve el yap\u0131m\u0131 sabun ve mumlar, sunulan s\u0131n\u0131rl\u0131 el sanatlar\u0131 yelpazesini tamamlamaktad\u0131r.<\/p>\n\n\n\n<h2 id=\"andel\" class=\"wp-block-heading\">- Andel...<\/h2>\n\n\n\n<p><strong>Adres:<\/strong> N\u00e1m\u011bst\u00ed 14. \u0159\u00edjna, Prag 5<\/p>\n\n\n\n<p><strong>Ne zaman<\/strong>: Cuma g\u00fcnleri sabah 8'den ak\u015fam 6'ya kadar.<\/p>\n\n\n\n<p>Cuma g\u00fcnleri, bu <strong>Prag \u00e7ift\u00e7i pazar\u0131<\/strong> hareketli And\u011bl b\u00f6lgesinde bir faaliyet kovan\u0131d\u0131r. And\u011bl \u00c7ift\u00e7i Pazar\u0131, organik sebzelerden el yap\u0131m\u0131 \u00fcr\u00fcnlere kadar her \u015feyi sunan geni\u015f bir n\u00fcfusa hitap etmektedir. Farkl\u0131 mutfaklardan lezzetler satan tezgahlar\u0131n yer ald\u0131\u011f\u0131 pazar\u0131n kozmopolit havas\u0131n\u0131 ke\u015ffedin.<\/p>\n\n\n\n<h2 id=\"kulatak\" class=\"wp-block-heading\">- Kulatak...<\/h2>\n\n\n\n<p><strong>Adres:<\/strong> Ji\u0159\u00edho z Pod\u011bbrad Meydan\u0131, Prag 3<\/p>\n\n\n\n<p><strong>Ne zaman?<\/strong> Her \u00c7ar\u015famba sabah 8'den ak\u015fam 6'ya kadar.<\/p>\n\n\n\n<p><strong>Kulatak \u00e7ift\u00e7i pazar\u0131 Prag<\/strong>Hareketli Ji\u0159\u00edho z Pod\u011bbrad Meydan\u0131'nda yer alan pazar, hafta i\u00e7i g\u00fcnlerde bir mutfak cennetidir. Pazar, \u00e7ok \u00e7e\u015fitli taze meyve ve sebzelerin yan\u0131 s\u0131ra y\u00f6resel lezzetleriyle de \u00fcnl\u00fcd\u00fcr. Canl\u0131 atmosferden, canl\u0131 m\u00fczikten ve \u00e7e\u015fitli sokak yeme\u011fi se\u00e7eneklerinden yararlan\u0131n.<\/p>\n\n\n\n<h2 id=\"naplavka\" class=\"wp-block-heading\">- Naplavka...<\/h2>\n\n\n\n<p>Adres Ra\u0161\u00ednovo n\u00e1b\u0159e\u017e\u00ed, Prag 2<\/p>\n\n\n\n<p>Ne zaman? Cumartesi g\u00fcnleri sabah 8'den \u00f6\u011fleden sonra 2'ye kadar.<\/p>\n\n\n\n<p><strong>Naplavka \u00e7ift\u00e7i pazar\u0131 Prag<\/strong>Vltava Nehri'nin yan\u0131nda yer alan b\u00fcfe, hem yerel halk hem de ziyaret\u00e7iler aras\u0131nda pop\u00fclerdir. Taze sebzeler, el yap\u0131m\u0131 hamur i\u015fleri ve zanaat \u00fcr\u00fcnleriyle dolu b\u00fcfeleri ke\u015ffederken, pitoresk ortam sakin bir ambiyans sa\u011flar. Sokak yeme\u011fi sat\u0131c\u0131lar\u0131 taraf\u0131ndan sunulan farkl\u0131 lezzetleri ka\u00e7\u0131rmay\u0131n.<\/p>\n\n\n\n<h2 id=\"sunday\" class=\"wp-block-heading\">- Pazar g\u00fcn\u00fc.<\/h2>\n\n\n\n<p>Canl\u0131 <strong>Prag'da Pazar g\u00fcnleri kurulan \u00e7ift\u00e7i pazar\u0131 <\/strong>her Pazar \u015fehre hayat veriyor. \u015eehrin ortas\u0131nda yer alan bu pazar, sadece al\u0131\u015fveri\u015f yap\u0131lan bir yer olman\u0131n \u00f6tesinde, \u015fehrin k\u00fclt\u00fcrel \u00e7e\u015fitlili\u011finin, mutfak becerilerinin ve toplumsal ruhunun geli\u015fen bir vitrinidir. Bizimle birlikte Prag \u00c7ift\u00e7i Pazar\u0131'nda sanal bir tura \u00e7\u0131k\u0131n ve neden bu kadar \u00e7ok insan i\u00e7in bir hafta sonu vazge\u00e7ilmezi haline geldi\u011fini kendiniz g\u00f6r\u00fcn.<\/p>\n\n\n\n<p>\u0130nsanlar\u0131n taze, yerel meyve tutkular\u0131n\u0131 payla\u015fabilecekleri ve ayn\u0131 zamanda Pazar g\u00fcn\u00fc birlikteli\u011finin s\u0131cakl\u0131\u011f\u0131n\u0131 ya\u015fayabilecekleri bir yer.<\/p>\n\n\n\n<h2 id=\"pragues-market-exploration-and-authentic-czech-cooking-experience\" class=\"wp-block-heading\">Prag'da Pazar Ke\u015ffi ve Otantik \u00c7ek Yemek Pi\u015firme Deneyimi<\/h2>\n\n\n\n<div data-gyg-href=\"https:\/\/widget.getyourguide.com\/default\/activities.frame\" data-gyg-locale-code=\"en-US\" data-gyg-widget=\"activities\" data-gyg-number-of-items=\"1\" data-gyg-partner-id=\"U94OQGQ\" data-gyg-tour-ids=\"36516\"><\/div>\n\n\n\n<p>Prag'da unutulmaz bir mutfak ka\u00e7ama\u011f\u0131 ile kendinizi \u00c7ek gastronomisinin \u00f6z\u00fcne b\u0131rak\u0131n. Canl\u0131 bir pazar ke\u015ffine \u00e7\u0131k\u0131n, taze, mevsimlik malzemeleri se\u00e7in ve deneyimli bir \u015fef taraf\u0131ndan y\u00f6netilen ilgi \u00e7ekici bir uygulamal\u0131 yemek pi\u015firme dersine kat\u0131l\u0131n. G\u00fc\u00e7l\u00fc gula\u015f ve havadar k\u00f6fteden elmal\u0131 turtan\u0131n enfes tatl\u0131l\u0131\u011f\u0131na kadar ger\u00e7ek \u00c7ek yemeklerini haz\u0131rlama sanat\u0131n\u0131 ke\u015ffedin.<\/p>\n\n\n\n<h3 id=\"highlights\" class=\"wp-block-heading\">\u00d6nemli Noktalar<\/h3>\n\n\n\n<ul>\n<li>Mutfak becerilerinizi geli\u015ftirin: Yetenekli bir \u015fefin rehberli\u011finde geleneksel \u00c7ek yemeklerinin gizemlerini \u00e7\u00f6z\u00fcn.<\/li>\n\n\n\n<li>Prag'\u0131n \u00f6nde gelen \u00e7ift\u00e7i pazar\u0131n\u0131 ke\u015ffedin: Mutfak kreasyonlar\u0131n\u0131z i\u00e7in en iyi mevsimlik malzemeleri se\u00e7erek rehberli bir pazar turuna \u00e7\u0131k\u0131n.<\/li>\n\n\n\n<li>Damak tad\u0131n\u0131z\u0131 \u015f\u0131mart\u0131n: Gula\u015f, k\u00f6fte ve elmal\u0131 turta i\u00e7eren 3 \u00e7e\u015fitten olu\u015fan keyifli bir yemek haz\u0131rlarken lezzetlerin uyumlu bir kar\u0131\u015f\u0131m\u0131n\u0131 deneyimleyin.<\/li>\n\n\n\n<li>Bu deneyimi koruyun: De\u011ferli tarifler ve \u00c7ek mutfak gelenekleri i\u00e7in yeni ke\u015ffedilen bir takdir al\u0131n.<\/li>\n<\/ul>\n\n\n\n<h3 id=\"included\" class=\"wp-block-heading\">Dahil<\/h3>\n\n\n\n<ul>\n<li>Yemek pi\u015firme temelleri: Bir mutfak \u015faheseri yaratmak i\u00e7in gerekli t\u00fcm taze, mevsimlik malzemeleri al\u0131n.<\/li>\n\n\n\n<li>Tarif koleksiyonu: Mutfak yolculu\u011funuzun lezzetlerini \u00e7o\u011faltmak i\u00e7in otantik \u00c7ek tariflerinden olu\u015fan bir derleme ile yola \u00e7\u0131k\u0131n.<\/li>\n\n\n\n<li>Mutfak ara\u00e7 ve gere\u00e7leri: T\u00fcm temel ara\u00e7 ve gere\u00e7lerle donat\u0131lm\u0131\u015f tam donan\u0131ml\u0131 bir mutfa\u011fa eri\u015fin.<\/li>\n\n\n\n<li>\u00d6nl\u00fckler: Sa\u011flanan \u00f6nl\u00fcklerle d\u00fczenli ve odaklanm\u0131\u015f kal\u0131n.<\/li>\n\n\n\n<li>3 \u00e7e\u015fit ziyafet: \u00c7abalar\u0131n\u0131z\u0131n sonu\u00e7lar\u0131n\u0131 kendi ellerinizle haz\u0131rlad\u0131\u011f\u0131n\u0131z 3 \u00e7e\u015fit \u015fahane bir yemekle ta\u00e7land\u0131r\u0131n.<\/li>\n\n\n\n<li>Pazar gezisi: Kendinizi Prag'\u0131n \u00f6nde gelen \u00e7ift\u00e7i pazar\u0131n\u0131n canl\u0131 ortam\u0131na b\u0131rak\u0131n.<\/li>\n<\/ul>\n\n\n\n<div class=\"wp-block-buttons is-layout-flex wp-block-buttons-is-layout-flex\">\n<div class=\"wp-block-button is-style-cs-button-block\"><a class=\"wp-block-button__link wp-element-button\" href=\"https:\/\/www.getyourguide.com\/prague-l10\/traditional-czech-cuisine-cooking-class-t36516\/?partner_id=U94OQGQ&amp;utm_medium=online_publisher\" rel=\"nofollow noopener\">\u2192 <strong>Bir mutfak yolculu\u011funa \u00e7\u0131k\u0131n<\/strong><\/a><\/div>\n<\/div>\n\n\n\n<div data-gyg-href=\"https:\/\/widget.getyourguide.com\/default\/city.frame\" data-gyg-location-id=\"10\" data-gyg-locale-code=\"en-US\" data-gyg-widget=\"city\" data-gyg-partner-id=\"U94OQGQ\"><\/div>","protected":false},"excerpt":{"rendered":"Prag \u00e7ift\u00e7i pazar\u0131 ka\u00e7\u0131rmak istemeyece\u011finiz bir \u015feydir, her birinin kendine has bir cazibesi ve...","protected":false},"author":2,"featured_media":12041,"comment_status":"closed","ping_status":"closed","sticky":false,"template":"","format":"standard","meta":{"footnotes":""},"categories":[204,206,19,1,17],"tags":[],"table_tags":[],"_links":{"self":[{"href":"https:\/\/prague.org\/tr\/wp-json\/wp\/v2\/posts\/12040"}],"collection":[{"href":"https:\/\/prague.org\/tr\/wp-json\/wp\/v2\/posts"}],"about":[{"href":"https:\/\/prague.org\/tr\/wp-json\/wp\/v2\/types\/post"}],"author":[{"embeddable":true,"href":"https:\/\/prague.org\/tr\/wp-json\/wp\/v2\/users\/2"}],"replies":[{"embeddable":true,"href":"https:\/\/prague.org\/tr\/wp-json\/wp\/v2\/comments?post=12040"}],"version-history":[{"count":3,"href":"https:\/\/prague.org\/tr\/wp-json\/wp\/v2\/posts\/12040\/revisions"}],"predecessor-version":[{"id":12085,"href":"https:\/\/prague.org\/tr\/wp-json\/wp\/v2\/posts\/12040\/revisions\/12085"}],"wp:featuredmedia":[{"embeddable":true,"href":"https:\/\/prague.org\/tr\/wp-json\/wp\/v2\/media\/12041"}],"wp:attachment":[{"href":"https:\/\/prague.org\/tr\/wp-json\/wp\/v2\/media?parent=12040"}],"wp:term":[{"taxonomy":"category","embeddable":true,"href":"https:\/\/prague.org\/tr\/wp-json\/wp\/v2\/categories?post=12040"},{"taxonomy":"post_tag","embeddable":true,"href":"https:\/\/prague.org\/tr\/wp-json\/wp\/v2\/tags?post=12040"},{"taxonomy":"table_tags","embeddable":true,"href":"https:\/\/prague.org\/tr\/wp-json\/wp\/v2\/table_tags?post=12040"}],"curies":[{"name":"wp","href":"https:\/\/api.w.org\/{rel}","templated":true}]}}