{"id":12962,"date":"2024-03-06T12:57:25","date_gmt":"2024-03-06T10:57:25","guid":{"rendered":"https:\/\/prague.org\/?p=12962"},"modified":"2024-03-18T17:03:14","modified_gmt":"2024-03-18T15:03:14","slug":"american-expats-prague","status":"publish","type":"post","link":"https:\/\/prague.org\/tr\/american-expats-prague\/","title":{"rendered":"Amerikal\u0131lar\u0131n Prag i\u00e7in Temel Rehberi"},"content":{"rendered":"<p>Sen bir <strong>Prag'da Amerikal\u0131<\/strong>? Yeni bir \u00fclkeye ta\u015f\u0131nman\u0131n hem deneyimli gezginler hem de ilk kez gidenler i\u00e7in zor olabilece\u011fi konusunda hepimiz hemfikiriz. Zahmetsizce yerle\u015fmenize yard\u0131mc\u0131 olmak i\u00e7in Amerikal\u0131lar\u0131n Temel Rehberi'ni olu\u015fturduk.<strong> Prag'da Amerikal\u0131<\/strong>.<\/p>\n\n\n\n<p>Prag zengin tarihi, nefes kesici mimarisi, aktif sanat ortam\u0131 ve d\u00fc\u015f\u00fck ya\u015fam maliyeti ile d\u00fcnya \u00e7ap\u0131nda gurbet\u00e7ilerin ilgisini \u00e7ekmektedir. Ta\u015f\u0131nmak korkutucu olabilir, \u00f6zellikle de yerel yasalar\u0131 bilmiyorsan\u0131z. Rehberimiz, Prag'da ba\u015far\u0131l\u0131 olman\u0131z i\u00e7in gereken bilgi ve becerileri size sunarak, sizin yapman\u0131za gerek kalmayacak \u015fekilde ev \u00f6devinizi yapt\u0131.<\/p>\n\n\n\n<p><strong>Prag'da ya\u015fayan Amerikal\u0131lar <\/strong>Yerel k\u00fclt\u00fcr\u00fc tan\u0131yarak, dili \u00f6\u011frenerek, yeterli konaklama yeri bularak, ula\u015f\u0131m\u0131 y\u00f6neterek, sa\u011fl\u0131k tesislerine eri\u015fim sa\u011flayarak ve g\u00f6\u00e7men toplulu\u011funu kucaklayarak tatmin edici ve anlaml\u0131 bir deneyim ya\u015fayabilirler.<\/p>\n\n\n\n<p>\u0130ster yeni bir \u00fcs arayan bir dijital g\u00f6\u00e7ebe, ister yurtd\u0131\u015f\u0131nda bir d\u00f6nem ge\u00e7irmek isteyen bir \u00f6\u011frenci ya da yeni bir macera arayan bir emekli olun, Prag rehberimiz sizin g\u00f6\u00e7men kayna\u011f\u0131n\u0131zd\u0131r.<\/p>\n\n\n\n<h2 id=\"welcome-to-prague-an-americans-first-impressions\" class=\"wp-block-heading\">Prag'a ho\u015f geldiniz: Bir Amerikal\u0131n\u0131n ilk izlenimleri<\/h2>\n\n\n\n<p>Prag, konuklar\u0131n\u0131 kollar\u0131n\u0131 a\u00e7arak ve unutulmaz deneyimlerle kar\u015f\u0131lar. Bu eski \u015fehrin ilk izlenimleri Amerikal\u0131lar i\u00e7in ilgi \u00e7ekicidir.<\/p>\n\n\n\n<p><strong>Prag'daki Amerikal\u0131 gurbet\u00e7iler<\/strong> eskimeyen g\u00fczelli\u011fi kar\u015f\u0131s\u0131nda hemen b\u00fcy\u00fclenirler. Gotik ve Barok kuleler ve kubbeler onlar\u0131 ba\u015fka bir zamana g\u00f6t\u00fcr\u00fcr. Arnavut kald\u0131r\u0131ml\u0131 sokaklar \u015fehrin zengin ge\u00e7mi\u015fini f\u0131s\u0131ldayarak ke\u015ffedilmeyi bekleyen y\u00fczy\u0131ll\u0131k k\u00fclt\u00fcrel hazineyi g\u00f6zler \u00f6n\u00fcne serer.<\/p>\n\n\n\n<p>Amerikal\u0131 turistler i\u00e7in bir ba\u015fka cazibe merkezi de Prag'\u0131n canl\u0131 sokaklar\u0131d\u0131r. Kalabal\u0131k pazarlar, sokak sanat\u00e7\u0131lar\u0131n\u0131n ritimleri ve kafelerin taze kahve kokular\u0131 canl\u0131 ve ho\u015f bir atmosfer yarat\u0131r. Sessiz ara sokaklardan hareketli meydanlara kadar her k\u0131vr\u0131mda ke\u015fifler sizi bekliyor.<\/p>\n\n\n\n<p><strong>Amerikal\u0131lar Prag'da<\/strong> \u00e7ok say\u0131da sanatsal hazine bulabilirsiniz. Prag'\u0131n geli\u015fen k\u00fclt\u00fcrel ortam\u0131, ziyaret\u00e7ileri \u00fcnl\u00fc \u00c7ek ressamlar\u0131n eserleriyle dolu m\u00fczelere, klasik m\u00fczik \u00e7alan tiyatrolara ve modern sanat\u0131n sergilendi\u011fi galerilere \u00e7ekmektedir.<\/p>\n\n\n\n<p>Hi\u00e7bir Prag ziyareti, mutfa\u011f\u0131n\u0131n tad\u0131na bakmadan tamamlanm\u0131\u015f say\u0131lmaz. Domuz mafsal\u0131 ve dana gula\u015f gibi tuzlu yiyeceklerden trdeln\u00edk ve kek gibi tatl\u0131lara kadar Prag \u00e7ok \u00e7e\u015fitli bir mutfak deneyimi sunmaktad\u0131r. Amerikal\u0131 turistler sessiz barlarda geleneksel \u00c7ek yemeklerinin ve yerel olarak demlenmi\u015f biralar\u0131n tad\u0131n\u0131 \u00e7\u0131kar\u0131r.<\/p>\n\n\n\n<p><a href=\"https:\/\/prague.org\/tr\/prag-nufus\/\" data-type=\"link\" data-id=\"https:\/\/prague.org\/prague-population\/\">Prag halk\u0131n\u0131n<\/a> Samimiyet ve misafirperverlik, manzara ve lezzetlerin \u00f6tesinde kal\u0131c\u0131 bir etki b\u0131rak\u0131r. Yerel halk s\u0131r\u0131tmakta ve \u015fehirlerine duyduklar\u0131 sevgiyi ziyaret\u00e7ilerle payla\u015fmaktad\u0131r. Amerikal\u0131 gezginler Prag'da ister di\u011fer gezginlerle sohbet ederken ister kibar esnaftan tavsiye isterken kendilerini evlerinde gibi hissederler.<\/p>\n\n\n\n<h2 id=\"navigating-prague-a-guide-for-american-expats\" class=\"wp-block-heading\">Prag'da gezinmek: Amerikal\u0131 gurbet\u00e7iler i\u00e7in bir rehber<\/h2>\n\n\n\n<p>Yurt d\u0131\u015f\u0131na, \u00f6zellikle de Avrupa'ya ta\u015f\u0131nmak a\u015fa\u011f\u0131dakiler i\u00e7in heyecan verici ve korkutucu olabilir <strong>Prag'daki Amerikal\u0131 gurbet\u00e7iler<\/strong>. Bu ayr\u0131nt\u0131l\u0131 Amerikal\u0131 g\u00f6\u00e7men rehberi Prag'\u0131n karma\u015f\u0131kl\u0131\u011f\u0131nda yolunuzu bulman\u0131za yard\u0131mc\u0131 olur.<\/p>\n\n\n\n<h3 id=\"get-to-know-prague\" class=\"wp-block-heading\">Prag'\u0131 tan\u0131y\u0131n<\/h3>\n\n\n\n<p>Prag, tarih ve cazibe a\u00e7\u0131s\u0131ndan zengin bir \u015fehirdir. Prag Kalesi ve Charles K\u00f6pr\u00fcs\u00fc gibi \u00fcnl\u00fc simge yap\u0131lar ziyaret\u00e7ilere zengin tarihini hat\u0131rlat\u0131r. Gurbet\u00e7iler, \u015fehrin k\u00fclt\u00fcr\u00fcn\u00fc daha iyi anlamak i\u00e7in Eski \u015eehir ve \u017di\u017ekov gibi \u015fehrin farkl\u0131 mahallelerini ke\u015ffetmelidir.<\/p>\n\n\n\n<h3 id=\"navigating-daily-life\" class=\"wp-block-heading\">G\u00fcnl\u00fck ya\u015famda gezinme<\/h3>\n\n\n\n<p>Prag'da g\u00fcnl\u00fck hayata adapte olmak, \u015fehrin altyap\u0131s\u0131n\u0131 ve olanaklar\u0131n\u0131 \u00f6\u011frenmeyi gerektirir. Tramvaylar, otob\u00fcsler ve metro \u015fehir genelinde kolay eri\u015fim sa\u011flar. Market teslimat\u0131 ve mobil bankac\u0131l\u0131k uygulamalar\u0131 gurbet\u00e7ilerin g\u00fcnl\u00fck rutinlerini y\u00f6netmelerine yard\u0131mc\u0131 olabilir.<\/p>\n\n\n\n<h3 id=\"embracing-czech-culture\" class=\"wp-block-heading\">\u00c7ek k\u00fclt\u00fcr\u00fcn\u00fc kucaklamak<\/h3>\n\n\n\n<p>Bu Prag'daki ya\u015fama uyum sa\u011flamak i\u00e7in \u00e7ok \u00f6nemlidir. Selamla\u015fma ve kibarl\u0131k gibi basit \u00c7ek\u00e7e ifadeleri \u00f6\u011frenmek yerel halkla iyi ge\u00e7inmenize yard\u0131mc\u0131 olabilir. Prag Bahar\u0131 Uluslararas\u0131 M\u00fczik Festivali ve Prag Fringe Festivali gibi festivallere ve di\u011fer k\u00fclt\u00fcrel etkinliklere kat\u0131lmak, gurbet\u00e7ilerin \u015fehrin canl\u0131 sanat ortam\u0131n\u0131 deneyimlemelerini sa\u011flar.<\/p>\n\n\n\n<h3 id=\"navigate-the-work-environment-in-prague\" class=\"wp-block-heading\">Prag'daki \u00e7al\u0131\u015fma ortam\u0131nda gezinme<\/h3>\n\n\n\n<p><strong>Amerikal\u0131lar Prag'da<\/strong> yerel i\u015f piyasas\u0131n\u0131 ve i\u015fyeri k\u00fclt\u00fcr\u00fcn\u00fc anlamal\u0131d\u0131r. \u0130\u015f arayanlar, i\u015fverenleri a\u011f olu\u015fturma etkinlikleri ve \u00e7evrimi\u00e7i i\u015f panolar\u0131 arac\u0131l\u0131\u011f\u0131yla bulabilirler. Gurbet\u00e7iler ayr\u0131ca \u00c7ek i\u015f kanunlar\u0131n\u0131 ve geleneklerini de \u00f6\u011frenerek i\u015f g\u00fcc\u00fcne kat\u0131lmal\u0131d\u0131r.<\/p>\n\n\n\n<h3 id=\"adapting-to-expat-life\" class=\"wp-block-heading\">Gurbet hayat\u0131na uyum sa\u011flama<\/h3>\n\n\n\n<p>Prag'daki Expat Ya\u015fam\u0131na uyum sa\u011flamak, bir\u00e7ok maceras\u0131na ra\u011fmen zor olabilir. Ge\u00e7i\u015f s\u00fcrecinde destek ve arkada\u015fl\u0131k i\u00e7in gurbet\u00e7ilerden ve yerel halktan olu\u015fan sosyal \u00e7evrenizi olu\u015fturun. Gurbet\u00e7iler ayr\u0131ca a\u00e7\u0131k fikirli olmal\u0131 ve Prag'\u0131n kendine \u00f6zg\u00fc f\u0131rsatlar\u0131n\u0131n ve maceralar\u0131n\u0131n tad\u0131n\u0131 \u00e7\u0131karmal\u0131d\u0131r.<\/p>\n\n\n\n<h2 id=\"cultural-crossroads-the-american-lifestyle-in-prague\" class=\"wp-block-heading\">K\u00fclt\u00fcrel kav\u015fak: Prag'da Amerikan ya\u015fam tarz\u0131<\/h2>\n\n\n\n<p>K\u00fcreselle\u015fme s\u0131n\u0131rlar\u0131 bulan\u0131kla\u015ft\u0131rd\u0131k\u00e7a, Prag gibi kentler farkl\u0131 ya\u015fam tarzlar\u0131n\u0131n \u00e7arp\u0131\u015ft\u0131\u011f\u0131 k\u00fclt\u00fcrel merkezler haline gelmektedir. Amerikal\u0131 gurbet\u00e7iler, a\u015final\u0131k ve yenili\u011fin bir kar\u0131\u015f\u0131m\u0131 olan Prag'da Amerikan k\u00f6klerini korurken zengin \u00c7ek k\u00fclt\u00fcr\u00fcn\u00fc deneyimleyebilirler. Amerikan ya\u015fam\u0131 ile Prag'\u0131n zengin k\u00fclt\u00fcr\u00fc aras\u0131ndaki dinamik ili\u015fkiyi ke\u015ffedelim.<\/p>\n\n\n\n<h3 id=\"embracing-diversity\" class=\"wp-block-heading\">\u00c7e\u015fitlili\u011fi kucaklamak<\/h3>\n\n\n\n<p>Prag'\u0131n uluslararas\u0131 ambiyans\u0131, Amerikal\u0131 gurbet\u00e7ileri k\u00fclt\u00fcrel \u00e7e\u015fitlili\u011fi kucaklamaya davet etmektedir. <strong>Amerikal\u0131lar Prag'da<\/strong> uluslararas\u0131 yemeklerin, konserlerin, sanat sergilerinin ve tiyatro g\u00f6sterilerinin tad\u0131n\u0131 \u00e7\u0131kar\u0131n. \u00c7e\u015fitlilik, ho\u015fg\u00f6r\u00fc ve kabul\u00fc te\u015fvik ederek gurbet\u00e7ilerin her k\u00f6kenden insanla tan\u0131\u015fmas\u0131na ve bak\u0131\u015f a\u00e7\u0131lar\u0131n\u0131 geni\u015fletmesine olanak tan\u0131r.<\/p>\n\n\n\n<h3 id=\"navigating-daily-life-2\" class=\"wp-block-heading\">G\u00fcnl\u00fck ya\u015famda gezinme<\/h3>\n\n\n\n<p>Prag'daki ya\u015fama al\u0131\u015fmak zor olabilir, ancak Amerikal\u0131 gurbet\u00e7iler \u015fehrin en geli\u015fmi\u015f olanaklar\u0131ndan ve altyap\u0131s\u0131ndan faydalanmaktad\u0131r. Prag, h\u0131zl\u0131 internet eri\u015fimiyle gurbet\u00e7ilerin g\u00fcnl\u00fck ya\u015famda yollar\u0131n\u0131 bulmalar\u0131na yard\u0131mc\u0131 olur, <a href=\"https:\/\/prague.org\/tr\/american-banks-across-prague\/\" data-type=\"link\" data-id=\"https:\/\/prague.org\/american-banks-across-prague\/\">mobil bankac\u0131l\u0131k<\/a>, \u0130ngilizce dostu hizmetler ve yabanc\u0131 okullar. Yeni gelenler ayr\u0131ca \u015fehrin h\u0131zl\u0131 ula\u015f\u0131m sisteminden ve iyi stoklanm\u0131\u015f ma\u011fazalar\u0131ndan da faydalanmaktad\u0131r.<\/p>\n\n\n\n<h3 id=\"preserving-american-traditions\" class=\"wp-block-heading\">Amerikan geleneklerini korumak<\/h3>\n\n\n\n<p><strong>Prag'da ya\u015fayan Amerikal\u0131lar<\/strong> yurtd\u0131\u015f\u0131nda ya\u015famalar\u0131na ra\u011fmen k\u00fclt\u00fcrel tarihlerini ve geleneklerini korumak i\u00e7in \u00e7al\u0131\u015fmaktad\u0131r. G\u00f6\u00e7menler \u015e\u00fckran G\u00fcn\u00fc ve Ba\u011f\u0131ms\u0131zl\u0131k G\u00fcn\u00fc'n\u00fc kutlar, barbek\u00fcler d\u00fczenler ve ba\u011flant\u0131da kalmak i\u00e7in Amerikan spor etkinliklerini izler. Gurbet\u00e7iler ayr\u0131ca mahalle \u00f6rg\u00fctleri ve sosyal kul\u00fcpler arac\u0131l\u0131\u011f\u0131yla Amerikal\u0131larla \u00f6nemli ba\u011flar kurmaktad\u0131r.<\/p>\n\n\n\n<h3 id=\"cultural-exchange\" class=\"wp-block-heading\">K\u00fclt\u00fcrel de\u011fi\u015fim<\/h3>\n\n\n\n<p><strong>Amerikal\u0131lar Prag'da<\/strong> geni\u015f bir fikir, gelenek ve g\u00f6renek al\u0131\u015fveri\u015fi deneyimi ya\u015farlar. Dil de\u011fi\u015fimleri, k\u00fclt\u00fcrel etkinlikler ve toplum hizmetleri yoluyla gurbet\u00e7iler Prag'\u0131n k\u00fclt\u00fcr\u00fcn\u00fc ve kendi k\u00fclt\u00fcrlerini geli\u015ftirirler. K\u00fclt\u00fcrel de\u011fi\u015fim, k\u00fclt\u00fcrel u\u00e7urumlar aras\u0131nda k\u00f6pr\u00fc kurarak anlay\u0131\u015f\u0131 ve k\u00fcresel vatanda\u015fl\u0131\u011f\u0131 te\u015fvik eder.<\/p>\n\n\n\n<h2 id=\"from-tourist-to-resident-an-americans-journey-in-prague\" class=\"wp-block-heading\">Turistlikten yerle\u015fikli\u011fe: Bir Amerikal\u0131n\u0131n Prag'daki yolculu\u011fu<\/h2>\n\n\n\n<p>Prag'a ilk kez gelen Amerikal\u0131 ziyaret\u00e7iler buran\u0131n g\u00fczelli\u011fi, tarihi ve cazibesi kar\u015f\u0131s\u0131nda b\u00fcy\u00fcleneceklerdir. Arnavut kald\u0131r\u0131ml\u0131 sokaklar\u0131, Gotik mimarisi ve hareketli kafeleri onlarda kalma ve ke\u015ffetme iste\u011fi uyand\u0131racakt\u0131r. Bir tatil olarak ba\u015flayan bu yolculuk, Prag'a duyulan bir a\u015fka d\u00f6n\u00fc\u015fecek ve <strong>Amerikal\u0131lar Prag'da<\/strong> bu b\u00fcy\u00fcleyici \u015fehre cesurca ta\u015f\u0131nmak i\u00e7in.<\/p>\n\n\n\n<p>Turistlikten yerle\u015fikli\u011fe ge\u00e7i\u015fin bir\u00e7ok engeli vard\u0131r. Ev konforu olmadan yeni bir dil, k\u00fclt\u00fcr ve ya\u015fam bi\u00e7imi \u00f6\u011frenmek zor olabilir. Hayatlar\u0131ndaki bu yeni d\u00f6nemi kar\u015f\u0131lamak cesaret ister, ancak Prag bunu kolayla\u015ft\u0131r\u0131r.<\/p>\n\n\n\n<p>Prag'daki topluluk duygusu en \u00e7arp\u0131c\u0131 \u00f6zelliklerinden biridir. Yerel halk dost canl\u0131s\u0131d\u0131r ve ziyaret\u00e7ilere etraf\u0131 gezdirmekten ve g\u00fcnl\u00fck ya\u015famlar\u0131nda yard\u0131mc\u0131 olmaktan mutluluk duyar. <strong>Prag'daki Amerikal\u0131 gurbet\u00e7iler<\/strong> toplu ta\u015f\u0131ma sistemini nas\u0131l kullanacaklar\u0131n\u0131 ve en iyi restoranlar\u0131 ve al\u0131\u015fveri\u015f yerlerini nas\u0131l bulacaklar\u0131n\u0131 \u00f6\u011frendikten sonra kendilerini evlerinde hissedecekler.<\/p>\n\n\n\n<p>Ve bir de \u015fehir var; ya\u015fayan bir tarih ve k\u00fclt\u00fcr m\u00fczesi olarak sizi \u015fa\u015f\u0131rtacak. <strong>Prag'da ya\u015fayan Amerikal\u0131lar<\/strong>. Prag, Kale'den Charles K\u00f6pr\u00fcs\u00fc'ne kadar her virajda yeni bir ke\u015fif sunuyor. Ziyaret\u00e7iler dolamba\u00e7l\u0131 sokaklarda saatlerce y\u00fcr\u00fcyebilir, eski s\u0131rlar\u0131 f\u0131s\u0131ldayan ge\u00e7itlerde ve gizli avlularda kaybolabilir.<\/p>\n\n\n\n<p>Turistten yerle\u015fik hayata ge\u00e7i\u015fin belki de en tatmin edici k\u0131sm\u0131, Prag'\u0131n hareketli sanat ve k\u00fclt\u00fcr ortam\u0131na dalmak olacakt\u0131r. Prag'\u0131n d\u00fcnya standartlar\u0131ndaki m\u00fczeleri, galerileri, yeralt\u0131 m\u00fczik mekanlar\u0131 ve deneysel tiyatrosu.<\/p>\n\n\n\n<h2 id=\"building-bridges-american-communities-and-networks-in-prague\" class=\"wp-block-heading\">K\u00f6pr\u00fcler kurmak: Prag'daki Amerikan topluluklar\u0131 ve a\u011flar\u0131<\/h2>\n\n\n\n<p>Di\u011fer yerlerdeki gurbet\u00e7iler gibi, <strong>Amerikal\u0131lar Prag'da<\/strong> ev duygusu sa\u011flayan birbirine s\u0131k\u0131 s\u0131k\u0131ya ba\u011fl\u0131 topluluklar geli\u015ftirir. Bu topluluklar aras\u0131nda gayri resmi sosyal gruplar, kurumsal organizasyonlar ve ittifaklar yer almaktad\u0131r. Ortak Amerikan miras\u0131 ve uluslararas\u0131 deneyimleri, her k\u00f6kenden, meslekten ve ya\u015fam tarz\u0131ndan insanlar\u0131 birbirine ba\u011flamaktad\u0131r.<\/p>\n\n\n\n<p>Sosyal etkinlikler Prag'daki Amerikan topluluklar\u0131n\u0131n b\u00fcy\u00fcmesinin ana yollar\u0131ndan biridir. Bu etkinlikler - bir kafe bulu\u015fmas\u0131, bir gurbet\u00e7i organizasyonu a\u011f olu\u015fturma etkinli\u011fi veya Amerikal\u0131 dostlarla bir tatil partisi - ba\u011flant\u0131, arkada\u015fl\u0131k ve destek i\u00e7in olanaklar sa\u011flar. Gurbet\u00e7ilerin hikayelerini ve tavsiyelerini payla\u015fmalar\u0131na ve benzer d\u00fc\u015f\u00fcnen insanlarla \u00f6m\u00fcr boyu s\u00fcrecek dostluklar kurmalar\u0131na olanak tan\u0131rlar.<\/p>\n\n\n\n<p><strong>Prag'da ya\u015fayan Amerikal\u0131lar <\/strong>Resmi kurulu\u015flar ve derneklerin yan\u0131 s\u0131ra spontane sosyal toplant\u0131lar yoluyla topluluk olu\u015fturmak. Mesleki gruplar, mezun a\u011flar\u0131, k\u00fclt\u00fcrel kurulu\u015flar ve dini kurumlar bunlara \u00f6rnektir. Bu kurulu\u015flar \u00fcyelerine mesleki geli\u015fim s\u0131n\u0131flar\u0131, a\u011f kurma etkinlikleri, k\u00fclt\u00fcrel geziler ve g\u00f6n\u00fcll\u00fc f\u0131rsatlar sunmaktad\u0131r. Bu kurulu\u015flar, Amerikal\u0131lar\u0131n kendi de\u011ferlerini, tutkular\u0131n\u0131 ve ilgi alanlar\u0131n\u0131 payla\u015fan di\u011fer ki\u015filerle ba\u011flant\u0131da hissetmelerine yard\u0131mc\u0131 olarak bir topluluk olu\u015fturmaktad\u0131r.<\/p>\n\n\n\n<p>\u00c7evrimi\u00e7i portallar yard\u0131mc\u0131 olur <strong>Prag'daki Amerikal\u0131 gurbet\u00e7iler<\/strong> dijital \u00e7a\u011fda ba\u011flant\u0131 kurun. Sosyal medya gruplar\u0131, forumlar ve \u00e7evrimi\u00e7i topluluklar insanlar\u0131n soru sormas\u0131na, bilgi payla\u015fmas\u0131na ve benzer deneyimlerden ge\u00e7en di\u011fer ki\u015filerle etkile\u015fime girmesine olanak tan\u0131r. \u00c7evrimi\u00e7i a\u011flar, insanlar bir arada olmad\u0131klar\u0131nda bile bir topluluk ve ba\u011flant\u0131 duygusu sa\u011flar.<\/p>\n\n\n\n<h2 id=\"prague-through-american-eyes-must-see-spots-and-hidden-gems\" class=\"wp-block-heading\">Amerikal\u0131lar\u0131n g\u00f6z\u00fcnden Prag: G\u00f6r\u00fclmesi gereken yerler ve gizli m\u00fccevherler<\/h2>\n\n\n\n<p>Amerikal\u0131lar Prag'da mutlaka g\u00f6r\u00fclmesi gereken yerler ve gizli g\u00fczellikler bulacaklar. Amerikal\u0131lar\u0131n bak\u0131\u015f a\u00e7\u0131s\u0131yla haz\u0131rlanan bu Prag rehberi, \u00fcnl\u00fc turistik yerleri ve gizli m\u00fccevherleri kapsamaktad\u0131r.<strong> Prag'da Amerikal\u0131lar i\u00e7in en iyi yerler<\/strong> ziyaret etmek i\u00e7in.<\/p>\n\n\n\n<h3 id=\"the-charles-bridge-a-symbol-of-pragues-grandeur\" class=\"wp-block-heading\">Charles K\u00f6pr\u00fcs\u00fc: Prag'\u0131n ihti\u015fam\u0131n\u0131n bir sembol\u00fc<\/h3>\n\n\n\n<p>Vltava Nehri \u00fczerinde bir yaya k\u00f6pr\u00fcs\u00fc olan Prag'\u0131n Charles K\u00f6pr\u00fcs\u00fc, Eski Kent ile K\u00fc\u00e7\u00fck Kent'i birbirine ba\u011flar ve \u00fcnl\u00fc bir simge yap\u0131d\u0131r. Prag'a gelen ziyaret\u00e7iler, azizlerle s\u00fcslenmi\u015f ve \u015fehrin sil\u00fcetinin muhte\u015fem manzaras\u0131n\u0131 sunan k\u00f6pr\u00fcy\u00fc mutlaka g\u00f6rmelidir.<\/p>\n\n\n\n<figure class=\"wp-block-image size-large\"><img decoding=\"async\" width=\"1024\" height=\"683\" src=\"https:\/\/prague.org\/wp-content\/uploads\/2024\/03\/free-photo-of-charles-bridge-in-prague-1-1024x683.jpeg\" alt=\"Prag K\u00f6pr\u00fcs\u00fc\" class=\"wp-image-12963\" srcset=\"https:\/\/prague.org\/wp-content\/uploads\/2024\/03\/free-photo-of-charles-bridge-in-prague-1-1024x683.jpeg 1024w, https:\/\/prague.org\/wp-content\/uploads\/2024\/03\/free-photo-of-charles-bridge-in-prague-1-300x200.jpeg 300w, https:\/\/prague.org\/wp-content\/uploads\/2024\/03\/free-photo-of-charles-bridge-in-prague-1-768x512.jpeg 768w, https:\/\/prague.org\/wp-content\/uploads\/2024\/03\/free-photo-of-charles-bridge-in-prague-1-1536x1024.jpeg 1536w, https:\/\/prague.org\/wp-content\/uploads\/2024\/03\/free-photo-of-charles-bridge-in-prague-1-2048x1365.jpeg 2048w, https:\/\/prague.org\/wp-content\/uploads\/2024\/03\/free-photo-of-charles-bridge-in-prague-1-18x12.jpeg 18w, https:\/\/prague.org\/wp-content\/uploads\/2024\/03\/free-photo-of-charles-bridge-in-prague-1-380x253.jpeg 380w, https:\/\/prague.org\/wp-content\/uploads\/2024\/03\/free-photo-of-charles-bridge-in-prague-1-800x533.jpeg 800w, https:\/\/prague.org\/wp-content\/uploads\/2024\/03\/free-photo-of-charles-bridge-in-prague-1-1160x773.jpeg 1160w, https:\/\/prague.org\/wp-content\/uploads\/2024\/03\/free-photo-of-charles-bridge-in-prague-1-600x400.jpeg 600w, https:\/\/prague.org\/wp-content\/uploads\/2024\/03\/free-photo-of-charles-bridge-in-prague-1-scaled.jpeg 2560w\" sizes=\"(max-width: 1024px) 100vw, 1024px\" \/><figcaption class=\"wp-element-caption\">Prag K\u00f6pr\u00fcs\u00fc<\/figcaption><\/figure>\n\n\n\n<h3 id=\"prague-castle-czech-historys-heart\" class=\"wp-block-heading\">Prag Kalesi: \u00c7ek tarihinin kalbi<\/h3>\n\n\n\n<p>Prag Kalesi d\u00fcnyan\u0131n en b\u00fcy\u00fck antik kale kompleksidir ve \u00c7ek miras\u0131n\u0131n ve ge\u00e7mi\u015finin bir simgesidir. B\u00fcy\u00fck avlular\u0131n\u0131, Aziz Vitus Katedrali'ni ve kale arazisinden Prag'\u0131n panoramik manzaralar\u0131n\u0131 ke\u015ffedin.<\/p>\n\n\n\n<h3 id=\"old-town-square-living-history\" class=\"wp-block-heading\">Eski \u015eehir Meydan\u0131: Ya\u015fayan tarih<\/h3>\n\n\n\n<p>Renkli mimarisi, antika katedralleri ve hareketli kafeleriyle Prag'\u0131n Eski \u015eehir Meydan\u0131 sizi zamanda geriye g\u00f6t\u00fcr\u00fcr. Saatlik mekanik g\u00f6sterisi i\u00e7in Astronomik Saat'i g\u00f6r\u00fcn.<\/p>\n\n\n\n<h3 id=\"wenceslas-square-cultural-and-commercial-center\" class=\"wp-block-heading\">Wenceslas Meydan\u0131: K\u00fclt\u00fcrel ve ticari merkez<\/h3>\n\n\n\n<p>Bohemya'n\u0131n koruyucu azizine adanm\u0131\u015f olan Wenceslas Meydan\u0131, i\u015fletmeler, lokantalar ve k\u00fclt\u00fcrel kurumlar\u0131n yer ald\u0131\u011f\u0131 hareketli bir Prag caddesidir. Kalabal\u0131k sokaklar\u0131 ke\u015ffedin, Ulusal M\u00fcze'yi g\u00f6zlemleyin ve bu tarihi meydan\u0131n tad\u0131n\u0131 \u00e7\u0131kar\u0131n.<\/p>\n\n\n\n<h3 id=\"lesser-town-explore-pragues-charming-neighborhoods\" class=\"wp-block-heading\">Lesser Town: Prag'\u0131n b\u00fcy\u00fcleyici mahallelerini ke\u015ffedin<\/h3>\n\n\n\n<p>Charles K\u00f6pr\u00fcs\u00fc, Barok mimarisi, kald\u0131r\u0131mlar\u0131 ve kafeleriyle sevimli bir mahalle olan Prag'\u0131n K\u00fc\u00e7\u00fck Kenti'ne g\u00f6t\u00fcr\u00fcr. \u015eehir manzaralar\u0131 i\u00e7in dolamba\u00e7l\u0131 yollar\u0131, Lennon Duvar\u0131'n\u0131 ve Petrin Tepesi'ni ke\u015ffedin.<\/p>\n\n\n\n<h3 id=\"vysehrad-pragues-hidden-gem\" class=\"wp-block-heading\">Vysehrad: Prag'\u0131n gizli m\u00fccevheri<\/h3>\n\n\n\n<p>Vltava Nehri \u00fczerindeki tarihi bir sur ve park olan Vysehrad, kalabal\u0131ktan huzurlu bir ka\u00e7\u0131\u015f imkan\u0131 sunmaktad\u0131r. Tarihi surlar\u0131, Vysehrad Mezarl\u0131\u011f\u0131'n\u0131 ve Prag'\u0131n panoramik manzaras\u0131n\u0131 g\u00f6rmek i\u00e7in pitoresk manzara noktalar\u0131n\u0131 ziyaret edin.<\/p>\n\n\n\n<h3 id=\"letna-park-local-favorite\" class=\"wp-block-heading\">Letna Park: Yerelin favorisi<\/h3>\n\n\n\n<p>Prag'a tepeden bakan yemye\u015fil bir park olan Letna Park, \u015fehir hayat\u0131ndan bir s\u0131\u011f\u0131nak sunmaktad\u0131r. A\u011fa\u00e7larla \u00e7evrili y\u00fcr\u00fcy\u00fc\u015f yollar\u0131 boyunca y\u00fcr\u00fcyebilir, \u015fehir manzaras\u0131 e\u015fli\u011finde piknik yapabilir ve Metronom'u g\u00f6rebilirsiniz.<\/p>\n\n\n\n<h2 id=\"tales-from-the-city-personal-stories-of-americans-in-prague\" class=\"wp-block-heading\">\u015eehirden Masallar: Prag'daki Amerikal\u0131lar\u0131n ki\u015fisel hikayeleri<\/h2>\n\n\n\n<p>Prag zengin tarihi, k\u00fclt\u00fcr\u00fc ve mimarisiyle d\u00fcnyan\u0131n d\u00f6rt bir yan\u0131ndan ka\u015fifleri ve hayalperestleri kendine \u00e7ekmektedir. \u00c7ok say\u0131da Amerikal\u0131, arnavut kald\u0131r\u0131ml\u0131 sokaklar\u0131 ve Gotik kuleleri i\u00e7in Prag'a yerle\u015fmi\u015ftir. Bu insanlar bu dinamik metropolde farkl\u0131 bak\u0131\u015f a\u00e7\u0131lar\u0131n\u0131, deneyimlerini ve ya\u015fam \u00f6yk\u00fclerini payla\u015fmaktad\u0131r. Bu ki\u015fisel deneyimler <strong>Amerikal\u0131lar Prag'da<\/strong> Orta Avrupa'daki gurbet\u00e7i ya\u015fam\u0131n\u0131n karma\u015f\u0131k dokusunu g\u00f6zler \u00f6n\u00fcne seriyor.<\/p>\n\n\n\n<h3 id=\"bohemian-dreamer\" class=\"wp-block-heading\">Bohem hayalperest<\/h3>\n\n\n\n<p>New York'lu bir sanat\u00e7\u0131 olan Sarah, ilham ve yarat\u0131c\u0131l\u0131k bulmak i\u00e7in Prag'a ta\u015f\u0131nd\u0131. Prag'\u0131n canl\u0131 sanat ortam\u0131nda kendini evinde hisseden Sarah, buran\u0131n sanatsal gelene\u011fi ve Bohem havas\u0131yla b\u00fcy\u00fclenmi\u015ftir. Prag, Vltava Nehri'ndeki st\u00fcdyosunda resim yapmaktan yerel galerilerde sergi a\u00e7maya kadar Sarah'n\u0131n tuvali olmu\u015ftur.<\/p>\n\n\n\n<h3 id=\"culinary-explorer\" class=\"wp-block-heading\">Mutfak ka\u015fifi<\/h3>\n\n\n\n<p>Kaliforniyal\u0131 gurme James, yeni tatlar ve yemekler bulmak i\u00e7in Prag mutfa\u011f\u0131n\u0131 ke\u015ffediyor. James, Prag'\u0131n gula\u015f ve k\u00f6fteden \u015fehrin b\u00fcy\u00fcyen g\u0131da pazarlar\u0131na ve uluslararas\u0131 lokantalar\u0131na kadar eklektik mutfa\u011f\u0131n\u0131n tad\u0131n\u0131 \u00e7\u0131karm\u0131\u015ft\u0131r.<\/p>\n\n\n\n<h3 id=\"the-history-buff\" class=\"wp-block-heading\">Tarih merakl\u0131s\u0131<\/h3>\n\n\n\n<p>Bostonlu tarih merakl\u0131s\u0131 David, Prag'\u0131n zengin tarihi i\u00e7inde kendini kaybetmeyi ba\u015fard\u0131. Prag'\u0131n kalelerini, Gotik kiliselerini ve gizli ge\u00e7itlerini ke\u015ffeden David, orta\u00e7a\u011f mimarisi ve \u00c7ek tarihi kar\u015f\u0131s\u0131nda b\u00fcy\u00fclenmi\u015ftir. David'in gezileri ve ke\u015fifleri, \u015fehrin tarihine ve k\u00fclt\u00fcr\u00fcne olan sevgisini derinle\u015ftirdi.<\/p>\n\n\n\n<h3 id=\"the-language-learner\" class=\"wp-block-heading\">Dil \u00f6\u011frenen ki\u015fi<\/h3>\n\n\n\n<p>\u00c7ek\u00e7e \u00f6\u011frenen Chicago'lu dil a\u015f\u0131\u011f\u0131 Emily'yi takip edin. Emily, Prag'\u0131n k\u00fclt\u00fcr\u00fcn\u00fc ve toplumunu tam anlam\u0131yla deneyimlemek i\u00e7in \u00c7ek\u00e7e \u00f6\u011frenme, dil dersleri alma ve kafelerde ve pazarlarda yerlilerle pratik yapma g\u00f6revini \u00fcstlendi. Emily dil \u00e7al\u0131\u015fmalar\u0131 sayesinde arkada\u015flar edindi ve Prag deneyimini geni\u015fletti.<\/p>\n\n\n\n<h3 id=\"community-builder\" class=\"wp-block-heading\">Toplum olu\u015fturucu<\/h3>\n\n\n\n<p>Los Angelesl\u0131 sosyal yat\u0131r\u0131mc\u0131 Michael, Prag'daki gurbet\u00e7ilerin ba\u011flant\u0131 kurmas\u0131na ve bir topluluk olu\u015fturmas\u0131na yard\u0131mc\u0131 oluyor. Michael, profesyonel etkinlikleri, k\u00fclt\u00fcrel de\u011fi\u015fimleri ve g\u00f6n\u00fcll\u00fc \u00e7abalar\u0131 arac\u0131l\u0131\u011f\u0131yla her kesimden gurbet\u00e7inin deneyimlerini payla\u015fmas\u0131, arkada\u015fl\u0131klar kurmas\u0131 ve yeni \u015fehirlerinde kal\u0131c\u0131 an\u0131lar yaratmas\u0131 i\u00e7in s\u0131cak ve kapsay\u0131c\u0131 bir ortam olu\u015fturmu\u015ftur.<\/p>\n\n\n\n<p>Prag'daki gurbet\u00e7i ya\u015fam\u0131 bunun gibi say\u0131s\u0131z \u00f6yk\u00fcden \u00f6r\u00fclm\u00fc\u015ft\u00fcr. Her hikaye anlat\u0131c\u0131s\u0131 kadar benzersizdir, ancak birlikte, Prag'\u0131n \u00e7e\u015fitlili\u011fini, yarat\u0131c\u0131l\u0131\u011f\u0131n\u0131 ve azmini temsil ederler. <strong>Prag'da ya\u015fayan Amerikal\u0131lar<\/strong>. Bu gurbet\u00e7iler Prag'\u0131n k\u00fclt\u00fcr\u00fcn\u00fc benimsemi\u015f ve yapt\u0131klar\u0131 \u00e7al\u0131\u015fmalarla Avrupa'n\u0131n kalbinde kendilerine bir yuva kurmu\u015flard\u0131r.<\/p>\n\n\n\n<h2 id=\"planning-your-stay-tips-for-americans-moving-to-prague\" class=\"wp-block-heading\">Konaklaman\u0131z\u0131 planlay\u0131n: Prag'a ta\u015f\u0131nan Amerikal\u0131lar i\u00e7in ipu\u00e7lar\u0131<\/h2>\n\n\n\n<p>Yurt d\u0131\u015f\u0131na ta\u015f\u0131nmak heyecan verici olabilir, ancak ayn\u0131 zamanda zorluklar ve endi\u015feler de bar\u0131nd\u0131r\u0131r. \u00c7ek Cumhuriyeti'nin ba\u015fkenti Prag'a rahat bir g\u00f6\u00e7 i\u00e7in Amerikal\u0131lar plan yapmal\u0131 ve haz\u0131rlanmal\u0131d\u0131r. Bu ipu\u00e7lar\u0131 yard\u0131mc\u0131 olacakt\u0131r <strong>Amerikal\u0131lar Prag'da<\/strong> dola\u015fmak ve Prag'da ge\u00e7irdikleri zaman\u0131n tad\u0131n\u0131 \u00e7\u0131karmak:<\/p>\n\n\n\n<ul>\n<li>Amerikal\u0131lar\u0131n Prag'a hangi vizelerle gidebilece\u011fini \u00f6\u011frenin ve t\u00fcm belgelere sahip oldu\u011funuzdan emin olun.<\/li>\n\n\n\n<li>Konut aray\u0131\u015f\u0131n\u0131za erken ba\u015flay\u0131n ve konum, b\u00fct\u00e7e ve olanaklar\u0131 g\u00f6z \u00f6n\u00fcnde bulundurun.<\/li>\n\n\n\n<li>\u00d6zel sa\u011fl\u0131k sigortas\u0131 ve \u00c7ek sa\u011fl\u0131k sistemi hakk\u0131nda bilgi edinin.<\/li>\n\n\n\n<li>Prag'\u0131n verimli tramvaylar\u0131n\u0131, otob\u00fcslerini ve metrosunu kullan\u0131n.<\/li>\n\n\n\n<li>\u0130ngilizce yayg\u0131n olarak konu\u015fulsa da, deneyiminizi zenginle\u015ftirmek ve g\u00fcnl\u00fck etkile\u015fimleri kolayla\u015ft\u0131rmak i\u00e7in baz\u0131 temel \u00c7ek dillerini \u00f6\u011frenin.<\/li>\n\n\n\n<li>Destek olu\u015fturmak i\u00e7in g\u00f6\u00e7men etkinliklerine, bulu\u015fmalara ve a\u011f olu\u015fturma organizasyonlar\u0131na kat\u0131l\u0131n.&nbsp;<\/li>\n<\/ul>\n\n\n\n<div data-gyg-href=\"https:\/\/widget.getyourguide.com\/default\/city.frame\" data-gyg-location-id=\"10\" data-gyg-locale-code=\"en-US\" data-gyg-widget=\"city\" data-gyg-partner-id=\"U94OQGQ\"><\/div>","protected":false},"excerpt":{"rendered":"Prag'da bir Amerikal\u0131 m\u0131s\u0131n\u0131z? Hepimiz yeni bir \u00fclkeye ta\u015f\u0131nman\u0131n zor olabilece\u011fi konusunda hemfikirizdir...","protected":false},"author":19,"featured_media":12967,"comment_status":"closed","ping_status":"closed","sticky":false,"template":"","format":"standard","meta":{"footnotes":""},"categories":[204,47,43,14,1],"tags":[49],"table_tags":[],"_links":{"self":[{"href":"https:\/\/prague.org\/tr\/wp-json\/wp\/v2\/posts\/12962"}],"collection":[{"href":"https:\/\/prague.org\/tr\/wp-json\/wp\/v2\/posts"}],"about":[{"href":"https:\/\/prague.org\/tr\/wp-json\/wp\/v2\/types\/post"}],"author":[{"embeddable":true,"href":"https:\/\/prague.org\/tr\/wp-json\/wp\/v2\/users\/19"}],"replies":[{"embeddable":true,"href":"https:\/\/prague.org\/tr\/wp-json\/wp\/v2\/comments?post=12962"}],"version-history":[{"count":2,"href":"https:\/\/prague.org\/tr\/wp-json\/wp\/v2\/posts\/12962\/revisions"}],"predecessor-version":[{"id":13035,"href":"https:\/\/prague.org\/tr\/wp-json\/wp\/v2\/posts\/12962\/revisions\/13035"}],"wp:featuredmedia":[{"embeddable":true,"href":"https:\/\/prague.org\/tr\/wp-json\/wp\/v2\/media\/12967"}],"wp:attachment":[{"href":"https:\/\/prague.org\/tr\/wp-json\/wp\/v2\/media?parent=12962"}],"wp:term":[{"taxonomy":"category","embeddable":true,"href":"https:\/\/prague.org\/tr\/wp-json\/wp\/v2\/categories?post=12962"},{"taxonomy":"post_tag","embeddable":true,"href":"https:\/\/prague.org\/tr\/wp-json\/wp\/v2\/tags?post=12962"},{"taxonomy":"table_tags","embeddable":true,"href":"https:\/\/prague.org\/tr\/wp-json\/wp\/v2\/table_tags?post=12962"}],"curies":[{"name":"wp","href":"https:\/\/api.w.org\/{rel}","templated":true}]}}