{"id":13208,"date":"2024-04-08T10:03:55","date_gmt":"2024-04-08T08:03:55","guid":{"rendered":"https:\/\/prague.org\/?p=13208"},"modified":"2024-04-08T10:04:00","modified_gmt":"2024-04-08T08:04:00","slug":"german-community-in-prague","status":"publish","type":"post","link":"https:\/\/prague.org\/tr\/pragda-alman-toplumu\/","title":{"rendered":"Prag'daki Almanlar: Topluluk, El\u00e7ilik ve E\u011fitim"},"content":{"rendered":"<p>Bu <strong>Prag'daki Almanlar <\/strong>\u015fehrin karakterini ve k\u00fclt\u00fcr\u00fcn\u00fc \u015fekillendiren uzun ve hikayeli bir ge\u00e7mi\u015fe sahiptir. Bu makalede, kentin i\u00e7 i\u015fleyi\u015fine <strong>Prag'daki Almanlar<\/strong>\u00d6zellikle gurbet\u00e7ilerin ve yerlilerin e\u015fit olarak eri\u015febildi\u011fi e\u011fitim olanaklar\u0131na, Alman B\u00fcy\u00fckel\u00e7ili\u011fi'nin i\u015flevine ve \u00fcyeleri aras\u0131nda var olan g\u00fc\u00e7l\u00fc topluluk duygusuna bak\u0131yor.<\/p>\n\n\n\n<p>Prag'da Almanlar ve \u00c7ekler aras\u0131nda uzun ve zengin bir k\u00fclt\u00fcrel al\u0131\u015fveri\u015f ve ortak tarih gelene\u011fi vard\u0131r. Prag Alman K\u00fclt\u00fcr Merkezi gibi sa\u011flam bir organizasyon a\u011f\u0131 sayesinde <strong>Prag'daki Alman B\u00fcy\u00fckel\u00e7ili\u011fi <\/strong>ve e\u011fitim kurumlar\u0131yla bu g\u00fczel \u015fehirdeki Alman toplumu bug\u00fcn bile geli\u015fmeye devam ediyor.<\/p>\n\n\n\n<p>Ayr\u0131ca, Almanlar tarih boyunca Prag'da ya\u015fam\u0131\u015f ve Prag'\u0131n zengin mimari miras\u0131na, ekonomik refah\u0131na ve entelekt\u00fcel miras\u0131na katk\u0131da bulunmu\u015flard\u0131r.<\/p>\n\n\n\n<p>\u0130ster ba\u015fka Almanlarla tan\u0131\u015fmak isteyen bir Alman gurbet\u00e7i olun, ister Alman k\u00fclt\u00fcr\u00fcn\u00fc merak eden Prag'a yeni gelmi\u015f biri, bu dinamik \u015fehir, yerle\u015fmeniz ve arkada\u015f edinmeniz i\u00e7in \u00e7ok say\u0131da f\u0131rsat sunuyor. Neden Prag'\u0131n Alman toplumunun bir par\u00e7as\u0131 olmayas\u0131n\u0131z ve bu uzun ve k\u00f6kl\u00fc k\u00fclt\u00fcr\u00fc \u00f6\u011frenmeyesiniz? <a href=\"https:\/\/prague.org\/tr\/veba-almanyanin-bi\u0307r-parcasi-miydi\/\">Almanya'n\u0131n \u00fcnl\u00fc tarihi<\/a>?&nbsp;<\/p>\n\n\n\n<h2 id=\"insight-of-the-german-community-in-prague\" class=\"wp-block-heading\">Prag'daki Alman toplumunun i\u00e7g\u00f6r\u00fcs\u00fc<\/h2>\n\n\n\n<p>\u00c7e\u015fitli ve aktif bir topluluk olan <strong>Prag'daki Almanlar<\/strong> Almanya ve \u00c7ek Cumhuriyeti aras\u0131nda y\u00fczy\u0131llard\u0131r s\u00fcregelen tarih, k\u00fclt\u00fcr ve ticaretle \u015fekillenmi\u015ftir. Alman gurbet\u00e7iler, Almanca konu\u015fan \u00f6nc\u00fclerin torunlar\u0131 ve Alman k\u00fclt\u00fcrel ba\u011flar\u0131 olan insanlar, Alman n\u00fcfusu dalgalanma g\u00f6sterse de Prag'da g\u00fc\u00e7l\u00fc bir kimlik ve ba\u011f hissiyle ya\u015famaktad\u0131r.<\/p>\n\n\n\n<p>Aralar\u0131nda Alman yazar ve sanat\u00e7\u0131lar\u0131n da bulundu\u011fu<a href=\"https:\/\/prague.org\/tr\/prague-for-the-kafka-fan\/\"> Franz Kafka<\/a>Rainer Maria Rilke ve Max Brod gibi isimler Prag'\u0131n k\u00fclt\u00fcr\u00fcn\u00fc \u015fekillendirmi\u015ftir. Prag'da \u00e7ok say\u0131da <strong>Prag'da Almanca dublajl\u0131 sinemalar<\/strong>yay\u0131nc\u0131l\u0131k \u015firketleri ve Alman k\u00fclt\u00fcr\u00fcn\u00fc y\u00fccelten k\u00fclt\u00fcr kurumlar\u0131.<\/p>\n\n\n\n<p>Prag'\u0131n Alman toplumu, k\u00fclt\u00fcrel \u00f6neminin yan\u0131 s\u0131ra ekonomik ve ticari a\u00e7\u0131dan da \u00f6nemlidir. Prag'da sanayi, finans, teknoloji ve turizm dahil olmak \u00fczere bir\u00e7ok Alman \u015firketi faaliyet g\u00f6stermektedir. Bu firmalar \u015fehrin ekonomisini g\u00fc\u00e7lendirmekte, istihdam sa\u011flamakta ve Alman-\u00c7ek ticaretini te\u015fvik etmektedir.&nbsp;<\/p>\n\n\n\n<p>Toplulu\u011fu <strong>Prag'daki Almanlar<\/strong> \u00e7e\u015fitli demografik \u00f6zelliklere ve sosyal a\u011flara sahiptir. Dinamik k\u00fclt\u00fcr\u00fc, tarihi yerleri ve iyi ya\u015fam kalitesi nedeniyle Prag'daki bir\u00e7ok Alman gurbet\u00e7i Almanya, Avusturya ve \u0130svi\u00e7re'den gelmektedir. \u00c7ek k\u00f6kenli Almanlar da miraslar\u0131n\u0131 onurland\u0131rmak i\u00e7in k\u00fclt\u00fcrel etkinliklere, dil kurslar\u0131na ve topluluk toplant\u0131lar\u0131na kat\u0131l\u0131rlar.<\/p>\n\n\n\n<p>Prag'daki Alman n\u00fcfusu, Almanlar ve aileleri i\u00e7in diplomatik kurumlardan ve e\u011fitim olanaklar\u0131ndan da faydalanmaktad\u0131r. Konsolosluk hizmetleri, k\u00fclt\u00fcrel de\u011fi\u015fim ve ikili ili\u015fkilerin geli\u015ftirilmesi <strong>Prag'daki Alman B\u00fcy\u00fckel\u00e7ili\u011fi.<\/strong><\/p>\n\n\n\n<h2 id=\"how-many-german-citizens-live-in-prague\" class=\"wp-block-heading\">Prag'da ka\u00e7 Alman vatanda\u015f\u0131 ya\u015f\u0131yor?<\/h2>\n\n\n\n<p><strong>Prag'da ka\u00e7 Alman ya\u015f\u0131yor?<\/strong> Son veriler yakla\u015f\u0131k 4,000 ki\u015finin <strong>Prag'daki Almanlar<\/strong> daimi ikamet eden ki\u015filer olarak belgelenmi\u015ftir. Bu say\u0131 Prag'\u0131n geri kalan n\u00fcfusuna k\u0131yasla \u00e7ok fazla g\u00f6r\u00fcnmese de, asl\u0131nda Alman g\u00f6\u00e7menlerin ve gurbet\u00e7ilerin \u00f6nemli bir yo\u011funlu\u011funu ifade etmektedir.<\/p>\n\n\n\n<p>Gen\u00e7 bili\u015fim ve finans \u00e7al\u0131\u015fanlar\u0131ndan daha ucuz ve rahat bir ya\u015fam tarz\u0131 arayan ya\u015fl\u0131lara kadar Prag'\u0131n Alman toplumu \u00e7e\u015fitlilik g\u00f6stermektedir. Prag'daki d\u00fc\u015f\u00fck ya\u015fam maliyeti, y\u00fcksek sa\u011fl\u0131k ve e\u011fitim kalitesi ve canl\u0131 k\u00fclt\u00fcrel ortam \u00e7ok say\u0131da Alman\u0131 cezbetmektedir.<\/p>\n\n\n\n<h2 id=\"navigating-assistance-services-offered-by-the-german-embassy-in-prague\" class=\"wp-block-heading\">Y\u00f6n bulma yard\u0131m\u0131: Prag'daki Alman B\u00fcy\u00fckel\u00e7ili\u011fi taraf\u0131ndan sunulan hizmetler<\/h2>\n\n\n\n<p>taraf\u0131ndan \u00e7e\u015fitli hizmetler sunulmaktad\u0131r. <strong>Prag'daki Alman B\u00fcy\u00fckel\u00e7ili\u011fi<\/strong> Alman vatanda\u015flar\u0131na, sakinlerine ve ziyaret\u00e7ilerine. Hizmetler \u015funlar\u0131 i\u00e7erir:<\/p>\n\n\n\n<h3 id=\"consular-assistance\" class=\"wp-block-heading\">Konsolosluk yard\u0131m\u0131<\/h3>\n\n\n\n<p><strong>Prag'daki Almanlar<\/strong> B\u00fcy\u00fckel\u00e7ilikten pasaport ba\u015fvurular\u0131 ve yenilemeleri, acil seyahat belgeleri, noterlik hizmetleri ve belge tasdiki alabilirler.<\/p>\n\n\n\n<h3 id=\"immigration-and-visa-services\" class=\"wp-block-heading\">G\u00f6\u00e7menlik ve vize hizmetleri<\/h3>\n\n\n\n<p>B\u00fcy\u00fckel\u00e7ilik, Almanya'ya turist, i\u015f, e\u011fitim ve aile birle\u015fimi i\u00e7in vize ba\u015fvurular\u0131n\u0131 i\u015fleme koymaktad\u0131r. Ayr\u0131ca, \u00c7ek Cumhuriyeti'ne gidecek veya \u00c7ek Cumhuriyeti'nde ya\u015fayan Alman bireylere g\u00f6\u00e7menlik prosed\u00fcrleri konusunda tavsiyelerde bulunur.<\/p>\n\n\n\n<h3 id=\"financial-and-legal-assistance\" class=\"wp-block-heading\">Mali ve hukuki yard\u0131m<\/h3>\n\n\n\n<p>B\u00fcy\u00fckel\u00e7ilik, Almanya'da ikamet edenlere yasal temsil, yasal prosed\u00fcrler ve tutuklama veya g\u00f6zalt\u0131 durumlar\u0131nda yard\u0131mc\u0131 olur. \u00c7ek Cumhuriyeti'ndeki Almanlar i\u00e7in vergilendirme, emeklilik ve sosyal g\u00fcvenlik gibi mali konular ele al\u0131nmaktad\u0131r.<\/p>\n\n\n\n<h3 id=\"civil-registry-services\" class=\"wp-block-heading\">N\u00fcfus kay\u0131t hizmetleri<\/h3>\n\n\n\n<p>Yurtd\u0131\u015f\u0131nda ya\u015fayan Almanlar do\u011fum, evlilik ve \u00f6l\u00fcm kay\u0131tlar\u0131n\u0131 el\u00e7ilikte yapt\u0131rabilirler. \u0130sim de\u011fi\u015fikliklerinde, aile durum belgelerinde ve n\u00fcfus kay\u0131tlar\u0131nda yard\u0131mc\u0131 olur.<\/p>\n\n\n\n<h3 id=\"cultural-and-educational-promotion\" class=\"wp-block-heading\">K\u00fclt\u00fcrel ve e\u011fitsel tan\u0131t\u0131m<\/h3>\n\n\n\n<p>B\u00fcy\u00fckel\u00e7ilik k\u00fclt\u00fcrel etkinlikler d\u00fczenliyor, destek veriyor <strong>Prag'da Almanca dil kurslar\u0131 <\/strong>Almanya ve \u00c7ek Cumhuriyeti aras\u0131ndaki akademik ortakl\u0131klar\u0131 ve i\u015fbirliklerini kolayla\u015ft\u0131r\u0131r.<\/p>\n\n\n\n<h2 id=\"exploring-the-german-schools-in-prague\" class=\"wp-block-heading\">Prag'daki Alman okullar\u0131n\u0131 ke\u015ffetmek<\/h2>\n\n\n\n<p>Bu<strong> Prag'daki Alman okullar\u0131<\/strong> Alman m\u00fcfredat\u0131na dayal\u0131 \u00e7ok dilli bir e\u011fitim sunarak hem yerli \u00c7eklere hem de Almanca konu\u015fan yabanc\u0131lara hizmet vermektedir. A\u015fa\u011f\u0131da Prag'daki Alman okullar\u0131n\u0131n bir listesi yer almaktad\u0131r:<\/p>\n\n\n\n<ul>\n<li>Deutsche Schule Prag (DSP)<\/li>\n\n\n\n<li>Alman Anaokullar\u0131<\/li>\n\n\n\n<li>Dil Okullar\u0131 ve Enstit\u00fcleri<\/li>\n\n\n\n<li>M\u00fcfredat D\u0131\u015f\u0131 Faaliyetler ve K\u00fclt\u00fcrel Etkinlikler<\/li>\n\n\n\n<li>Uluslararas\u0131 Bakalorya (IB) Programlar\u0131<\/li>\n<\/ul>\n\n\n\n<div data-gyg-href=\"https:\/\/widget.getyourguide.com\/default\/city.frame\" data-gyg-location-id=\"10\" data-gyg-locale-code=\"en-US\" data-gyg-widget=\"city\" data-gyg-partner-id=\"U94OQGQ\"><\/div>","protected":false},"excerpt":{"rendered":"Prag'daki Almanlar.... kentin karakterini ve k\u00fclt\u00fcr\u00fcn\u00fc \u015fekillendiren uzun ve tarihi bir ge\u00e7mi\u015fe sahiptir.","protected":false},"author":19,"featured_media":13209,"comment_status":"closed","ping_status":"closed","sticky":false,"template":"","format":"standard","meta":{"footnotes":""},"categories":[204,14,46],"tags":[49],"table_tags":[],"_links":{"self":[{"href":"https:\/\/prague.org\/tr\/wp-json\/wp\/v2\/posts\/13208"}],"collection":[{"href":"https:\/\/prague.org\/tr\/wp-json\/wp\/v2\/posts"}],"about":[{"href":"https:\/\/prague.org\/tr\/wp-json\/wp\/v2\/types\/post"}],"author":[{"embeddable":true,"href":"https:\/\/prague.org\/tr\/wp-json\/wp\/v2\/users\/19"}],"replies":[{"embeddable":true,"href":"https:\/\/prague.org\/tr\/wp-json\/wp\/v2\/comments?post=13208"}],"version-history":[{"count":1,"href":"https:\/\/prague.org\/tr\/wp-json\/wp\/v2\/posts\/13208\/revisions"}],"predecessor-version":[{"id":13210,"href":"https:\/\/prague.org\/tr\/wp-json\/wp\/v2\/posts\/13208\/revisions\/13210"}],"wp:featuredmedia":[{"embeddable":true,"href":"https:\/\/prague.org\/tr\/wp-json\/wp\/v2\/media\/13209"}],"wp:attachment":[{"href":"https:\/\/prague.org\/tr\/wp-json\/wp\/v2\/media?parent=13208"}],"wp:term":[{"taxonomy":"category","embeddable":true,"href":"https:\/\/prague.org\/tr\/wp-json\/wp\/v2\/categories?post=13208"},{"taxonomy":"post_tag","embeddable":true,"href":"https:\/\/prague.org\/tr\/wp-json\/wp\/v2\/tags?post=13208"},{"taxonomy":"table_tags","embeddable":true,"href":"https:\/\/prague.org\/tr\/wp-json\/wp\/v2\/table_tags?post=13208"}],"curies":[{"name":"wp","href":"https:\/\/api.w.org\/{rel}","templated":true}]}}