{"id":14487,"date":"2025-10-10T09:29:13","date_gmt":"2025-10-10T07:29:13","guid":{"rendered":"https:\/\/prague.org\/?p=14487"},"modified":"2025-10-08T22:34:40","modified_gmt":"2025-10-08T20:34:40","slug":"garden-of-lights-prague-2025","status":"publish","type":"post","link":"https:\/\/prague.org\/tr\/prag-isiklar-bahcesi\u0307-2025\/","title":{"rendered":"2025-2026'da Prag I\u015f\u0131k Bah\u00e7esi'nin B\u00fcy\u00fcs\u00fcn\u00fc Ke\u015ffedin"},"content":{"rendered":"<p><span style=\"font-weight: 400;\">B\u00fcy\u00fcl\u00fc \u015fehri ziyaret etmeye haz\u0131rlan\u0131n <\/span><b>Prag I\u015f\u0131k Bah\u00e7esi<\/b><span style=\"font-weight: 400;\"> 2025-2026, yarat\u0131c\u0131l\u0131\u011f\u0131n \u015fehrin kalbinde \u0131\u015f\u0131kla bulu\u015ftu\u011fu yer. \"Vah\u015fi Asya\" temal\u0131 bu y\u0131lki etkinlik, Prag Hayvanat Bah\u00e7esi'ni kaplanlar, tap\u0131naklar ve \u0131\u015f\u0131lt\u0131l\u0131 fenerlerle dolu \u0131\u015f\u0131lt\u0131l\u0131 bir harikalar diyar\u0131na d\u00f6n\u00fc\u015ft\u00fcr\u00fcyor. Bu y\u0131l <\/span><b>Prag I\u015f\u0131k Bah\u00e7esi<\/b><span style=\"font-weight: 400;\">Aileler, \u00e7iftler ve merakl\u0131 gezginler i\u00e7in ideal olan bu otel, sizi Asya'y\u0131 renk, yarat\u0131c\u0131l\u0131k ve \u0131\u015f\u0131kla ke\u015ffetmeye te\u015fvik ediyor.<\/span><\/p>\n<p>&nbsp;<\/p>\n<h2 id=\"garden-of-lights-prague-2025-26-wild-asia-comes-to-life\"><span style=\"font-weight: 400;\">Prag I\u015f\u0131k Bah\u00e7esi 2025-26 - vah\u015fi Asya canlan\u0131yor<\/span><\/h2>\n<p><span style=\"font-weight: 400;\">Bu <\/span><b>I\u015f\u0131k Bah\u00e7esi Vah\u015fi Asya<\/b><span style=\"font-weight: 400;\"> Prag Hayvanat Bah\u00e7esi'ni 31 Ekim 2025'ten 15 \u015eubat 2026'ya kadar ayd\u0131nlatacak ve sanat, \u0131\u015f\u0131k ve e\u011fitimi bir araya getirecek. Sergi, Prag Hayvanat Bah\u00e7esi ile birlikte ziyaret\u00e7ileri s\u00fcr\u00fckleyici bir yolculu\u011fa \u00e7\u0131kar\u0131yor. <\/span><b>\u0131\u015f\u0131k g\u00f6sterisi Prag Hayvanat Bah\u00e7esi<\/b><span style=\"font-weight: 400;\"> Asya'dan hayvanlar\u0131n ve manzaralar\u0131n gece g\u00f6ky\u00fcz\u00fcnde par\u0131ldad\u0131\u011f\u0131 bir deneyim.<\/span><\/p>\n<p><span style=\"font-weight: 400;\">Her ya\u015fa uygun akustik, interaktif ekranlar ve muhte\u015fem enstalasyonlar\u0131n b\u00fcy\u00fcl\u00fc bir kar\u0131\u015f\u0131m\u0131n\u0131 bekleyin. Arad\u0131\u011f\u0131n\u0131z ister <\/span><a href=\"https:\/\/prague.org\/tr\/laheyde-cocuklarla-yapilacak-12-sey\/\"><span style=\"font-weight: 400;\">Prag'da \u00e7ocuklarla yap\u0131lacak aktiviteler<\/span><\/a><span style=\"font-weight: 400;\"> ya da romantik bir y\u00fcr\u00fcy\u00fc\u015fe \u00e7\u0131kmay\u0131 planl\u0131yorsan\u0131z <\/span><b>I\u015f\u0131k Bah\u00e7esi Vah\u015fi Asya <\/b><span style=\"font-weight: 400;\">Prag'\u0131n k\u0131\u015f cazibesini deneyimlemek i\u00e7in benzersiz bir yol sunar.<\/span><\/p>\n<p>&nbsp;<\/p>\n<h2 id=\"a-journey-through-asia-tigers-temples-and-lanterns\"><span style=\"font-weight: 400;\">Asya'da bir yolculuk - kaplanlar, tap\u0131naklar ve fenerler<\/span><\/h2>\n<p><span style=\"font-weight: 400;\">Hindistan, \u00c7in, Endonezya ve Asya Bozk\u0131rlar\u0131n\u0131 tasvir eden temal\u0131 b\u00f6lgeler halinde d\u00fczenlenmi\u015f vah\u015fi Asya'n\u0131n \u00e7e\u015fitli manzaralar\u0131na ad\u0131m at\u0131n.<\/span><\/p>\n<p><span style=\"font-weight: 400;\">Prag Hayvanat Bah\u00e7esi'nin koruma giri\u015fimlerinin bir par\u00e7as\u0131 olan Sumatra kaplan\u0131, kar leopar\u0131 ve Przewalski'nin at\u0131n\u0131n ayd\u0131nlat\u0131lm\u0131\u015f temsillerine bak\u0131n.<\/span><\/p>\n<p><span style=\"font-weight: 400;\">Filmdeki her sahne <\/span><b>I\u015f\u0131klar Bah\u00e7esi 2025 Prag<\/b><span style=\"font-weight: 400;\"> Hikaye anlat\u0131c\u0131l\u0131\u011f\u0131 ve \u00e7evre e\u011fitimini harmanlayarak \u00e7ocuklar\u0131 ve yeti\u015fkinleri ilgi \u00e7ekici g\u00f6rseller arac\u0131l\u0131\u011f\u0131yla yaban hayat\u0131 ve \u00e7evre hakk\u0131nda bilgi edinmeye te\u015fvik ediyor.<\/span><\/p>\n<p>&nbsp;<\/p>\n<h2 id=\"top-installations-and-visual-experiences\"><span style=\"font-weight: 400;\">En iyi kurulumlar ve g\u00f6rsel deneyimler<\/span><\/h2>\n<p><span style=\"font-weight: 400;\">G\u00f6z kama\u015ft\u0131r\u0131c\u0131 bir r\u00fcyaya ad\u0131m at\u0131n <\/span><b>Prag I\u015f\u0131k Bah\u00e7esi<\/b><span style=\"font-weight: 400;\"> 2025-26, sanat, do\u011fa ve teknolojinin uyumlu bir \u015fekilde bir arada var oldu\u011fu yer. Sergide d\u00fczinelerce muhte\u015fem \u0131\u015f\u0131k-sanat eseri sergileniyor:<\/span><\/p>\n<ul>\n<li style=\"font-weight: 400;\" aria-level=\"1\"><span style=\"font-weight: 400;\">Sakura T\u00fcneli, pembe kiraz \u00e7i\u00e7e\u011fi \u0131\u015f\u0131kl\u0131 55 metrelik bir koridor<\/span><\/li>\n<li style=\"font-weight: 400;\" aria-level=\"1\"><span style=\"font-weight: 400;\">B\u00fcy\u00fcleyici I\u015f\u0131lt\u0131l\u0131 \u015eelale<\/span><\/li>\n<li style=\"font-weight: 400;\" aria-level=\"1\"><span style=\"font-weight: 400;\">E\u011flenceli Uzat\u0131labilir A\u011fa\u00e7<\/span><\/li>\n<li style=\"font-weight: 400;\" aria-level=\"1\"><span style=\"font-weight: 400;\">Narin \u00c7i\u00e7ek Tarlas\u0131<\/span><\/li>\n<li style=\"font-weight: 400;\" aria-level=\"1\"><span style=\"font-weight: 400;\">Kelebekler ile Canl\u0131 Ye\u015fil Duvar<\/span><\/li>\n<\/ul>\n<p><span style=\"font-weight: 400;\">Her b\u00f6l\u00fcm ideal bir foto\u011fraf f\u0131rsat\u0131n\u0131n yan\u0131 s\u0131ra parlak bir fantezi d\u00fcnyas\u0131na girme yan\u0131lsamas\u0131 sunuyor. Bu <\/span><b>Prag Hayvanat Bah\u00e7esi \u0131\u015f\u0131klar\u0131 2025 <\/b><span style=\"font-weight: 400;\">Prag'\u0131n Instagram'da en \u00e7ok payla\u015f\u0131lan k\u0131\u015f cazibe merkezlerinden biridir.<\/span><\/p>\n<p>&nbsp;<\/p>\n<h2 id=\"garden-of-lights-hours-tickets-and-accessibility\"><span style=\"font-weight: 400;\">I\u015f\u0131k Bah\u00e7esi - saatler, biletler ve eri\u015filebilirlik<\/span><\/h2>\n<p><span style=\"font-weight: 400;\">Esnek ziyaret saatleri, uygun bilet fiyatlar\u0131 ve herkes i\u00e7in tam eri\u015filebilirlik ile Prag'\u0131n en b\u00fcy\u00fcleyici k\u0131\u015f deneyimine ad\u0131m at\u0131n.<\/span><\/p>\n<h3 id=\"how-long-to-explore\"><span style=\"font-weight: 400;\">Ke\u015ffetmek ne kadar s\u00fcrer?<\/span><\/h3>\n<p><span style=\"font-weight: 400;\">Bir ziyaret <\/span><b>Prag I\u015f\u0131k Bah\u00e7esi 2025-26 <\/b><span style=\"font-weight: 400;\">tipik olarak yakla\u015f\u0131k bir saat s\u00fcrer ve size her bir ayd\u0131nlatma b\u00f6lgesini ke\u015ffetmek ve acele etmeden foto\u011fraf \u00e7ekmek i\u00e7in bolca zaman verir.<\/span><\/p>\n<h3 id=\"opening-hours\"><span style=\"font-weight: 400;\">\u00c7al\u0131\u015fma saatleri<\/span><\/h3>\n<p><span style=\"font-weight: 400;\">Bu <\/span><b>I\u015f\u0131k Bah\u00e7esi Vah\u015fi Asya<\/b><span style=\"font-weight: 400;\"> sergi 31 Ekim 2025'ten 15 \u015eubat 2026'ya kadar her g\u00fcn a\u00e7\u0131kt\u0131r.<\/span><\/p>\n<p><b>Hafta i\u00e7i: <\/b><span style=\"font-weight: 400;\">16:30 - 21:00 aras\u0131.<\/span><\/p>\n<p><b>Hafta sonlar\u0131 ve tatiller: <\/b><span style=\"font-weight: 400;\">16:30 - 22:00 aras\u0131.<\/span><\/p>\n<p><span style=\"font-weight: 400;\">Prag Hayvanat Bah\u00e7esi'ni ziyaret etmek i\u00e7in en iyi zaman, tam \u0131\u015f\u0131k ve ses deneyimi i\u00e7in g\u00fcn bat\u0131m\u0131ndan sonrad\u0131r.<\/span><\/p>\n<h3 id=\"tickets-and-pricing\"><span style=\"font-weight: 400;\">Biletler ve fiyatland\u0131rma<\/span><\/h3>\n<p><span style=\"font-weight: 400;\">Biletler \u015fu adresten sat\u0131n al\u0131nabilir <\/span><a href=\"https:\/\/gardenoflights.com\/cs\/prague\" rel=\"nofollow noopener\"><span style=\"font-weight: 400;\">resmi web sitesi<\/span><\/a><span style=\"font-weight: 400;\"> ya da giri\u015fte. Paradan tasarruf etmek ve uzun kuyruklardan ka\u00e7\u0131nmak i\u00e7in \u00e7evrimi\u00e7i sat\u0131n almay\u0131 d\u00fc\u015f\u00fcn\u00fcn.<\/span><\/p>\n<ul>\n<li style=\"font-weight: 400;\" aria-level=\"1\"><span style=\"font-weight: 400;\">Yeti\u015fkinler: yakla\u015f\u0131k 330 CZK.<\/span><\/li>\n<li style=\"font-weight: 400;\" aria-level=\"1\"><span style=\"font-weight: 400;\">\u00c7ocuklar (3-15 ya\u015f): 250 CZK<\/span><\/li>\n<li style=\"font-weight: 400;\" aria-level=\"1\"><span style=\"font-weight: 400;\">Ya\u015fl\u0131lar ve \u00f6\u011frenciler: 290 CZK.<\/span><\/li>\n<li style=\"font-weight: 400;\" aria-level=\"1\"><span style=\"font-weight: 400;\">\u00dc\u00e7 ya\u015f\u0131ndan k\u00fc\u00e7\u00fck \u00e7ocuklar ve evcil k\u00f6pekleri i\u00e7in giri\u015f \u00fccretsizdir.<\/span><\/li>\n<li style=\"font-weight: 400;\" aria-level=\"1\"><span style=\"font-weight: 400;\">Ayr\u0131ca aile ve grup paketleri de mevcuttur. <\/span><b>I\u015f\u0131klar Bah\u00e7esi 2025 Prag <\/b><span style=\"font-weight: 400;\">sezon.<\/span><\/li>\n<\/ul>\n<h3 id=\"accessibility\"><span style=\"font-weight: 400;\">Eri\u015filebilirlik<\/span><\/h3>\n<p><span style=\"font-weight: 400;\">Etkinlik tekerlekli sandalye ve bebek arabas\u0131 dostu olup, boyunca yumu\u015fak y\u00fcr\u00fcy\u00fc\u015f yollar\u0131 ve dinlenme noktalar\u0131 bulunmaktad\u0131r. Hizmet k\u00f6pekleri kabul edilir ve uygun \u015fekilde tan\u0131mlanm\u0131\u015f i\u015faretler turistleri t\u00fcm parkur boyunca y\u00f6nlendirir.<\/span><\/p>\n<p>&nbsp;<\/p>\n<h2 id=\"prague-zoo-by-night-a-unique-experience\"><span style=\"font-weight: 400;\">Gece Prag Hayvanat Bah\u00e7esi - e\u015fsiz bir deneyim<\/span><\/h2>\n<p><span style=\"font-weight: 400;\">P'yi Deneyimleyin<\/span><b>rague Hayvanat Bah\u00e7esi \u0131\u015f\u0131klar\u0131 2025<\/b><span style=\"font-weight: 400;\"> hava karard\u0131ktan sonra daha \u00f6nce hi\u00e7 g\u00f6rmedi\u011finiz bir bask\u0131! I\u015f\u0131kland\u0131r\u0131lm\u0131\u015f patikalar, g\u00f6z kama\u015ft\u0131r\u0131c\u0131 bir \u0131\u015f\u0131k ve renk d\u00fcnyas\u0131na d\u00f6n\u00fc\u015ft\u00fcr\u00fclen hayvanat bah\u00e7esi alan\u0131n\u0131n e\u015fsiz bir manzaras\u0131n\u0131 sunuyor. Maceran\u0131zdan en iyi \u015fekilde yararlanmak i\u00e7in bunu hayvanat bah\u00e7esinde ge\u00e7irece\u011finiz bir g\u00fcnle birle\u015ftirin.<\/span><\/p>\n<p>&nbsp;<\/p>\n<h2 id=\"more-things-to-do-in-prague-in-autumn-and-winter\"><span style=\"font-weight: 400;\">Sonbahar ve k\u0131\u015f aylar\u0131nda Prag'da yap\u0131lacak daha fazla \u015fey<\/span><\/h2>\n<p><span style=\"font-weight: 400;\">Burada yap\u0131lacak daha fazla \u015fey mi ar\u0131yorsunuz? <\/span><a href=\"https:\/\/prague.org\/tr\/ekim-ayinda-pragda-hava-neye-benzer\/\"><span style=\"font-weight: 400;\">Sonbaharda Prag<\/span><\/a><span style=\"font-weight: 400;\"> ve k\u0131\u015f aylar\u0131nda ziyaret ettikten sonra <\/span><b>Prag I\u015f\u0131k Bah\u00e7esi<\/b><span style=\"font-weight: 400;\">? <\/span>Prag b\u00f6lgesinde yap\u0131lacak di\u011fer aktiviteleri ke\u015ffedin:<\/p>\n<div data-gyg-href=\"https:\/\/widget.getyourguide.com\/default\/activities.frame\" data-gyg-locale-code=\"en-US\" data-gyg-widget=\"activities\" data-gyg-number-of-items=\"3\" data-gyg-partner-id=\"U94OQGQ\" data-gyg-tour-ids=\"881920,66055,485609\">Taraf\u0131ndan desteklenmektedir <a href=\"https:\/\/www.getyourguide.com\/prague-l10\/\" target=\"_blank\" rel=\"noopener sponsored nofollow\">GetYourGuide<\/a><\/div>\n<p>&nbsp;<\/p>\n<p><span style=\"font-weight: 400;\">I\u015f\u0131k Bah\u00e7esi'ni g\u00f6rd\u00fckten sonra, k\u0131\u015f\u0131n Prag'\u0131 deneyimlemenin di\u011fer yollar\u0131n\u0131 da ara\u015ft\u0131r\u0131n; \u00f6rne\u011fin Noel pazarlar\u0131nda dola\u015fmak, <\/span><a href=\"https:\/\/prague.org\/tr\/pragda-noelde-en-i\u0307yi\u0307-seyler\/\"><span style=\"font-weight: 400;\">Prag Noel \u0131\u015f\u0131klar\u0131 ve k\u0131\u015f etkinlikleri<\/span><\/a><span style=\"font-weight: 400;\">ya da bir konser veya nehir gezisi ile \u0131s\u0131nmak.<\/span><\/p>\n<p>&nbsp;<\/p>\n<div data-gyg-href=\"https:\/\/widget.getyourguide.com\/default\/activities.frame\" data-gyg-locale-code=\"en-US\" data-gyg-widget=\"activities\" data-gyg-number-of-items=\"3\" data-gyg-partner-id=\"U94OQGQ\" data-gyg-tour-ids=\"357390,52214,432707\">Taraf\u0131ndan desteklenmektedir <a href=\"https:\/\/www.getyourguide.com\/prague-l10\/\" target=\"_blank\" rel=\"noopener sponsored nofollow\">GetYourGuide<\/a><\/div>\n<p>&nbsp;<\/p>\n<p>&nbsp;<\/p>\n<p><span style=\"font-weight: 400;\">\u0130ster sanata, ister do\u011faya, isterse de \u0131\u015f\u0131k dolu aktivitelere meyilli olun <\/span><b>Prag I\u015f\u0131k Bah\u00e7esi <\/b><span style=\"font-weight: 400;\">2025-26 Prag'\u0131n b\u00fcy\u00fcleyici k\u0131\u015f aylar\u0131n\u0131 anmak i\u00e7in ideal bir yoldur.<\/span><\/p>\n<p>&nbsp;<\/p>\n<p>G\u00f6r\u00fcnt\u00fc kayna\u011f\u0131 <a href=\"https:\/\/prague.eu\/\" target=\"_blank\" rel=\"nofollow noopener\">prague.eu<\/a><\/p>\n<div data-gyg-href=\"https:\/\/widget.getyourguide.com\/default\/city.frame\" data-gyg-location-id=\"10\" data-gyg-locale-code=\"en-US\" data-gyg-widget=\"city\" data-gyg-partner-id=\"U94OQGQ\"><\/div>","protected":false},"excerpt":{"rendered":"Prag'\u0131n kalbinde yarat\u0131c\u0131l\u0131\u011f\u0131n \u0131\u015f\u0131kla bulu\u015ftu\u011fu b\u00fcy\u00fcl\u00fc Garden of Lights Prague 2025-2026'y\u0131 ziyaret etmeye haz\u0131rlan\u0131n...","protected":false},"author":21,"featured_media":14488,"comment_status":"closed","ping_status":"closed","sticky":false,"template":"","format":"standard","meta":{"footnotes":""},"categories":[204,19,1],"tags":[66],"table_tags":[],"_links":{"self":[{"href":"https:\/\/prague.org\/tr\/wp-json\/wp\/v2\/posts\/14487"}],"collection":[{"href":"https:\/\/prague.org\/tr\/wp-json\/wp\/v2\/posts"}],"about":[{"href":"https:\/\/prague.org\/tr\/wp-json\/wp\/v2\/types\/post"}],"author":[{"embeddable":true,"href":"https:\/\/prague.org\/tr\/wp-json\/wp\/v2\/users\/21"}],"replies":[{"embeddable":true,"href":"https:\/\/prague.org\/tr\/wp-json\/wp\/v2\/comments?post=14487"}],"version-history":[{"count":9,"href":"https:\/\/prague.org\/tr\/wp-json\/wp\/v2\/posts\/14487\/revisions"}],"predecessor-version":[{"id":14497,"href":"https:\/\/prague.org\/tr\/wp-json\/wp\/v2\/posts\/14487\/revisions\/14497"}],"wp:featuredmedia":[{"embeddable":true,"href":"https:\/\/prague.org\/tr\/wp-json\/wp\/v2\/media\/14488"}],"wp:attachment":[{"href":"https:\/\/prague.org\/tr\/wp-json\/wp\/v2\/media?parent=14487"}],"wp:term":[{"taxonomy":"category","embeddable":true,"href":"https:\/\/prague.org\/tr\/wp-json\/wp\/v2\/categories?post=14487"},{"taxonomy":"post_tag","embeddable":true,"href":"https:\/\/prague.org\/tr\/wp-json\/wp\/v2\/tags?post=14487"},{"taxonomy":"table_tags","embeddable":true,"href":"https:\/\/prague.org\/tr\/wp-json\/wp\/v2\/table_tags?post=14487"}],"curies":[{"name":"wp","href":"https:\/\/api.w.org\/{rel}","templated":true}]}}