{"id":3075,"date":"2022-06-08T10:37:17","date_gmt":"2022-06-08T08:37:17","guid":{"rendered":"https:\/\/prague.org\/?p=3075"},"modified":"2023-08-03T15:22:09","modified_gmt":"2023-08-03T13:22:09","slug":"beautiful-parks-and-gardens","status":"publish","type":"post","link":"https:\/\/prague.org\/tr\/guzel-parklar-ve-bahceler\/","title":{"rendered":"G\u00fczel Parklar ve Bah\u00e7eler"},"content":{"rendered":"<h2 id=\"7-most-beautiful-parks-and-gardens-in-prague\" class=\"wp-block-heading\">Prag'\u0131n En G\u00fczel 7 Park ve Bah\u00e7esi<\/h2>\n\n\n\n<p>Prag, Gotik tarzdaki kilise ve katedrallerinden, Rokoko tarz\u0131ndaki Prag Saray\u0131'na kadar uzanan g\u00fczel mimarisiyle tan\u0131n\u0131r.&nbsp;<a href=\"https:\/\/prague.org\/tr\/kinsky-palace\/\">Kinsk\u00fd Saray\u0131<\/a>. Bununla birlikte, ormanl\u0131k alan, park ve bah\u00e7e sevenler i\u00e7in de sunacak bir \u015feyleri vard\u0131r. Asl\u0131nda, bu Bohemya ba\u015fkentinde \u015fehrin her taraf\u0131na yay\u0131lm\u0131\u015f 200'den fazla ye\u015fil alan bulunmaktad\u0131r ve toplam alan\u0131n 20%'sini olu\u015fturmaktad\u0131r. Prag bah\u00e7eleri ve parklar\u0131 ola\u011fan\u00fcst\u00fc g\u00fczellikleriyle \u00fcnl\u00fcd\u00fcr. Asl\u0131nda, bu Bohemya ba\u015fkentinde toplam alan\u0131n 20%'sini olu\u015fturan 200'den fazla ye\u015fil alan bulunmaktad\u0131r.<\/p>\n\n\n\n<p>Bu yerler de olduk\u00e7a \u00e7e\u015fitlidir: baz\u0131lar\u0131 tarihi bah\u00e7eler, k\u00fc\u00e7\u00fck meyve bah\u00e7eleri, geni\u015f ormanl\u0131k alanlar ve b\u00fcy\u00fck park kompleksleridir. Dinlenmek i\u00e7in bir yer sunman\u0131n yan\u0131 s\u0131ra, mevsimlik festivaller, sergiler ve mutfak etkinlikleri gibi baz\u0131 heyecan verici etkinliklere de ev sahipli\u011fi yaparlar.<\/p>\n\n\n\n<p>\u0130ster \u0131l\u0131k yaz aylar\u0131nda, ister de\u011fi\u015fen renkleriyle sonbaharda ziyaret ediyor olun, i\u015fte size \u015fehrin tad\u0131n\u0131 \u00e7\u0131karabilece\u011finiz en g\u00fczel yedi park ve bah\u00e7e.<\/p>\n\n\n\n<div class=\"gyg-iframe-container\" style=\"margin-bottom:1.5em\"><iframe style=\"border:0;height:100%;width:100%\" title=\"GetYourGuide etkinlikler widget&#039;\u0131\" src=\"https:\/\/widget.getyourguide.com\/default\/activities.frame?widget=wp_activities&amp;currency=EUR&amp;locale_code=en-GB&amp;number_of_items=3&amp;partner_id=U94OQGQ&amp;q=parks%20prague\"><\/iframe><\/div>\n\n\n\n<h3 id=\"prepare-to-be-dazzled-by-the-stunning-beauty-of-kampa-park-prague\" class=\"wp-block-heading\"><strong>Prag'daki Kampa park\u0131n\u0131n \u00e7arp\u0131c\u0131 g\u00fczelli\u011fi kar\u015f\u0131s\u0131nda g\u00f6zleriniz kama\u015fmaya haz\u0131r olun<\/strong><\/h3>\n\n\n\n<p>\u00dczerinde yer alan&nbsp;<a href=\"https:\/\/prague.org\/tr\/kampa-ada\/\">Kampa Adas\u0131<\/a>&nbsp;Vltava Nehri ile \u010certovka Deresi aras\u0131nda, Prag'\u0131n pitoresk Kampa Park\u0131 yer almaktad\u0131r. E\u015fsiz konumu nedeniyle, nehrin ve derenin e\u015fsiz manzaras\u0131n\u0131 izleme imk\u00e2n\u0131na sahipsiniz.&nbsp;<a href=\"https:\/\/prague.org\/tr\/kucuk-kasaba-2\/\">K\u00fc\u00e7\u00fck \u015eehir<\/a>. Saraylardan, antik evlerden, k\u00fc\u00e7\u00fck de\u011firmenlerden ve g\u00fczel k\u00f6pr\u00fclerden yay\u0131lan masals\u0131 atmosferi ile buras\u0131 da g\u00f6r\u00fclmeye de\u011fer bir yerdir.<\/p>\n\n\n\n<h3 id=\"experience-nature-perfectly-at-stromovka-park-in-prague\" class=\"wp-block-heading\"><strong>Prag'daki Stromovka park\u0131nda do\u011fay\u0131 m\u00fckemmel bir \u015fekilde deneyimleyin<\/strong><\/h3>\n\n\n\n<p><a href=\"https:\/\/prague.org\/tr\/royal-park-stromovka\/\">Stromovka Park\u0131<\/a>&nbsp;Prag'daki Stromovka, \u015fehrin en g\u00fczel parklar\u0131ndan bir di\u011feridir. Stromovka, 13. y\u00fczy\u0131lda ilk tasarland\u0131\u011f\u0131nda Kraliyet av rezervi olarak tasarlanm\u0131\u015ft\u0131, dolay\u0131s\u0131yla devasa boyutlara sahipti. Daha sonra 19. y\u00fczy\u0131lda bir parka d\u00f6n\u00fc\u015ft\u00fcr\u00fclm\u00fc\u015ft\u00fcr. Yakla\u015f\u0131k 95 hektarl\u0131k bir alana yay\u0131lan park, Prag'\u0131n en b\u00fcy\u00fck parklar\u0131ndan biridir.&nbsp;<\/p>\n\n\n\n<p>\u015eehrin sakin ve sessiz bir b\u00f6lgesinde yer alan bu park, sundu\u011fu do\u011fal ye\u015fillikler nedeniyle ziyaret\u00e7iler ve park severler aras\u0131nda olduk\u00e7a pop\u00fclerdir.<\/p>\n\n\n\n<h2 id=\"other-notable-prague-parks-and-gardens\" class=\"wp-block-heading\"><strong>Di\u011fer \u00d6nemli Prag Park ve Bah\u00e7eleri<\/strong><\/h2>\n\n\n\n<h3 id=\"letna-park-letenske-sady\" class=\"wp-block-heading\"><strong>Letn\u00e1 Park\u0131 (Letensk\u00e9 Sady)<\/strong><\/h3>\n\n\n\n<p>Bir tepenin \u00fczerinde yer al\u0131yor,&nbsp;<a href=\"https:\/\/prague.org\/tr\/letna-park\/\">Letn\u00e1 Park<\/a>&nbsp;\u015fehrin nefes kesici manzaras\u0131n\u0131, Vltava Nehri'nin ve k\u00f6pr\u00fclerinin ku\u015f bak\u0131\u015f\u0131 g\u00f6r\u00fcnt\u00fcs\u00fcn\u00fc ve Eski Kent'in b\u00fcy\u00fcleyici manzaralar\u0131n\u0131 sunan bir ba\u015fka \u00fcnl\u00fc Prag park\u0131d\u0131r. Letn\u00e1 park\u0131 muhte\u015fem manzaralar\u0131n\u0131n yan\u0131 s\u0131ra bir bira bah\u00e7esi olarak da hizmet vermektedir. Yakla\u015f\u0131k 50 CZK kar\u015f\u0131l\u0131\u011f\u0131nda bir bardak bira alabilir, piknik masalar\u0131ndan herhangi birinde yer bulabilir ve etraf\u0131n\u0131zdaki manzarayla g\u00fcn\u00fcn tad\u0131n\u0131 \u00e7\u0131karabilirsiniz.<\/p>\n\n\n\n<figure class=\"wp-block-image size-full\"><img decoding=\"async\" width=\"720\" height=\"480\" src=\"https:\/\/prague.org\/wp-content\/uploads\/2022\/06\/image-45.png\" alt=\"Letna Park&#039;tan Vltava nehri \u00fczerindeki k\u00f6pr\u00fclerin y\u00fckseltilmi\u015f g\u00f6r\u00fcn\u00fcm\u00fc. Alacakaranl\u0131kta Prag, \u00c7ek Cumhuriyeti\" class=\"wp-image-4320\" srcset=\"https:\/\/prague.org\/wp-content\/uploads\/2022\/06\/image-45.png 720w, https:\/\/prague.org\/wp-content\/uploads\/2022\/06\/image-45-600x400.png 600w, https:\/\/prague.org\/wp-content\/uploads\/2022\/06\/image-45-300x200.png 300w, https:\/\/prague.org\/wp-content\/uploads\/2022\/06\/image-45-380x253.png 380w\" sizes=\"(max-width: 720px) 100vw, 720px\" \/><figcaption class=\"wp-element-caption\">Letna Park'tan Vltava nehri \u00fczerindeki k\u00f6pr\u00fclerin y\u00fckseltilmi\u015f g\u00f6r\u00fcn\u00fcm\u00fc. Alacakaranl\u0131kta Prag, \u00c7ek Cumhuriyeti<\/figcaption><\/figure>\n\n\n\n<p>Park ayn\u0131 zamanda kaykayc\u0131lar\u0131n da g\u00f6zde mek\u00e2n\u0131d\u0131r, dolay\u0131s\u0131yla onlar\u0131 eski bir Stalin an\u0131t\u0131n\u0131n yerini alan ve Zaman Makinesi olarak bilinen dev metronomun etraf\u0131nda yar\u0131\u015f\u0131rken g\u00f6rebilirsiniz.<\/p>\n\n\n\n<h3 id=\"petrin-hill-petrinske-sady\" class=\"wp-block-heading\"><strong>Pet\u0159\u00edn Tepesi (Pet\u0159\u00ednsk\u00e9 Sady)<\/strong><\/h3>\n\n\n\n<p><a href=\"https:\/\/prague.org\/tr\/petrin-hill\/\">Pet\u0159\u00edn Tepesi<\/a>&nbsp;ayn\u0131 zamanda \u00e7ok \u00e7e\u015fitli cazibe merkezlerine ev sahipli\u011fi yapan Prag park ve bah\u00e7elerinden biridir. Mini Eyfel Kulesi'nden bah\u00e7elerine kadar,&nbsp;<a href=\"https:\/\/prague.org\/tr\/ayna-maze-2\/\">Aynal\u0131 Labirent<\/a>ve f\u00fcnik\u00fcler demiryolu. \u00d6zellikle a\u011fa\u00e7lar\u0131n ve bah\u00e7elerin \u00e7i\u00e7ek a\u00e7t\u0131\u011f\u0131 bahar aylar\u0131nda \u00e7ok g\u00fczeldir. \u00c7i\u00e7ek severler, zirvedeki G\u00fcl Bah\u00e7esi'ne ya da G\u00f6zlemevi ve Planetaryum'un yak\u0131n\u0131nda bulabilece\u011finiz Kv\u011btnice'nin duvarlarla \u00e7evrili \u00e7i\u00e7ek bah\u00e7esine gidebilirler.<\/p>\n\n\n\n<figure class=\"wp-block-image size-full\"><img decoding=\"async\" width=\"720\" height=\"480\" src=\"https:\/\/prague.org\/wp-content\/uploads\/2022\/06\/image-46.png\" alt=\"Detaylar Aziz Lawrence Katedrali\" class=\"wp-image-4321\" srcset=\"https:\/\/prague.org\/wp-content\/uploads\/2022\/06\/image-46.png 720w, https:\/\/prague.org\/wp-content\/uploads\/2022\/06\/image-46-600x400.png 600w, https:\/\/prague.org\/wp-content\/uploads\/2022\/06\/image-46-300x200.png 300w, https:\/\/prague.org\/wp-content\/uploads\/2022\/06\/image-46-380x253.png 380w\" sizes=\"(max-width: 720px) 100vw, 720px\" \/><figcaption class=\"wp-element-caption\">Detaylar Aziz Lawrence Katedrali<\/figcaption><\/figure>\n\n\n\n<p>Ayr\u0131ca bir de&nbsp;<a href=\"https:\/\/prague.org\/tr\/strahov-manastiri\/\">Strahov Manast\u0131r\u0131<\/a>&nbsp;Yak\u0131nlarda kitap ve sanat severler i\u00e7in bir k\u00fct\u00fcphane ve resim galerisi bulunmaktad\u0131r. Astronomi ve do\u011fa bilimleriyle ilgilenenler i\u00e7in \u0160tef\u00e1nik G\u00f6zlemevi teleskoplar\u0131, kubbeleri ve sergileriyle g\u00f6ky\u00fcz\u00fc hakk\u0131nda daha fazla bilgi edinmek i\u00e7in ideal bir yerdir.<\/p>\n\n\n\n<h3 id=\"kampa-park\" class=\"wp-block-heading\"><strong>Kampa Park<\/strong><\/h3>\n\n\n\n<p>Vltava Nehri ile \u010certovka deresi aras\u0131ndaki adada yer alan pitoresk Kampa Park\u0131. E\u015fsiz konumu nedeniyle, nehrin ve derenin e\u015fsiz manzaras\u0131n\u0131 izleme imk\u00e2n\u0131na sahipsiniz.&nbsp;<a href=\"https:\/\/prague.org\/tr\/kucuk-kasaba-2\/\">K\u00fc\u00e7\u00fck \u015eehir<\/a>. Saraylardan, antik evlerden, k\u00fc\u00e7\u00fck de\u011firmenlerden ve g\u00fczel k\u00f6pr\u00fclerden yay\u0131lan masals\u0131 atmosferi ile buras\u0131 da g\u00f6r\u00fclmeye de\u011fer bir yerdir.<\/p>\n\n\n\n<figure class=\"wp-block-image size-full is-resized\"><img decoding=\"async\" src=\"https:\/\/prague.org\/wp-content\/uploads\/2022\/06\/image-47.png\" alt=\"Charles K\u00f6pr\u00fcs\u00fc yak\u0131n\u0131ndaki tarihi Prag&#039;da \u015fafak vakti,\" class=\"wp-image-4323\" width=\"680\" height=\"453\" srcset=\"https:\/\/prague.org\/wp-content\/uploads\/2022\/06\/image-47.png 720w, https:\/\/prague.org\/wp-content\/uploads\/2022\/06\/image-47-600x400.png 600w, https:\/\/prague.org\/wp-content\/uploads\/2022\/06\/image-47-300x200.png 300w, https:\/\/prague.org\/wp-content\/uploads\/2022\/06\/image-47-380x253.png 380w\" sizes=\"(max-width: 680px) 100vw, 680px\" \/><figcaption class=\"wp-element-caption\">Charles K\u00f6pr\u00fcs\u00fc yak\u0131n\u0131ndaki tarihi Prag'da \u015fafak vakti<\/figcaption><\/figure>\n\n\n\n<p>G\u00fcneydeki \u00e7imler genellikle k\u00fclt\u00fcrel etkinlikler i\u00e7in kullan\u0131l\u0131r ve piknik yapmak i\u00e7in favori noktalard\u0131r. Yak\u0131nlarda Franti\u0161ek Kupka'n\u0131n soyut sanat eserlerinden olu\u015fan bir koleksiyona ev sahipli\u011fi yapan Kampa M\u00fczesi bulunmaktad\u0131r. \u0130lgin\u00e7 bir \u015fey i\u00e7in, m\u00fczenin hemen kuzeyindeki David \u010cern\u00fd'nin uzayl\u0131 bebek heykellerine g\u00f6z at\u0131n.<\/p>\n\n\n\n<h3 id=\"pruhonice-park-pruhonicky-park\" class=\"wp-block-heading\"><strong>Pr\u016fhonice Park\u0131 (Pr\u016fhonick\u00fd Park\u0131)<\/strong><\/h3>\n\n\n\n<p>Pr\u016fhonice Park\u0131, Prag park ve bah\u00e7elerinin bir ba\u015fka heyecan verici par\u00e7as\u0131d\u0131r. Bu park sadece Avrupa peyzaj mimarisinin g\u00fczel bir \u00f6rne\u011fi olmakla kalmay\u0131p, ayn\u0131 zamanda arazisinde 1.600'den fazla bitki t\u00fcr\u00fcn\u00fc bar\u0131nd\u0131ran geni\u015f bir botanik koleksiyonuna da ev sahipli\u011fi yapmaktad\u0131r. \u015eehrin g\u00fcneydo\u011fu eteklerinde yer alan bu park, 2012 y\u0131l\u0131ndan bu yana UNESCO Miras\u0131 Listesi'nde yer almaktad\u0131r.&nbsp;<\/p>\n\n\n\n<figure class=\"wp-block-image\"><img decoding=\"async\" src=\"https:\/\/i0.wp.com\/prague.org\/wp-content\/uploads\/2021\/07\/Prague-Czech-Republic-skyline-with-historic-Charles-Bridge-and-Vltava-river-as-seen-from-spring-park.-Vintage.-Prague-Czech-Republic-skyline-with-historic-Charles-Bridge-and-Vltava-river.-Vintage-1.jpg?ssl=1\" alt=\"Prag, \u00c7ek Cumhuriyeti sil\u00fceti, tarihi Charles K\u00f6pr\u00fcs\u00fc ve Vltava nehri ile bahar park\u0131ndan g\u00f6r\u00fcl\u00fcyor. Vintage\" class=\"wp-image-5089\"\/><figcaption class=\"wp-element-caption\">Prag, \u00c7ek Cumhuriyeti silueti, tarihi Charles K\u00f6pr\u00fcs\u00fc ve Vltava nehri ile bahar park\u0131ndan g\u00f6r\u00fcld\u00fc\u011f\u00fc gibi<\/figcaption><\/figure>\n\n\n\n<p>Park alan\u0131 i\u00e7inde g\u00f6letler ve g\u00f6llerin yan\u0131 s\u0131ra muhte\u015fem k\u0131r \u00e7i\u00e7ekleriyle dolu durgun sular bulunmaktad\u0131r. Mekan\u0131n do\u011fal g\u00fczelli\u011fini tamamlayan ise k\u0131rsal alan \u00fczerinde y\u00fckselen eski bir orta\u00e7a\u011f kalesidir. Pitoresk ve romantik g\u00fczelli\u011fi nedeniyle, d\u00fc\u011f\u00fcnler i\u00e7in favori mekan olmu\u015ftur ve y\u00fcr\u00fcy\u00fc\u015f yollar\u0131nda gezinen \u00e7iftleri g\u00f6rmek nadir de\u011fildir.<\/p>\n\n\n\n<p>Park, \u00f6zellikle orman g\u00fcllerinin tam \u00e7i\u00e7ek a\u00e7t\u0131\u011f\u0131 bahar aylar\u0131nda b\u00fcy\u00fcleyici bir g\u00f6r\u00fcn\u00fcme b\u00fcr\u00fcnmektedir.&nbsp;<\/p>\n\n\n\n<h2 id=\"historical-and-botanical-gardens\" class=\"wp-block-heading\"><strong>Tarihi ve Botanik Bah\u00e7eler<\/strong><\/h2>\n\n\n\n<h3 id=\"prague-castle-gardens-zahrady-prazskeho-hradu\" class=\"wp-block-heading\"><strong>Prag Kalesi Bah\u00e7eleri (Zahrady Pra\u017esk\u00e9ho Hradu)<\/strong><\/h3>\n\n\n\n<p>Prag'\u0131 ziyaret etmek, g\u00f6rkemli bir binaya u\u011framadan tamamlanm\u0131\u015f say\u0131lmaz.&nbsp;<a href=\"https:\/\/prague.org\/tr\/prag-kalesi-2\/\">Prag Kalesi<\/a>. Zahrady Pra\u017esk\u00e9ho Hradu, Prag bah\u00e7eleri ve parklar\u0131n\u0131n bir di\u011fer \u00f6nemli \u00f6rne\u011fidir. \u0130yi haber \u015fu ki, buradayken \u00fcnl\u00fc simgesel yap\u0131y\u0131 \u00e7evreleyen bah\u00e7eler k\u00fcmesini de ziyaret edebilirsiniz. G\u00fcney k\u0131sm\u0131ndaki Cennet (Rajsk\u00e1) ve Surlar\u0131n \u00dczerinde (Na Valech) bah\u00e7eleri halka a\u00e7\u0131kt\u0131r ve 1920'lerin orijinal d\u00fczenini hala korumaktad\u0131r.&nbsp;<\/p>\n\n\n\n<p>Yemye\u015fil alan\u0131n yan\u0131 s\u0131ra, muhte\u015fem \u00e7ardaklar ve Bo\u011fa Merdiveni gibi heykel \u00f6\u011feleri de sizi bekliyor.&nbsp;<a href=\"https:\/\/prague.org\/tr\/st-vitus-katedrali\/\">Aziz Vitus Katedrali<\/a>&nbsp;bah\u00e7eye kadar uzanmaktad\u0131r. Ayr\u0131ca, Ple\u010dnik piramidine ve oturup g\u00fcne\u015fin tad\u0131n\u0131 \u00e7\u0131karabilece\u011finiz K\u00fc\u00e7\u00fck Belvedere g\u00f6zetleme yerine de mutlaka g\u00f6z at\u0131n.<\/p>\n\n\n\n<p>Yaz aylar\u0131nda, 100 K\u010d kar\u015f\u0131l\u0131\u011f\u0131nda bir \u015fahin veya bayku\u015f tutma \u015fans\u0131na sahip olabilece\u011finiz bir y\u0131rt\u0131c\u0131 ku\u015f sergisi bulunmaktad\u0131r.<\/p>\n\n\n\n<h3 id=\"wallenstein-garden-valdstejnska-zahrada\" class=\"wp-block-heading\"><strong>Wallenstein Bah\u00e7esi (Vald\u0161tejnsk\u00e1 Zahrada)<\/strong><\/h3>\n\n\n\n<p>Masal gibi <a href=\"https:\/\/prague.org\/tr\/wallenstein-palace\/\">Wallenstein Bah\u00e7esi<\/a> Malostransk\u00e1 metro istasyonunun arkas\u0131nda gizli bir m\u00fccevherdir. Kale Bah\u00e7eleri'nin ard\u0131ndan \u015fehirdeki en b\u00fcy\u00fck ikinci bah\u00e7edir. Yunan ve Roma mitolojisinden esinlenen mimari unsurlar\u0131n yan\u0131 s\u0131ra g\u00fczel karma\u015f\u0131k, geometrik \u00e7itleri ve bah\u00e7ede dola\u015fan muhte\u015fem beyaz tavus ku\u015flar\u0131yla \u00f6v\u00fcn\u00fcr. \u0130\u00e7eri girdi\u011finizde sizi Sala Terrena'n\u0131n \u00fc\u00e7 kemerli muhte\u015fem reva\u011f\u0131 kar\u015f\u0131layacak ve g\u00f6letin \u00fczerinde Herk\u00fcl heykeli bulunan bir ada yer alacakt\u0131r.<\/p>\n\n\n\n<p>Daha ilgi \u00e7ekici bir \u015fey i\u00e7in, uzaktan damlayan kafataslar\u0131ndan olu\u015fan bir duvar gibi g\u00f6r\u00fcnen Damlata\u015f Duvar\u0131'n\u0131 ziyaret edin. Daha yak\u0131ndan bak\u0131ld\u0131\u011f\u0131nda, bunun sadece yapay sark\u0131tlardan olu\u015fan bir topluluk oldu\u011fu g\u00f6r\u00fclecektir, ancak bu durum baz\u0131lar\u0131 i\u00e7in daha az endi\u015fe verici hale getirmez.<\/p>\n\n\n\n<figure class=\"wp-block-image\"><img decoding=\"async\" src=\"https:\/\/i0.wp.com\/prague.org\/wp-content\/uploads\/2021\/07\/A-pond-with-The-Hercules-Fountain-at-Wallenstein-Garden.-Prague-Czech-Republic.jpg?ssl=1\" alt=\"Wallenstein Bah\u00e7esi&#039;nde Herk\u00fcl \u00c7e\u015fmesi&#039;nin bulundu\u011fu bir g\u00f6let. Prag, \u00c7ek Cumhuriyeti\" class=\"wp-image-5021\"\/><figcaption class=\"wp-element-caption\">Wallenstein Bah\u00e7esi'nde Herk\u00fcl \u00c7e\u015fmesi'nin bulundu\u011fu bir g\u00f6let. Prag, \u00c7ek Cumhuriyeti.<\/figcaption><\/figure>\n\n\n\n<h3 id=\"prague-botanical-garden-botanicka-zahrada-praha\" class=\"wp-block-heading\"><strong>Prag Botanik Bah\u00e7esi (Botanick\u00e1 Zahrada Praha)<\/strong><\/h3>\n\n\n\n<p>Troja'n\u0131n yamac\u0131nda Prag'\u0131n \u00fcnl\u00fc parklar\u0131ndan biri daha yer almaktad\u0131r.&nbsp;<a href=\"https:\/\/prague.org\/tr\/botani\u0307k-bahce\/\">Prag Botanik Bah\u00e7esi<\/a>Yakla\u015f\u0131k 30 hektarl\u0131k bir alanda yakla\u015f\u0131k 20.000 bitki t\u00fcr\u00fcn\u00fc bar\u0131nd\u0131rmaktad\u0131r. Mekanda Japon meditasyon bah\u00e7esi, \u0130skandinav \u00e7am korular\u0131 ve parlak renkli \u00e7i\u00e7ekleriyle S\u00fcs bah\u00e7esi gibi farkl\u0131 sergi alanlar\u0131 bulunmaktad\u0131r.&nbsp;<\/p>\n\n\n\n<p>\u015eehrin en eski ve en b\u00fcy\u00fcklerinden biri olan tarihi St. Clara \u00fcz\u00fcm ba\u011f\u0131 da bah\u00e7e arazisinde yer almaktad\u0131r. A\u015fa\u011f\u0131daki mahzenlerde geleneksel y\u00f6ntemlerle yap\u0131lan \u015faraplar\u0131 sat\u0131n almak i\u00e7in \u015faraphane kul\u00fcbesini ziyaret edebilirsiniz.<\/p>\n\n\n\n<div class=\"wp-block-buttons is-layout-flex wp-block-buttons-is-layout-flex\"><\/div>\n\n\n\n<div class=\"gyg-iframe-container\" style=\"margin-bottom:1.5em\"><iframe style=\"border:0;height:100%;width:100%\" title=\"GetYourGuide \u015fehir widget&#039;\u0131\" src=\"https:\/\/widget.getyourguide.com\/default\/city.frame?widget=wp_city&amp;iata=PRG&amp;locale_code=en-GB&amp;partner_id=U94OQGQ\"><\/iframe><\/div>","protected":false},"excerpt":{"rendered":"Prag'daki En G\u00fczel 7 Park ve Bah\u00e7e Prag, birbirinden g\u00fczel mimarisiyle tan\u0131n\u0131r.","protected":false},"author":2,"featured_media":3352,"comment_status":"closed","ping_status":"closed","sticky":false,"template":"","format":"standard","meta":{"footnotes":""},"categories":[1,204,47],"tags":[85],"table_tags":[],"_links":{"self":[{"href":"https:\/\/prague.org\/tr\/wp-json\/wp\/v2\/posts\/3075"}],"collection":[{"href":"https:\/\/prague.org\/tr\/wp-json\/wp\/v2\/posts"}],"about":[{"href":"https:\/\/prague.org\/tr\/wp-json\/wp\/v2\/types\/post"}],"author":[{"embeddable":true,"href":"https:\/\/prague.org\/tr\/wp-json\/wp\/v2\/users\/2"}],"replies":[{"embeddable":true,"href":"https:\/\/prague.org\/tr\/wp-json\/wp\/v2\/comments?post=3075"}],"version-history":[{"count":13,"href":"https:\/\/prague.org\/tr\/wp-json\/wp\/v2\/posts\/3075\/revisions"}],"predecessor-version":[{"id":8804,"href":"https:\/\/prague.org\/tr\/wp-json\/wp\/v2\/posts\/3075\/revisions\/8804"}],"wp:featuredmedia":[{"embeddable":true,"href":"https:\/\/prague.org\/tr\/wp-json\/wp\/v2\/media\/3352"}],"wp:attachment":[{"href":"https:\/\/prague.org\/tr\/wp-json\/wp\/v2\/media?parent=3075"}],"wp:term":[{"taxonomy":"category","embeddable":true,"href":"https:\/\/prague.org\/tr\/wp-json\/wp\/v2\/categories?post=3075"},{"taxonomy":"post_tag","embeddable":true,"href":"https:\/\/prague.org\/tr\/wp-json\/wp\/v2\/tags?post=3075"},{"taxonomy":"table_tags","embeddable":true,"href":"https:\/\/prague.org\/tr\/wp-json\/wp\/v2\/table_tags?post=3075"}],"curies":[{"name":"wp","href":"https:\/\/api.w.org\/{rel}","templated":true}]}}