{"id":3093,"date":"2022-06-07T12:00:52","date_gmt":"2022-06-07T10:00:52","guid":{"rendered":"https:\/\/prague.org\/?p=3093"},"modified":"2023-08-03T15:20:57","modified_gmt":"2023-08-03T13:20:57","slug":"age-of-the-prague-astronomical-clock","status":"publish","type":"post","link":"https:\/\/prague.org\/tr\/prag-astronomi\u0307k-saat-cagi\/","title":{"rendered":"Prag Astronomik Saatinin Ya\u015f\u0131"},"content":{"rendered":"<h2 id=\"age-of-the-astronomical-clock\" class=\"wp-block-heading\">Astronomik Saat \u00c7a\u011f\u0131<\/h2>\n\n\n\n<p>B\u00fcy\u00fck olas\u0131l\u0131kla d\u00fcnyan\u0131n 7 harikas\u0131n\u0131 duymu\u015fsunuzdur. Peki, Bohemya'n\u0131n mekanik harikas\u0131n\u0131 duymu\u015f muydunuz? Arkeologlar \u00e7o\u011fu zaman y\u00fczlerce ve binlerce y\u0131l \u00f6ncesine ait harika \u015feyleri ortaya \u00e7\u0131kar\u0131rlar. Arkeologlar\u0131n ve tarih\u00e7ilerin merce\u011fi sayesinde eski uygarl\u0131klar\u0131n resmini g\u00f6rebilirsiniz. Bu buluntulara ra\u011fmen, bug\u00fcn hala i\u015flevsel olan neredeyse hi\u00e7bir antik e\u015fya yoktur. Bu hikaye Bohemya'n\u0131n antik mekanik harikas\u0131 Prag'la de\u011fi\u015fiyor&nbsp;<a href=\"https:\/\/prague.org\/tr\/prague-astronomical-clock\/\">Astronomik Saat<\/a>.<\/p>\n\n\n\n<p>En de\u011ferli k\u00fclt\u00fcrel miraslardan biri olan Prag Astronomik Saati ba\u015fl\u0131 ba\u015f\u0131na bir d\u00fcnya harikas\u0131d\u0131r. Her y\u0131l milyonlarca turist Prag \u015eehri Astronomik Saati ad\u0131 verilen bu antik harikay\u0131 ziyaret etmek ve \u00f6\u011frenmek i\u00e7in Prag'a ak\u0131n ediyor. Bu saatin en ak\u0131llara durgunluk veren \u00f6zelli\u011fi, alt\u0131 as\u0131rdan daha eski olmas\u0131na ra\u011fmen hala tamamen i\u015flevsel olmas\u0131d\u0131r.<\/p>\n\n\n\n<div class=\"gyg-iframe-container\" style=\"margin-bottom:1.5em\"><iframe style=\"border:0;height:100%;width:100%\" title=\"GetYourGuide etkinlikler widget&#039;\u0131\" src=\"https:\/\/widget.getyourguide.com\/default\/activities.frame?widget=wp_activities&amp;currency=EUR&amp;locale_code=en-GB&amp;number_of_items=3&amp;partner_id=U94OQGQ&amp;q=astronomical%20clock%20prague\"><\/iframe><\/div>\n\n\n\n<h2 id=\"the-story-of-the-prague-astronomical-clock\" class=\"wp-block-heading\"><strong>Prag Astronomik Saatinin Hikayesi<\/strong><\/h2>\n\n\n\n<figure class=\"wp-block-image\"><img decoding=\"async\" src=\"https:\/\/i0.wp.com\/prague.org\/wp-content\/uploads\/2022\/01\/Clock-Astronomical-1-1.png?resize=1024%2C576&amp;ssl=1\" alt=\"Ya\u015f Astronomik Saat\" class=\"wp-image-6003\"\/><figcaption class=\"wp-element-caption\">Prag Astronomik Saati<\/figcaption><\/figure>\n\n\n\n<p>Bu antik saatin hikayesi 1410 y\u0131l\u0131na kadar uzanmaktad\u0131r. Ekim 1410 civar\u0131nda, usta saat\u00e7i Kadanl\u0131 Mikulas bu muhte\u015fem saati yaratmak i\u00e7in \u00e7al\u0131\u015fmaya ba\u015flad\u0131. Ustaca tasar\u0131m\u0131 sayesinde saat hem temel bir saat hem de astronomik bir kadran olarak hizmet verebilmi\u015ftir. Saatin temelde zaman\u0131 s\u00f6ylemek i\u00e7in tasarlanm\u0131\u015f olmas\u0131n\u0131n yan\u0131 s\u0131ra, g\u00f6ksel hareketleri izleme konusunda da m\u00fckemmel bir i\u015flevselli\u011fe sahipti. Prag Astronomik Saati ile y\u0131ld\u0131zlar\u0131n ve gezegenlerin konumlar\u0131n\u0131, hizalanmalar\u0131n\u0131 ve hareketlerini g\u00f6rebilirsiniz.<\/p>\n\n\n\n<p>Ancak tahmin edebilece\u011finiz gibi, bu canavar gibi saat bir y\u0131lda in\u015fa edilmemi\u015ftir. Asl\u0131nda pek \u00e7ok ki\u015fi Prag Astronomik Saatinin yap\u0131m\u0131n\u0131 ikinci saat ustas\u0131 Jan Ruze'ye atfeder. Neden? \u0130lk saat ustas\u0131 Kadanl\u0131 Mikulas sadece saat mekanizmas\u0131 ve astronomik kadran \u00fczerinde \u00e7al\u0131\u015fm\u0131\u015ft\u0131r. Ancak Prag Astronomik Saati \u00fczerindeki as\u0131l \u00e7al\u0131\u015fmalar 1490 y\u0131l\u0131nda, daha \u00e7ok Hanus Usta olarak bilinen Jan Ruze taraf\u0131ndan ba\u015flat\u0131lm\u0131\u015ft\u0131r. Hanus Usta sayesinde saate g\u00fczel gotik heykeller ve bir takvim kadran\u0131 eklendi. Bu sayede saatin i\u015flevselli\u011fi artm\u0131\u015f ve saat 3 ana amaca hizmet etmeye ba\u015flam\u0131\u015ft\u0131r.<\/p>\n\n\n\n<p>\u0130\u015fte Prag Astronomik Saati hakk\u0131nda k\u00fc\u00e7\u00fck bir karanl\u0131k hikaye; Prag Konseyi saati tamamlad\u0131ktan sonra Usta Hanus'u k\u00f6r ettirdi. Neden mi? Bu mekanik harikay\u0131 ba\u015fka bir yerde yeniden yaratmas\u0131n\u0131 istemediler.<\/p>\n\n\n\n<h2 id=\"when-was-the-prague-astronomical-clock-built\" class=\"wp-block-heading\"><strong>Prag Astronomik Saati ne zaman in\u015fa edildi?<\/strong><\/h2>\n\n\n\n<p>Prag Astronomik Saati'nin in\u015fas\u0131 ba\u015ftan sona tek seferlik bir hamle de\u011fildi. Aksine, in\u015fas\u0131 y\u0131llara yay\u0131lm\u0131\u015ft\u0131. Astronomik Saat'in in\u015fas\u0131 ilk olarak 1410 y\u0131l\u0131nda Kadanl\u0131 saat ustas\u0131 Mikulas'\u0131n usta ellerinde ba\u015flad\u0131. Kendisine matematik ve astronomi profes\u00f6r\u00fc Jan Sindel destek vermi\u015ftir. Bu ustaca eser daha sonra Jan Ruze taraf\u0131ndan 1490 y\u0131l\u0131nda s\u00fcsl\u00fc gotik heykeller ve bir takvim kadran\u0131 i\u00e7erecek \u015fekilde geli\u015ftirildi. Konseyin kendisini k\u00f6r etme y\u00f6n\u00fcndeki sert karar\u0131n\u0131n ard\u0131ndan Jan Ruze saati 1552 y\u0131l\u0131na kadar tamir edilemeyecek \u015fekilde bozdu.<\/p>\n\n\n\n\n\n<p>1552 y\u0131l\u0131ndan sonra Prag Astronomik Saati 1791 y\u0131l\u0131na kadar bozulmaya ve tamir edilmeye devam etmi\u015ftir. Bu zamana kadar, Kutsal Havarilerin ah\u015fap heykelleri t\u00fcm yap\u0131ya eklenmi\u015ftir. T\u00fcm d\u00fcnyan\u0131n ilgisini \u00e7ekmeye ba\u015flayan muhte\u015fem saate 1866 y\u0131l\u0131nda alt\u0131n bir horoz eklenmi\u015ftir. Ne yaz\u0131k ki Prag Astronomik Saati 1945'te Naziler taraf\u0131ndan k\u00f6t\u00fc bir \u015fekilde tahrip edildi ve tamamen restore edildi\u011fi 2005 y\u0131l\u0131na kadar b\u00fcy\u00fck \u00f6l\u00e7\u00fcde \u00e7irkin bir \u015fekilde kald\u0131. 2018'de saate ekstra bir yenileme yap\u0131ld\u0131 ve bug\u00fcne kadar i\u015flevsel ve g\u00fczel bir \u015fekilde korunmaya devam etti.<\/p>\n\n\n\n<h2 id=\"is-it-possible-to-visit-the-prague-astronomical-clock\" class=\"wp-block-heading\"><strong>Prag Astronomik Saatini ziyaret etmek m\u00fcmk\u00fcn m\u00fc?<\/strong><\/h2>\n\n\n\n<figure class=\"wp-block-image size-full\"><img decoding=\"async\" width=\"1024\" height=\"683\" src=\"https:\/\/prague.org\/wp-content\/uploads\/2022\/06\/image-76.png\" alt=\"Prag Astronomik Saati\" class=\"wp-image-4444\" srcset=\"https:\/\/prague.org\/wp-content\/uploads\/2022\/06\/image-76.png 1024w, https:\/\/prague.org\/wp-content\/uploads\/2022\/06\/image-76-600x400.png 600w, https:\/\/prague.org\/wp-content\/uploads\/2022\/06\/image-76-300x200.png 300w, https:\/\/prague.org\/wp-content\/uploads\/2022\/06\/image-76-768x512.png 768w, https:\/\/prague.org\/wp-content\/uploads\/2022\/06\/image-76-380x253.png 380w, https:\/\/prague.org\/wp-content\/uploads\/2022\/06\/image-76-800x534.png 800w\" sizes=\"(max-width: 1024px) 100vw, 1024px\" \/><figcaption class=\"wp-element-caption\">Prag Astronomik Saati<\/figcaption><\/figure>\n\n\n\n<p>Bu muhte\u015fem eser hakk\u0131nda bir \u015feyler okumak sizi hi\u00e7 \u015f\u00fcphesiz onu g\u00f6rmeye itecektir. Ama \u015f\u00f6yle bir durum var: Prag Astronomik Saati'ni sadece a\u015fa\u011f\u0131daki \u00e7al\u0131\u015fma saatleri i\u00e7inde g\u00f6rebilirsiniz:<\/p>\n\n\n\n<p>Ocak-Eyl\u00fcl aylar\u0131 boyunca Pazartesi g\u00fcnleri 11:00 - 19:00 saatleri aras\u0131nda.<\/p>\n\n\n\n<p>Ekim'den Aral\u0131k'a kadar Pazartesi g\u00fcnleri 11:00 - 20:00 saatleri aras\u0131nda.<\/p>\n\n\n\n<p>Ocak ay\u0131ndan Eyl\u00fcl ay\u0131na kadar Sal\u0131'dan Pazar'a kadar sabah 9:00 ak\u015fam 7:00 aras\u0131.<\/p>\n\n\n\n<p>Ekim'den Aral\u0131k'a kadar Sal\u0131'dan Pazar'a sabah 9:00 ak\u015fam 8:00 aras\u0131.<\/p>\n\n\n\n<p>Temel giri\u015f i\u00e7in 250 CZK veya aile giri\u015fi i\u00e7in 500 CZK giri\u015f \u00fccretine ihtiyac\u0131n\u0131z olacak.<\/p>\n\n\n\n<h3 id=\"explore-the-astronomical-clock\" class=\"wp-block-heading\">Astronomik Saati Ke\u015ffedin<\/h3>\n\n\n\n<div data-gyg-href=\"https:\/\/widget.getyourguide.com\/default\/activities.frame\" data-gyg-locale-code=\"en-US\" data-gyg-widget=\"activities\" data-gyg-number-of-items=\"1\" data-gyg-partner-id=\"U94OQGQ\" data-gyg-tour-ids=\"57519\"><\/div>\n\n\n\n<p>Sizi b\u00fcy\u00fcleyici Eski \u015eehir'den canl\u0131 Yeni \u015eehir'e g\u00f6t\u00fcren rehberli bir y\u00fcr\u00fcy\u00fc\u015f turunda Prag'\u0131n b\u00fcy\u00fcleyici tarihini ve mimari harikalar\u0131n\u0131 ke\u015ffedin. Kendinizi \u00c7ek tarihinin y\u00fczy\u0131llar\u0131na b\u0131rak\u0131n, ikonik simge yap\u0131lara hayran kal\u0131n ve Astronomik Saat Kulesi'nden \u015fehrin panoramik manzaras\u0131n\u0131n keyfini \u00e7\u0131kar\u0131n.<\/p>\n\n\n\n<h4 id=\"highlights\" class=\"wp-block-heading\">\u00d6nemli Noktalar<\/h4>\n\n\n\n<ul>\n<li>Gotik tarzdaki muhte\u015fem Astronomik Saat Kulesi'ni ke\u015ffedin ve bulundu\u011fu noktadan Prag'\u0131n nefes kesen panoramik manzaras\u0131n\u0131n keyfini \u00e7\u0131kar\u0131n. <\/li>\n\n\n\n<li>Tarihi Eski \u015eehir Meydan\u0131'ndan modern Yeni \u015eehir'e uzanan rehberli bir y\u00fcr\u00fcy\u00fc\u015f turuna kat\u0131larak \u015fehrin zengin tarihini ke\u015ffedin. <\/li>\n\n\n\n<li>\u00c7ek tarihi ve Prag'\u0131n 9. y\u00fczy\u0131ldan 20. y\u00fczy\u0131la kadar olan geli\u015fimi hakk\u0131nda b\u00fcy\u00fcleyici bilgiler edinin. <\/li>\n\n\n\n<li>Her biri kendi hikayesini anlatan tarihi evler, saraylar, kiliseler, tiyatrolar ve daha fazlas\u0131n\u0131n mimari harikalar\u0131na hayran kal\u0131n. <\/li>\n\n\n\n<li>Prag'\u0131n modern tarihindeki \u00f6nemli olaylar\u0131n ya\u015fand\u0131\u011f\u0131 Yeni \u015eehir b\u00f6lgesine gidin ve \u015fehrin canl\u0131 ge\u00e7mi\u015fine bir g\u00f6z at\u0131n.<\/li>\n<\/ul>\n\n\n\n<h4 id=\"included\" class=\"wp-block-heading\">Dahil<\/h4>\n\n\n\n<ul>\n<li>De\u011ferli tarihi ve k\u00fclt\u00fcrel yorumlar sunarak sizi \u015fehirde gezdirecek bilgili tur rehberi. - Gotik ihti\u015fam\u0131na hayran kalman\u0131z\u0131 ve panoramik manzaran\u0131n keyfini \u00e7\u0131karman\u0131z\u0131 sa\u011flayan Astronomik Saat Kulesi'ne eri\u015fim sa\u011flayan giri\u015f bileti.<\/li>\n\n\n\n<li>Prag'\u0131n ikonik simgelerini ke\u015ffederken ve b\u00fcy\u00fcleyici tarihine kendinizi kapt\u0131r\u0131rken zamanda geriye gidin ve Prag'\u0131n Eski Kenti ile Yeni Kenti'nin s\u0131rlar\u0131n\u0131 ortaya \u00e7\u0131kar\u0131n. Rehberli y\u00fcr\u00fcy\u00fc\u015f turunuz i\u00e7in \u015fimdi rezervasyon yapt\u0131r\u0131n ve Astronomik Saat Kulesi'nin tepesinden panoramik manzaralar\u0131n keyfini \u00e7\u0131kar\u0131rken y\u00fczy\u0131llar boyunca \u00c7ek miras\u0131 aras\u0131nda bir yolculu\u011fa \u00e7\u0131k\u0131n.<\/li>\n<\/ul>\n\n\n\n<div class=\"wp-block-buttons is-layout-flex wp-block-buttons-is-layout-flex\">\n<div class=\"wp-block-button is-style-cs-button-block\"><a class=\"wp-block-button__link wp-element-button\" href=\"https:\/\/www.getyourguide.com\/prague-astronomical-clock-l3554\/prague-tour-with-astronomical-clock-admission-ticket-t57519\/?partner_id=U94OQGQ&amp;utm_medium=online_publisher&amp;placement=button-cta\" target=\"_blank\" rel=\"noreferrer noopener nofollow\">\u2192 Kontrol Et<\/a><\/div>\n<\/div>\n\n\n\n<p>Prag Astronomik Saatini ziyaret etmek m\u00fcmk\u00fcn olsa da, kendinizi haz\u0131rlaman\u0131z gerekir. Giri\u015fe erken gidin, b\u00f6ylece biletiniz i\u00e7in s\u0131rada \u00e7ok uzun s\u00fcre beklemeniz gerekmez. Konaklama yerinizi Astronomik Saat'e yak\u0131n bir yerde ay\u0131rtmay\u0131 unutmay\u0131n.&nbsp;<a href=\"https:\/\/prague.org\/tr\/eski\u0307-kasabanin-tari\u0307hi\u0307-guzelli\u0307gi\u0307nde-kaybolun\/\">Eski Belediye Binas\u0131<\/a>&nbsp;Prag Astronomik Saatinin bulundu\u011fu yer.<\/p>\n\n\n\n<div class=\"gyg-iframe-container\" style=\"margin-bottom:1.5em\"><iframe style=\"border:0;height:100%;width:100%\" title=\"GetYourGuide \u015fehir widget&#039;\u0131\" src=\"https:\/\/widget.getyourguide.com\/default\/city.frame?widget=wp_city&amp;iata=PRG&amp;locale_code=en-US&amp;partner_id=U94OQGQ\"><\/iframe><\/div>","protected":false},"excerpt":{"rendered":"Astronomik Saatin \u00c7a\u011f\u0131 B\u00fcy\u00fck olas\u0131l\u0131kla d\u00fcnyan\u0131n 7 harikas\u0131n\u0131 duymu\u015fsunuzdur. Ama...","protected":false},"author":2,"featured_media":3097,"comment_status":"closed","ping_status":"closed","sticky":false,"template":"","format":"standard","meta":{"footnotes":""},"categories":[1,204,19],"tags":[30,63],"table_tags":[],"_links":{"self":[{"href":"https:\/\/prague.org\/tr\/wp-json\/wp\/v2\/posts\/3093"}],"collection":[{"href":"https:\/\/prague.org\/tr\/wp-json\/wp\/v2\/posts"}],"about":[{"href":"https:\/\/prague.org\/tr\/wp-json\/wp\/v2\/types\/post"}],"author":[{"embeddable":true,"href":"https:\/\/prague.org\/tr\/wp-json\/wp\/v2\/users\/2"}],"replies":[{"embeddable":true,"href":"https:\/\/prague.org\/tr\/wp-json\/wp\/v2\/comments?post=3093"}],"version-history":[{"count":13,"href":"https:\/\/prague.org\/tr\/wp-json\/wp\/v2\/posts\/3093\/revisions"}],"predecessor-version":[{"id":10021,"href":"https:\/\/prague.org\/tr\/wp-json\/wp\/v2\/posts\/3093\/revisions\/10021"}],"wp:featuredmedia":[{"embeddable":true,"href":"https:\/\/prague.org\/tr\/wp-json\/wp\/v2\/media\/3097"}],"wp:attachment":[{"href":"https:\/\/prague.org\/tr\/wp-json\/wp\/v2\/media?parent=3093"}],"wp:term":[{"taxonomy":"category","embeddable":true,"href":"https:\/\/prague.org\/tr\/wp-json\/wp\/v2\/categories?post=3093"},{"taxonomy":"post_tag","embeddable":true,"href":"https:\/\/prague.org\/tr\/wp-json\/wp\/v2\/tags?post=3093"},{"taxonomy":"table_tags","embeddable":true,"href":"https:\/\/prague.org\/tr\/wp-json\/wp\/v2\/table_tags?post=3093"}],"curies":[{"name":"wp","href":"https:\/\/api.w.org\/{rel}","templated":true}]}}