{"id":3116,"date":"2022-06-08T13:02:32","date_gmt":"2022-06-08T11:02:32","guid":{"rendered":"https:\/\/prague.org\/?p=3116"},"modified":"2024-07-09T16:50:22","modified_gmt":"2024-07-09T14:50:22","slug":"krizik-fountain","status":"publish","type":"post","link":"https:\/\/prague.org\/tr\/krizik-fountain\/","title":{"rendered":"Krizik \u00c7e\u015fmesi"},"content":{"rendered":"<h2 id=\"krizik-fountain-prague\" class=\"wp-block-heading\">Krizik \u00c7e\u015fmesi, Prag<\/h2>\n\n\n\n<p>\u00c7ek\u00e7e ad\u0131:&nbsp;<strong>K\u0159i\u017e\u00edkova font\u00e1na<\/strong><\/p>\n\n\n\n<p>Dans eden ya da m\u00fczikli \u00e7e\u015fme olarak da bilinen bu \u00e7e\u015fmeden baz\u0131lar\u0131 \u015fark\u0131 s\u00f6yleyen Krizik \u00c7e\u015fmesi olarak da bahsetmektedir. Krizik \u00c7e\u015fmesi bir teknoloji harikas\u0131d\u0131r ve&nbsp;<strong>mutlaka g\u00f6r\u00fclmesi gereken yer&nbsp;<\/strong>Prag'\u0131n tarihi sergi alan\u0131nda. Nefes kesen su, \u0131\u015f\u0131k ve m\u00fczik g\u00f6sterileriyle \u00fcnl\u00fc bu etkileyici&nbsp;<strong>a\u00e7\u0131k hava amfi tiyatrosu<\/strong>&nbsp;farkl\u0131 izleyicilere y\u00f6nelik \u00e7e\u015fitli ak\u015fam konserlerine ve bale g\u00f6sterilerine ev sahipli\u011fi yapmaktad\u0131r. \u00c7e\u015fmeyi \u00e7evreleyen \u00e7ok ama\u00e7l\u0131 d\u00f6rt pavyon da dahil olmak \u00fczere Krizik'in toplam alan\u0131 5.488 metrekaredir.&nbsp;<\/p>\n\n\n\n<p>Prag Krizik \u00c7e\u015fmesi ilk olarak 19. y\u00fczy\u0131l\u0131n sonlar\u0131nda, \u00e7e\u015fme tablas\u0131n\u0131n alt k\u0131sm\u0131nda sadece elli adet \u00e7ok renkli reflekt\u00f6rle in\u015fa edilmi\u015fti, ancak bug\u00fcn bu ola\u011fan\u00fcst\u00fc yap\u0131, b\u00fcy\u00fcleyici g\u00f6r\u00fcnt\u00fclerini olu\u015fturmak i\u00e7in bin \u00fc\u00e7 y\u00fcz kadar reflekt\u00f6r i\u00e7eriyor.<\/p>\n\n\n\n<div class=\"gyg-iframe-container\" style=\"margin-bottom:1.5em\"><iframe style=\"border:0;height:100%;width:100%\" title=\"GetYourGuide etkinlikler widget&#039;\u0131\" src=\"https:\/\/widget.getyourguide.com\/default\/activities.frame?widget=wp_activities&amp;currency=EUR&amp;locale_code=en-GB&amp;number_of_items=3&amp;partner_id=U94OQGQ&amp;q=fountain%20prague\"><\/iframe><\/div>\n\n\n\n<h2 id=\"location-how-to-get-to-the-krizik-fountain-prague\" class=\"wp-block-heading\"><strong>Konum ve Krizik \u00c7e\u015fmesi Prag'a Nas\u0131l Gidilir<\/strong><\/h2>\n\n\n\n<p>Krizik \u00c7e\u015fmesi, V\u00fdstavi\u0161t\u011b, Prag 7 adresindeki Prag Sergi Alan\u0131nda yer almaktad\u0131r.&nbsp;<\/p>\n\n\n\n<p>Toplu ta\u015f\u0131ma ile seyahat ediyorsan\u0131z: C metrosuyla (k\u0131rm\u0131z\u0131 hat) N\u00e1dra\u017e\u00ed Hole\u0161ovice istasyonuna gidin, ard\u0131ndan 1, 12, 15 veya 25 numaral\u0131 tramvaylara aktarma yap\u0131n ve bir sonraki durak olan V\u00fdstavi\u0161t\u011b Hole\u0161ovice'ye gidin. Ayr\u0131ca aktarmay\u0131 atlayabilir ve metro istasyonundan sergi alan\u0131na 10 dakika y\u00fcr\u00fcyebilirsiniz. E\u011fer y\u00fcr\u00fcyerek gelecekseniz, Krizik \u00c7e\u015fmesi amfi tiyatrosu Sanayi Saray\u0131'n\u0131n hemen kuzeyindedir.<\/p>\n\n\n\n<p>Ara\u00e7la seyahat ediyorsan\u0131z, fuar alan\u0131n\u0131n \u00e7evresinde \u00fccretli otoparklar mevcuttur.<\/p>\n\n\n\n<h2 id=\"opening-hours-entry-into-the-krizik-singing-fountain\" class=\"wp-block-heading\"><strong>A\u00e7\u0131l\u0131\u015f Saatleri ve Krizik \u015eark\u0131 \u00c7e\u015fmesine Giri\u015f<\/strong><\/h2>\n\n\n\n<p>Krizik \u00c7e\u015fmesi her g\u00fcn ak\u015fam 7 - 11:45 saatleri aras\u0131nda a\u00e7\u0131kt\u0131r. Krizik \u00c7e\u015fmesi Prag fiyat\u0131 veya bilet fiyat\u0131 230 CZK'd\u0131r. Bu Krizik \u00c7e\u015fmesi Prag bilet fiyat\u0131, Krizik \u00c7e\u015fmesi g\u00f6sterisini onurland\u0131rmaya karar veren her ziyaret\u00e7i i\u00e7in ge\u00e7erlidir.<\/p>\n\n\n\n<p>Canl\u0131 g\u00f6steriler i\u00e7in bilet fiyatlar\u0131 ve saatleri de\u011fi\u015fiklik g\u00f6sterir, ancak genellikle kap\u0131dan sat\u0131n al\u0131nabilir. En g\u00fcncel bilgiler i\u00e7in l\u00fctfen resmi web sitesini ziyaret edin.<\/p>\n\n\n\n<h2 id=\"what-to-do-what-to-see-at-the-krizik-fountain\" class=\"wp-block-heading\"><strong>Krizik \u00c7e\u015fmesi'nde Ne Yap\u0131l\u0131r &amp; Ne G\u00f6r\u00fcl\u00fcr<\/strong><\/h2>\n\n\n\n<p>Ak\u015famlar\u0131 Krizik \u00c7e\u015fmesi g\u00f6sterisine kat\u0131lmak ziyaret\u00e7iler i\u00e7in bir zorunluluktur. Ayr\u0131nt\u0131l\u0131 renk, \u0131\u015f\u0131k ve ses g\u00f6sterileri sunan Krizik \u00c7e\u015fmesi g\u00f6sterisi, bahar ve yaz aylar\u0131nda ba\u015fkentin en pop\u00fcler cazibe merkezlerinden biridir.<\/p>\n\n\n\n<p>B\u00f6lgede g\u00f6r\u00fclecek daha \u00e7ok \u015fey var. Fuar alan\u0131, Sanayi Saray\u0131, Ulusal M\u00fcze Ta\u015fl\u0131\u011f\u0131, sergiler i\u00e7in kullan\u0131lan 40 metre y\u00fcksekli\u011findeki piramit, Marold's Panorama ve SeaWorld Akvaryumu gibi bir dizi g\u00f6r\u00fclmeye de\u011fer simge yap\u0131y\u0131 kapsamaktad\u0131r. Alanda y\u0131l boyunca ticaret fuarlar\u0131 ve k\u00fclt\u00fcrel etkinlikler d\u00fczenlenmektedir. <a href=\"https:\/\/prague.org\/tr\/st-matthews-fair\/\">Matthew Fair<\/a> (Mat\u011bjsk\u00e1 pou\u0165) ilkbaharda.<\/p>\n\n\n\n<h2 id=\"history-of-the-krizik-singing-fountain\" class=\"wp-block-heading\"><strong>Krizik \u015eark\u0131 \u00c7e\u015fmesinin Tarih\u00e7esi<\/strong><\/h2>\n\n\n\n<p>Krizik \u00c7e\u015fmesi \u00c7ek mucit taraf\u0131ndan in\u015fa edilmi\u015ftir&nbsp;<strong>Franti\u0161ek K\u0159i\u017e\u00edk<\/strong>&nbsp;ve 24 May\u0131s 1891'de General Land Centennial Sergisi s\u0131ras\u0131nda halka a\u00e7\u0131ld\u0131. \u00c7e\u015fme, bu d\u00fcnya fuar\u0131 i\u00e7in in\u015fa edilen bir\u00e7ok yap\u0131dan biriydi. Yoksul ba\u015flang\u0131\u00e7lar\u0131na ra\u011fmen, Franti\u0161ek K\u0159i\u017e\u00edk teknolojik yenilikleriyle tan\u0131nmaktad\u0131r. Bunlar aras\u0131nda geli\u015ftirilmi\u015f kemerli lamba, \u00c7ek topraklar\u0131ndaki ilk belediye elektrik santrali ve \u00c7ek Cumhuriyeti'ndeki tramvay hatt\u0131 bulunmaktad\u0131r.&nbsp;<a href=\"https:\/\/prague.org\/tr\/letna-park\/\">Letn\u00e1<\/a>. I\u015f\u0131kland\u0131r\u0131lm\u0131\u015f f\u0131skiyenin en b\u00fcy\u00fck ba\u015far\u0131s\u0131 oldu\u011fu 1981 sergisinin t\u00fcm \u0131\u015f\u0131kland\u0131rmas\u0131n\u0131 sa\u011flad\u0131. Bu \u00e7e\u015fme bug\u00fcn de onun miras\u0131na uygun bir vasiyet olarak durmaktad\u0131r.<\/p>\n\n\n\n<p>Krizik \u00c7e\u015fmesi 1920'lerde mimar Z. Sta\u0161ek taraf\u0131ndan yeniden in\u015fa edilmi\u015f ve 1991 y\u0131l\u0131nda bug\u00fcnk\u00fc yap\u0131s\u0131na kavu\u015fturulmu\u015ftur. Bug\u00fcn, nefes kesici \u0131\u015f\u0131k ve ses g\u00f6sterisi, 1300 \u00e7ok renkli reflekt\u00f6r ve \u00c7e\u015fme'nin taban plakas\u0131ndaki 2 kilometreden fazla borudan olu\u015fan su devreleri ile m\u00fcmk\u00fcn olmaktad\u0131r.<\/p>\n\n\n\n<h2 id=\"faq\" class=\"cnvs-block-section-heading cnvs-block-section-heading-1710856516628 is-style-cnvs-block-section-heading-2 halignleft\" >\n\t<span class=\"cnvs-section-title\">\n\t\t<span>SSS<\/span>\n\t<\/span>\n<\/h2>\n\n\n\n<div class=\"cnvs-block-collapsibles cnvs-block-collapsibles-1710856446798 cnvs-block-collapsibles-5\" >\n\t\n<div class=\"cnvs-block-collapsible cnvs-block-collapsible-1710856446894 cnvs-block-collapsible-opened\" >\n\t<div class=\"cnvs-block-collapsible-title\">\n\t\t<h6 id=\"are-there-any-discounts-available-for-students-seniors-or-children-for-the-krizik-fountain-shows\" class=\"cnvs-block-collapsible-heading\">\n\t\t\t<a href=\"#\">Are there any discounts available for students, seniors, or children for the Krizik Fountain shows?<\/a>\n\t\t<\/h6>\n\t<\/div>\n\t<div class=\"cnvs-block-collapsible-content\">\n\t\t\n\n<p>Yes, there are often discounts available for <a href=\"https:\/\/prague.org\/tr\/gurbetci-rehberi-pragda\/\" data-type=\"link\" data-id=\"https:\/\/prague.org\/expat-guide-in-prague\/\">\u00f6\u011frenciler<\/a>, seniors, and children. It&#8217;s recommended to check the official website or inquire at the ticket booth for the most current discount information.<\/p>\n\n\t<\/div>\n<\/div>\n\n\n<div class=\"cnvs-block-collapsible cnvs-block-collapsible-1710856446899 cnvs-block-collapsible-opened\" >\n\t<div class=\"cnvs-block-collapsible-title\">\n\t\t<h6 id=\"what-type-of-music-is-typically-played-during-the-krizik-fountain-shows-and-are-there-themed-performances\" class=\"cnvs-block-collapsible-heading\">\n\t\t\t<a href=\"#\">What type of music is typically played during the Krizik Fountain shows, and are there themed performances?<\/a>\n\t\t<\/h6>\n\t<\/div>\n\t<div class=\"cnvs-block-collapsible-content\">\n\t\t\n\n<p>The Krizik Fountain shows feature a variety of music genres, including classical, pop, and contemporary hits. There are also themed performances that may include special musical scores and choreography tailored to the event or season.<\/p>\n\n\t<\/div>\n<\/div>\n\n\n<div class=\"cnvs-block-collapsible cnvs-block-collapsible-1710856454072 cnvs-block-collapsible-opened\" >\n\t<div class=\"cnvs-block-collapsible-title\">\n\t\t<h6 id=\"is-the-krizik-fountain-accessible-for-people-with-disabilities-including-wheelchair-access-and-seating\" class=\"cnvs-block-collapsible-heading\">\n\t\t\t<a href=\"#\">Is the Krizik Fountain accessible for people with disabilities, including wheelchair access and seating?<\/a>\n\t\t<\/h6>\n\t<\/div>\n\t<div class=\"cnvs-block-collapsible-content\">\n\t\t\n\n<p>The Krizik Fountain is accessible for <a href=\"https:\/\/prague.org\/tr\/prag-engelli-ziyaretciler-kilavuzu\/\" data-type=\"link\" data-id=\"https:\/\/prague.org\/prague-guide-for-disabled-visitors\/\">people with disabilities<\/a>. There are designated wheelchair-accessible areas and seating arrangements to accommodate visitors with special needs.<\/p>\n\n\t<\/div>\n<\/div>\n\n\n<div class=\"cnvs-block-collapsible cnvs-block-collapsible-1710856454237 cnvs-block-collapsible-opened\" >\n\t<div class=\"cnvs-block-collapsible-title\">\n\t\t<h6 id=\"are-there-any-dining-options-or-cafes-nearby-where-visitors-can-eat-before-or-after-the-shows\" class=\"cnvs-block-collapsible-heading\">\n\t\t\t<a href=\"#\">Are there any dining options or cafes nearby where visitors can eat before or after the shows?<\/a>\n\t\t<\/h6>\n\t<\/div>\n\t<div class=\"cnvs-block-collapsible-content\">\n\t\t\n\n<p>Yes, there are several<a href=\"https:\/\/www.getyourguide.fr\/prague-l10\/manger-prague-visite-gastronomique-d-une-demi-journee-t54438\/?ranking_uuid=81751c0e-0552-4b17-8520-8c46b8ff12e9\" data-type=\"link\" data-id=\"https:\/\/www.getyourguide.fr\/prague-l10\/manger-prague-visite-gastronomique-d-une-demi-journee-t54438\/?ranking_uuid=81751c0e-0552-4b17-8520-8c46b8ff12e9\" rel=\"nofollow noopener\"> yemek se\u00e7enekleri <\/a>and cafes located near the exhibition grounds. Visitors can enjoy a meal or a snack before or after attending a show at the Krizik Fountain.<\/p>\n\n\t<\/div>\n<\/div>\n\n\n<div class=\"cnvs-block-collapsible cnvs-block-collapsible-1710856454377 cnvs-block-collapsible-opened\" >\n\t<div class=\"cnvs-block-collapsible-title\">\n\t\t<h6 id=\"can-the-krizik-fountain-shows-be-affected-by-weather-conditions-and-are-there-any-indoor-alternatives-if-a-show-is-canceled\" class=\"cnvs-block-collapsible-heading\">\n\t\t\t<a href=\"#\">Can the Krizik Fountain shows be affected by weather conditions, and are there any indoor alternatives if a show is canceled?<\/a>\n\t\t<\/h6>\n\t<\/div>\n\t<div class=\"cnvs-block-collapsible-content\">\n\t\t\n\n<p>The Krizik Fountain shows can be affected by adverse weather conditions, such as heavy rain or thunderstorms. In case of a cancellation, visitors should check the official website for updates and potential indoor alternatives or rescheduling options.<\/p>\n\n\t<\/div>\n<\/div>\n\n<\/div>\n\n\n\n<div class=\"gyg-iframe-container\" style=\"margin-bottom:1.5em\"><iframe style=\"border:0;height:100%;width:100%\" title=\"GetYourGuide \u015fehir widget&#039;\u0131\" src=\"https:\/\/widget.getyourguide.com\/default\/city.frame?widget=wp_city&amp;iata=PRG&amp;locale_code=en-US&amp;partner_id=U94OQGQ\"><\/iframe><\/div>","protected":false},"excerpt":{"rendered":"Krizik \u00c7e\u015fmesi, Prag \u00c7ek\u00e7e ad\u0131: K\u0159i\u017e\u00edkova font\u00e1na Dans eden veya m\u00fczikli \u00e7e\u015fme olarak da bilinir, hatta baz\u0131lar\u0131...","protected":false},"author":2,"featured_media":3117,"comment_status":"closed","ping_status":"closed","sticky":false,"template":"","format":"standard","meta":{"footnotes":""},"categories":[1,204,19],"tags":[78,30],"table_tags":[],"_links":{"self":[{"href":"https:\/\/prague.org\/tr\/wp-json\/wp\/v2\/posts\/3116"}],"collection":[{"href":"https:\/\/prague.org\/tr\/wp-json\/wp\/v2\/posts"}],"about":[{"href":"https:\/\/prague.org\/tr\/wp-json\/wp\/v2\/types\/post"}],"author":[{"embeddable":true,"href":"https:\/\/prague.org\/tr\/wp-json\/wp\/v2\/users\/2"}],"replies":[{"embeddable":true,"href":"https:\/\/prague.org\/tr\/wp-json\/wp\/v2\/comments?post=3116"}],"version-history":[{"count":9,"href":"https:\/\/prague.org\/tr\/wp-json\/wp\/v2\/posts\/3116\/revisions"}],"predecessor-version":[{"id":13672,"href":"https:\/\/prague.org\/tr\/wp-json\/wp\/v2\/posts\/3116\/revisions\/13672"}],"wp:featuredmedia":[{"embeddable":true,"href":"https:\/\/prague.org\/tr\/wp-json\/wp\/v2\/media\/3117"}],"wp:attachment":[{"href":"https:\/\/prague.org\/tr\/wp-json\/wp\/v2\/media?parent=3116"}],"wp:term":[{"taxonomy":"category","embeddable":true,"href":"https:\/\/prague.org\/tr\/wp-json\/wp\/v2\/categories?post=3116"},{"taxonomy":"post_tag","embeddable":true,"href":"https:\/\/prague.org\/tr\/wp-json\/wp\/v2\/tags?post=3116"},{"taxonomy":"table_tags","embeddable":true,"href":"https:\/\/prague.org\/tr\/wp-json\/wp\/v2\/table_tags?post=3116"}],"curies":[{"name":"wp","href":"https:\/\/api.w.org\/{rel}","templated":true}]}}