{"id":3290,"date":"2022-06-15T08:26:15","date_gmt":"2022-06-15T06:26:15","guid":{"rendered":"https:\/\/prague.org\/?p=3290"},"modified":"2024-02-06T09:56:23","modified_gmt":"2024-02-06T07:56:23","slug":"petrin-hill","status":"publish","type":"post","link":"https:\/\/prague.org\/tr\/petrin-hill\/","title":{"rendered":"Pet\u0159\u00edn Tepesi, Prag"},"content":{"rendered":"<h2 id=\"czech-name-petrin\" class=\"wp-block-heading\">\u00c7ek\u00e7e ad\u0131:&nbsp;<strong>Pet\u0159\u00edn<\/strong><\/h2>\n\n\n\n<p>327 metre y\u00fckseliyor <a href=\"https:\/\/prague.org\/tr\/yukaridan-prag\/\" data-type=\"link\" data-id=\"https:\/\/prague.org\/prague-from-above\/\">yukar\u0131da<\/a> Prag'\u0131n kalbinde, Vltava Nehri'nin sol k\u0131y\u0131s\u0131nda\u00a0<a href=\"https:\/\/prague.org\/tr\/kucuk-kasaba-2\/\">K\u00fc\u00e7\u00fck \u015eehir<\/a>Pet\u0159\u00edn Tepesi, Prag 1 \u00c7ekya'da bulunan bu \u00f6nemli simge, bir\u00e7ok \u00f6nemli turistik yere ev sahipli\u011fi yapmaktad\u0131r. \u0130smi Latince kaya anlam\u0131na gelen petra kelimesinden gelmektedir. Eski g\u00fcnlerde, i\u015f\u00e7iler<\/p>\n\n\n\n<div class=\"gyg-iframe-container\" style=\"margin-bottom:1.5em\"><iframe style=\"border:0;height:100%;width:100%\" title=\"GetYourGuide etkinlikler widget&#039;\u0131\" src=\"https:\/\/widget.getyourguide.com\/default\/activities.frame?widget=wp_activities&amp;currency=EUR&amp;locale_code=en-GB&amp;number_of_items=3&amp;partner_id=U94OQGQ&amp;q=petrin%20hill%20prague\"><\/iframe><\/div>\n\n\n\n<h2 id=\"location-how-to-get-to-the-top-of-petrin-hill\" class=\"wp-block-heading\"><strong>Konum ve Pet\u0159\u00edn Tepesine Nas\u0131l \u00c7\u0131k\u0131l\u0131r<\/strong><\/h2>\n\n\n\n<p>Prag \u015fehrinin muhte\u015fem manzaralar\u0131n\u0131n tad\u0131n\u0131 \u00e7\u0131karmak i\u00e7in Pet\u0159\u00edn Tepesi'ne nas\u0131l gidece\u011finiz konusunda kafan\u0131z m\u0131 kar\u0131\u015ft\u0131?&nbsp;<\/p>\n\n\n\n<p>Pet\u0159\u00edn Tepesi'nin zirvesine \u00e7\u0131kmak nispeten kolayd\u0131r. Pet\u0159\u00edn Tepesi'ne ula\u015fman\u0131n en iyi yolu Pet\u0159\u00edn Tepesi tramvay\u0131na binmektir. \u00daJEZD dura\u011f\u0131na gitmek i\u00e7in 9, 12, 15 veya 22 numaral\u0131 hatlara binin. Ayr\u0131ca Mal\u00e1 Strana'dan kalkan Prag Pet\u0159\u00edn Tepesi'ndeki f\u00fcnik\u00fclere de binebilirsiniz.&nbsp;<\/p>\n\n\n\n<h2 id=\"opening-hours-entry-to-petrin-hill\" class=\"wp-block-heading\"><strong>\u00c7al\u0131\u015fma Saatleri ve Pet\u0159\u00edn Tepesi'ne Giri\u015f<\/strong><\/h2>\n\n\n\n<p>Do\u011fal bir topografik d\u00f6n\u00fcm noktas\u0131 olan Pet\u0159\u00edn Tepesi teknik olarak her zaman a\u00e7\u0131kt\u0131r. Ancak, \u00e7e\u015fitli&nbsp;<a href=\"https:\/\/prague.org\/tr\/what-to-do-and-see\/places\/\">Prag gezisi<\/a>&nbsp;Tepenin etraf\u0131na serpi\u015ftirilmi\u015f destinasyonlar kendi \u00e7al\u0131\u015fma saatlerini s\u00fcrd\u00fcrmektedir.&nbsp;<\/p>\n\n\n\n<figure class=\"wp-block-image size-large\"><img decoding=\"async\" width=\"1024\" height=\"683\" src=\"https:\/\/prague.org\/wp-content\/uploads\/2022\/06\/prague-3582513_1920-1024x683.jpg\" alt=\"Pet\u0159\u00edn Tepesi Prag\" class=\"wp-image-3742\" srcset=\"https:\/\/prague.org\/wp-content\/uploads\/2022\/06\/prague-3582513_1920-1024x683.jpg 1024w, https:\/\/prague.org\/wp-content\/uploads\/2022\/06\/prague-3582513_1920-600x400.jpg 600w, https:\/\/prague.org\/wp-content\/uploads\/2022\/06\/prague-3582513_1920-300x200.jpg 300w, https:\/\/prague.org\/wp-content\/uploads\/2022\/06\/prague-3582513_1920-768x512.jpg 768w, https:\/\/prague.org\/wp-content\/uploads\/2022\/06\/prague-3582513_1920-1536x1024.jpg 1536w, https:\/\/prague.org\/wp-content\/uploads\/2022\/06\/prague-3582513_1920-380x253.jpg 380w, https:\/\/prague.org\/wp-content\/uploads\/2022\/06\/prague-3582513_1920-800x533.jpg 800w, https:\/\/prague.org\/wp-content\/uploads\/2022\/06\/prague-3582513_1920-1160x773.jpg 1160w, https:\/\/prague.org\/wp-content\/uploads\/2022\/06\/prague-3582513_1920.jpg 1920w\" sizes=\"(max-width: 1024px) 100vw, 1024px\" \/><figcaption class=\"wp-element-caption\">Pet\u0159\u00edn Tepesi Prag<\/figcaption><\/figure>\n\n\n\n<h2 id=\"making-use-of-the-funicular-on-petrin-hill-prague\" class=\"wp-block-heading\"><strong>Pet\u0159\u00edn Tepesi'ndeki F\u00fcnik\u00fclerden Yararlanmak, Prag<\/strong><\/h2>\n\n\n\n<p>G\u00f6zetleme kulesi gibi, Prag Pet\u0159\u00edn Tepesi'ndeki f\u00fcnik\u00fcler de 1891 y\u0131l\u0131nda halka a\u00e7\u0131lm\u0131\u015ft\u0131r. E\u011fimli demiryolu, g\u00fcn\u00fcn saatine ba\u011fl\u0131 olarak 15 ve 20 dakikal\u0131k aral\u0131klarla her g\u00fcn sabah 9'dan ak\u015fam 11:20'ye kadar \u00e7al\u0131\u015fmaktad\u0131r. \u00dc\u00e7 durak Mal\u00e1 Strana'y\u0131 Pet\u0159\u00edn Tepesi'nin zirvesine ba\u011flamaktad\u0131r. Pet\u0159\u00edn Tepesi teleferi\u011fi olarak da bilinen f\u00fcnik\u00fcler, sizi Pet\u0159\u00edn Tepesi'nin zirvesine ta\u015f\u0131yarak Prag \u015fehrinin e\u015fsiz manzaras\u0131na eri\u015fmenizi sa\u011flar.<\/p>\n\n\n\n<h2 id=\"funicular-on-petrin-hill-tickets-price\" class=\"wp-block-heading\"><strong>Pet\u0159\u00edn Tepesi F\u00fcnik\u00fcleri Bilet Fiyat\u0131<\/strong><\/h2>\n\n\n\n<p>F\u00fcnik\u00fcler i\u00e7in Pet\u0159\u00edn Tepesi bilet fiyat\u0131 60 CZK olup, f\u00fcnik\u00fclere binmek isteyen her ziyaret\u00e7i i\u00e7in ge\u00e7erlidir. Ziyaret\u00e7iler biletleri f\u00fcnik\u00fcler duraklar\u0131nda bulunan otomatlardan sat\u0131n alabilirler. Ancak ziyaret\u00e7iler, bu biletin sat\u0131n alan ki\u015fiye \u00f6zel oldu\u011funu ve ba\u015fka bir ki\u015fiye devredilemeyece\u011fini unutmamal\u0131d\u0131r.<\/p>\n\n\n\n<h2 id=\"what-to-do-what-to-see-at-petrin-hill\" class=\"wp-block-heading\"><strong>Pet\u0159\u00edn Tepesinde Neler Yap\u0131l\u0131r &amp; Neler G\u00f6r\u00fcl\u00fcr<\/strong><\/h2>\n\n\n\n<p>Pet\u0159\u00edn Tepesi, \u00e7e\u015fitli parklara ve Prag gezi yerlerine ev sahipli\u011fi yapmaktad\u0131r. Pet\u0159\u00edn Tepesi'nden g\u00f6rebilece\u011finiz \u00fcnl\u00fc Prag simgelerinden birka\u00e7\u0131 a\u015fa\u011f\u0131da listelenmi\u015ftir.<\/p>\n\n\n\n<p><strong><a href=\"https:\/\/prague.org\/tr\/petrin-gozetleme-kulesi\/\">Pet\u0159\u00edn G\u00f6zetleme Kulesi<\/a>:<\/strong>&nbsp;Fransa'daki Eyfel Kulesi'nin k\u00fc\u00e7\u00fck bir versiyonu olan Pet\u0159\u00edn Tepesi'ndeki g\u00f6zetleme kulesi, 63,5 metre y\u00fcksekli\u011finde g\u00f6ky\u00fcz\u00fcne uzanan \u00e7elik bir parabol. 1891 y\u0131l\u0131nda General Land Centennial Sergisi i\u00e7in in\u015fa edilen kule, en parlak d\u00f6neminde hem radyo hem de televizyon anteni olarak hizmet vermi\u015ftir. Bug\u00fcn, emeklili\u011finde, Prag \u015eehir M\u00fczesi yap\u0131y\u0131 pop\u00fcler bir turistik yer olarak korumaktad\u0131r.&nbsp;<\/p>\n\n\n\n<p><strong>Pet\u0159\u00edn Tepesi F\u00fcnik\u00fcleri:<\/strong>&nbsp;G\u00f6zetleme kulesi gibi Pet\u0159\u00edn Tepesi'ndeki f\u00fcnik\u00fcler de 1891 y\u0131l\u0131nda halka a\u00e7\u0131lm\u0131\u015ft\u0131r. E\u011fimli demiryolu, g\u00fcn\u00fcn saatine ba\u011fl\u0131 olarak 15 ve 20 dakikal\u0131k aral\u0131klarla her g\u00fcn sabah 9'dan ak\u015fam 11:20'ye kadar \u00e7al\u0131\u015fmaktad\u0131r. \u00dc\u00e7 durak Mal\u00e1 Strana'y\u0131 Pet\u0159\u00edn Tepesi'nin zirvesine ba\u011flamaktad\u0131r.&nbsp;<\/p>\n\n\n\n<p><strong>A\u00e7l\u0131k Duvar\u0131:<\/strong>&nbsp;\u0130lk olarak 1300'lerde y\u00fckseltilen A\u00e7l\u0131k Duvar\u0131, Charles IV taraf\u0131ndan yapt\u0131r\u0131lan ve Lesser Town b\u00f6lgesini \u00e7evreleyen bir savunma yap\u0131s\u0131yd\u0131. 1361 y\u0131l\u0131nda b\u00f6lgeyi mali bir bunal\u0131m sarm\u0131\u015ft\u0131. Duvar\u0131n in\u015fas\u0131, ekonomiyi canland\u0131ran ve nihayetinde yoksul insanlara bir i\u015f ve dolay\u0131s\u0131yla kendilerini beslemeleri i\u00e7in bir ara\u00e7 sa\u011flayan bir kamu i\u015fleri projesi olarak hizmet etti. Ad\u0131n\u0131 da bu \u015fekilde alm\u0131\u015ft\u0131r.<\/p>\n\n\n\n<p><strong><a href=\"https:\/\/prague.org\/tr\/ayna-maze-2\/\">Aynal\u0131 Labirent<\/a>:<\/strong>&nbsp;Pet\u0159\u00edn Tepesi'ndeki pek \u00e7ok gezi noktas\u0131 gibi Aynal\u0131 Labirent de 1891 y\u0131l\u0131nda in\u015fa edilmi\u015ftir. Yap\u0131 d\u0131\u015far\u0131dan bak\u0131ld\u0131\u011f\u0131nda bir orta\u00e7a\u011f kalesi gibi tasarlanm\u0131\u015ft\u0131r. \u0130\u00e7eride, \u00e7arp\u0131k bir ayna odas\u0131na ek olarak alt\u0131n s\u00fcslemeli aynalardan olu\u015fan bir labirent bulunmaktad\u0131r. Adil bir uyar\u0131: \u00e7ok b\u00fcy\u00fck de\u011fil, ama e\u011flenceli bir zaman - \u00f6zellikle \u00e7ocuklar i\u00e7in.<\/p>\n\n\n\n<p><strong><a href=\"https:\/\/prague.org\/tr\/gul-bahcesi-petrin-hill\/\">G\u00fcl Bah\u00e7esi<\/a>:<\/strong>&nbsp;Pet\u0159\u00edn Tepesi'ndeki g\u00fcl bah\u00e7esi, civardaki en \u00e7ok ziyaret edilen noktalardan biridir. Bir \u00e7i\u00e7ek bereketi olan bu bah\u00e7ede 12.000'den fazla g\u00fcl \u00e7e\u015fidi bulunmaktad\u0131r! Bu kartpostal g\u00fczelli\u011findeki Prag park\u0131 hem gezginlerin hem de b\u00f6lge sakinlerinin g\u00f6zdesi.&nbsp;<\/p>\n\n\n\n<h2 id=\"history-of-petrin-hill\" class=\"wp-block-heading\"><strong>Pet\u0159\u00edn Tepesi'nin Tarih\u00e7esi<\/strong><\/h2>\n\n\n\n<p>Pet\u0159\u00edn Tepesi bir&nbsp;<strong>do\u011fal peyzaj \u00f6zelli\u011fi<\/strong>&nbsp;modern tarihten \u00f6nce olu\u015fmu\u015ftur. Stratejik konumu nedeniyle h\u00f6y\u00fck, \u015fehrin geli\u015fiminde merkezi bir rol oynam\u0131\u015f ve Prag'da d\u00fczenlenen 1891 Genel Kara Y\u00fcz\u00fcnc\u00fc Y\u0131l Sergisi s\u0131ras\u0131nda pop\u00fcler bir yer olarak hizmet vermi\u015ftir.<\/p>\n\n\n\n<p>Bir\u00e7ok yerli halk taraf\u0131ndan Huzurlu Pet\u0159\u00edn olarak adland\u0131r\u0131lan Pet\u0159\u00edn Tepesi, \u00c7ek Cumhuriyeti'nde seyahat ederken mutlaka g\u00f6r\u00fclmesi gereken bir yerdir. Ke\u015ffetmek i\u00e7in bir g\u00fcn\u00fcn daha iyi bir k\u0131sm\u0131n\u0131 ay\u0131rd\u0131\u011f\u0131n\u0131zdan emin olun. G\u00f6r\u00fclecek \u00e7ok \u015fey var!<\/p>\n\n\n\n<h2 id=\"tranquility-and-scenic-views-where-to-stay-near-petrin-hill-in-prague-5\" class=\"wp-block-heading\">Huzur ve Manzara: Prag'da Pet\u0159\u00edn Tepesi Yak\u0131n\u0131nda Nerede Kal\u0131n\u0131r 5<\/h2>\n\n\n\n<p> Pet\u0159\u00edn Tepesi b\u00f6lgesi ayr\u0131ca ke\u015ffedilecek \u00e7e\u015fitli m\u00fczeler, galeriler ve tiyatrolarla zengin bir k\u00fclt\u00fcrel ortama sahiptir. Yemek merakl\u0131lar\u0131, b\u00f6lgenin geleneksel \u00c7ek mutfa\u011f\u0131ndan uluslararas\u0131 lezzetlere kadar uzanan \u00e7e\u015fitli gastronomi se\u00e7eneklerine bay\u0131lacakt\u0131r. \u00c7ok say\u0131da <a href=\"https:\/\/prague.org\/tr\/pragdaki-en-iyi-oteller-5\/\">oteller, apartmanlar ve di\u011fer konaklama yerleri<\/a> Prag 5, benzersiz ve otantik bir Prag deneyimi arayan gezginler i\u00e7in m\u00fckemmel bir se\u00e7imdir.<\/p>\n\n\n\n<div class=\"gyg-iframe-container\" style=\"margin-bottom:1.5em\"><iframe style=\"border:0;height:100%;width:100%\" title=\"GetYourGuide \u015fehir widget&#039;\u0131\" src=\"https:\/\/widget.getyourguide.com\/default\/city.frame?widget=wp_city&amp;iata=PRG&amp;locale_code=en-US&amp;partner_id=U94OQGQ\"><\/iframe><\/div>","protected":false},"excerpt":{"rendered":"\u00c7ek\u00e7e ad\u0131: Pet\u0159\u00edn Prag'\u0131n Lesser b\u00f6lgesinin kalbinde, Vltava Nehri'nin sol k\u0131y\u0131s\u0131n\u0131n 327 metre \u00fczerinde y\u00fckselen...","protected":false},"author":2,"featured_media":3744,"comment_status":"closed","ping_status":"closed","sticky":false,"template":"","format":"standard","meta":{"footnotes":""},"categories":[1,204,19],"tags":[74,85],"table_tags":[],"_links":{"self":[{"href":"https:\/\/prague.org\/tr\/wp-json\/wp\/v2\/posts\/3290"}],"collection":[{"href":"https:\/\/prague.org\/tr\/wp-json\/wp\/v2\/posts"}],"about":[{"href":"https:\/\/prague.org\/tr\/wp-json\/wp\/v2\/types\/post"}],"author":[{"embeddable":true,"href":"https:\/\/prague.org\/tr\/wp-json\/wp\/v2\/users\/2"}],"replies":[{"embeddable":true,"href":"https:\/\/prague.org\/tr\/wp-json\/wp\/v2\/comments?post=3290"}],"version-history":[{"count":16,"href":"https:\/\/prague.org\/tr\/wp-json\/wp\/v2\/posts\/3290\/revisions"}],"predecessor-version":[{"id":12799,"href":"https:\/\/prague.org\/tr\/wp-json\/wp\/v2\/posts\/3290\/revisions\/12799"}],"wp:featuredmedia":[{"embeddable":true,"href":"https:\/\/prague.org\/tr\/wp-json\/wp\/v2\/media\/3744"}],"wp:attachment":[{"href":"https:\/\/prague.org\/tr\/wp-json\/wp\/v2\/media?parent=3290"}],"wp:term":[{"taxonomy":"category","embeddable":true,"href":"https:\/\/prague.org\/tr\/wp-json\/wp\/v2\/categories?post=3290"},{"taxonomy":"post_tag","embeddable":true,"href":"https:\/\/prague.org\/tr\/wp-json\/wp\/v2\/tags?post=3290"},{"taxonomy":"table_tags","embeddable":true,"href":"https:\/\/prague.org\/tr\/wp-json\/wp\/v2\/table_tags?post=3290"}],"curies":[{"name":"wp","href":"https:\/\/api.w.org\/{rel}","templated":true}]}}