{"id":3309,"date":"2022-06-15T08:41:50","date_gmt":"2022-06-15T06:41:50","guid":{"rendered":"https:\/\/prague.org\/?p=3309"},"modified":"2024-04-22T13:53:06","modified_gmt":"2024-04-22T11:53:06","slug":"prague-astronomical-clock","status":"publish","type":"post","link":"https:\/\/prague.org\/tr\/prague-astronomical-clock\/","title":{"rendered":"Prag Astronomik Saati"},"content":{"rendered":"<h2 id=\"prague-astronomical-clock-orloj-clock-the-mysterious-jewel-of-the-old-town-square\" class=\"wp-block-heading\">Prag Astronomik Saati (Orloj Saati) - Eski \u015eehir Meydan\u0131'n\u0131n gizemli m\u00fccevheri<\/h2>\n\n\n\n<p>\u00c7ek\u00e7e ad\u0131:&nbsp;<strong>Pra\u017esk\u00fd Orloj<\/strong><\/p>\n\n\n\n<p>Yapt\u0131\u011f\u0131n zaman&nbsp;<a href=\"https:\/\/prague.org\/tr\/what-to-do-and-see\/guides-what-to-do-and-see\/\">Prag gezisi<\/a>Prag'\u0131n orta\u00e7a\u011fdan kalma Orloj Saatini g\u00f6rme \u015fans\u0131n\u0131 ka\u00e7\u0131rmak istemeyeceksiniz. Saat<strong>Kilidin tarihi 1410 y\u0131l\u0131na kadar uzan\u0131yor<\/strong>bu da onu&nbsp;<strong>hala \u00e7al\u0131\u015f\u0131r durumda olan t\u00fcr\u00fcn\u00fcn en eski \u00fc\u00e7\u00fcnc\u00fc saati<\/strong>.&nbsp;<a href=\"https:\/\/prague.org\/tr\/old-town-square\/\">Eski \u015eehir Meydan\u0131<\/a>&nbsp;konumu sayesinde \u015fehrin en g\u00f6zde turistik yerlerinin \u00e7o\u011funa kolayca ula\u015f\u0131labilmektedir. Y\u0131llar i\u00e7inde kuleye eklenen e\u015fsiz sanat eserleri, Prag'a gitti\u011finizde ziyaret listenize alman\u0131z gereken nedenlerden biridir.<\/p>\n\n\n\n<h2 id=\"history-of-the-astronomical-clock-orloj-clock-in-prague\" class=\"wp-block-heading\">Prag'daki Astronomik Saatin (Orloj Saati) Tarih\u00e7esi<\/h2>\n\n\n\n<figure class=\"wp-block-image\"><img decoding=\"async\" src=\"https:\/\/i0.wp.com\/prague.org\/wp-content\/uploads\/2020\/12\/prague_astronomical_clock_03.jpg?resize=1024%2C683&amp;ssl=1\" alt=\"Prag Astronomik Saatinin astronomik kadran\u0131 saat makinesi taraf\u0131ndan \u00e7al\u0131\u015ft\u0131r\u0131l\u0131r\" class=\"wp-image-4846\"\/><figcaption class=\"wp-element-caption\">Prag Astronomik Saatinin astronomik kadran\u0131 saat makinesi taraf\u0131ndan \u00e7al\u0131\u015ft\u0131r\u0131l\u0131r<\/figcaption><\/figure>\n\n\n\n<p class=\"translation-block\">Saatin bulundu\u011fu kule 1364 y\u0131l\u0131nda <a href=\"https:\/\/prague.org\/tr\/old-town-hall-tower\/\" target=\"_self\">Belediye Binas\u0131<\/a>'n\u0131 olu\u015fturan eve eklenmi\u015ftir. Bu kule, kulelerin \u00c7ek toplumu i\u00e7in g\u00fc\u00e7 ve g\u00fcvenli\u011fi sembolize etmesi nedeniyle \u00f6nemliydi. Kada\u0148'l\u0131 Mikul\u00e1\u0161, Kral'\u0131n talimat\u0131yla 1410 y\u0131l\u0131nda saati yapm\u0131\u015f, 1490 y\u0131l\u0131nda Jan R\u016f\u017ee taraf\u0131ndan bir takvim levhas\u0131 ve \u00d6l\u00fcm fig\u00fcr\u00fc eklenmi\u015ftir.<\/p>\n\n\n\n<p>May\u0131s 1945'te Naziler Belediye Binas\u0131n\u0131 tahrip etmi\u015f, bunun sonucunda saat mekanizmas\u0131 ve ah\u015fap fig\u00fcrler zarar g\u00f6rm\u00fc\u015ft\u00fcr. Saat 1948'de yeni fig\u00fcrlerle tekrar \u00e7al\u0131\u015fmaya ba\u015flam\u0131\u015ft\u0131r.<\/p>\n\n\n\n<p>1976 y\u0131l\u0131nda orijinal heykel ve heykelciklerin yerini kopyalar\u0131 alm\u0131\u015ft\u0131r. Orijinalleri Prag \u015eehir M\u00fczesi'nde sergilenmektedir.<\/p>\n\n\n\n<h2 id=\"orloj-clock-prague-location-how-to-get-there\" class=\"wp-block-heading\"><strong>Orloj Clock Prague Konum ve Nas\u0131l Gidilir<\/strong><\/h2>\n\n\n\n<div data-gyg-href=\"https:\/\/widget.getyourguide.com\/default\/activities.frame\" data-gyg-locale-code=\"en-US\" data-gyg-widget=\"activities\" data-gyg-number-of-items=\"3\" data-gyg-cmp=\"pragueclock\" data-gyg-partner-id=\"U94OQGQ\" data-gyg-placement=\"other\" data-gyg-q=\"Prague%20Astronomical%20Clock\"><\/div>\n\n\n\n<p>Prag \u00c7ek Cumhuriyeti Astronomik Saat Kulesi <a href=\"https:\/\/prague.org\/tr\/old-town-hall-tower\/\" data-type=\"link\" data-id=\"https:\/\/prague.org\/old-town-hall-tower\/\">Eski Belediye Binas\u0131 Kulesi<\/a>g\u00fcney taraf\u0131nda yer almaktad\u0131r. Orloj Clock Prag'\u0131n adresi Starom\u011bstsk\u00e9 n\u00e1m\u011bst\u00ed 1\/3't\u00fcr, bu da kuleyi \u015fehrin tam ortas\u0131na yerle\u015ftirir.&nbsp;<a href=\"https:\/\/prague.org\/tr\/eski\u0307-kasabanin-tari\u0307hi\u0307-guzelli\u0307gi\u0307nde-kaybolun\/\">Eski \u015eehir B\u00f6lgesi<\/a>. Bu b\u00f6lgeyi i\u00e7eren bir tura kat\u0131ld\u0131\u011f\u0131n\u0131zda, saati ve kuleyi \u00e7ok kolay bir \u015fekilde g\u00f6rebilmeniz muhtemeldir.<\/p>\n\n\n\n<p>En yak\u0131n istasyon Starom\u011bstsk\u00e1 dura\u011f\u0131 (Metro A) veya Starom\u011bstsk\u00e1 tramvay dura\u011f\u0131d\u0131r. Oradan y\u00fcr\u00fcy\u00fc\u015f\u00fcn\u00fcz en fazla 10 dakika s\u00fcrecektir.&nbsp;<\/p>\n\n\n\n<p>Prag'daki Orloj saati \u015fehrin ortas\u0131nda elveri\u015fli bir konumda yer almaktad\u0131r, bu nedenle oraya ula\u015fmak \u00e7ok zor de\u011fildir. Oraya giden birka\u00e7 yol vard\u0131r:<\/p>\n\n\n\n<p><strong>Y\u00fcr\u00fcyerek:<\/strong> Prag'\u0131n Eski Kent b\u00f6lgesindeyseniz, Astronomik Saat'e y\u00fcr\u00fcmek en kolay\u0131d\u0131r. \u015eehir merkezindeki otellerin \u00e7o\u011fu saate y\u00fcr\u00fcme mesafesindedir. Saati bulmak i\u00e7in Eski \u015eehir Meydan\u0131 (Starom\u011bstsk\u00e9 n\u00e1m\u011bst\u00ed) tabelalar\u0131n\u0131 takip edin.<\/p>\n\n\n\n<p><strong>Toplu ta\u015f\u0131ma:<\/strong> Prag'\u0131n verimli toplu ta\u015f\u0131ma sistemi sizi Astronomik Saat'e uzaktan da yakla\u015ft\u0131rabilir. Metroyla Starom\u011bstsk\u00e1 istasyonuna (Hat A) gidin, Eski \u015eehir Meydan\u0131'na k\u0131sa bir y\u00fcr\u00fcy\u00fc\u015f mesafesinde. Alternatif olarak, Starom\u011bstsk\u00e1 veya Pr\u00e1vnick\u00e1 Fakulta gibi yak\u0131ndaki duraklara giden bir tramvaya binin.<\/p>\n\n\n\n<p><strong>Taksi veya Ara\u00e7 Payla\u015f\u0131m\u0131:<\/strong> Prag'da \u00e7ok say\u0131da taksi ve ara\u00e7 payla\u015f\u0131m hizmeti bulunmaktad\u0131r. Saat kulesine gitmek i\u00e7in bir taksi veya ara\u00e7 payla\u015f\u0131m uygulamas\u0131na \"Prag Astronomik Saati\" yaz\u0131n.<\/p>\n\n\n\n<p><strong>Rehberli Turlar: <\/strong>Bir\u00e7ok Prag y\u00fcr\u00fcy\u00fc\u015f turu Astronomik Saat'i i\u00e7erir. Rehberli bir turda, rehberiniz size saate kadar e\u015flik edecek ve saatin tarihini ve \u00f6nemini a\u00e7\u0131klayacakt\u0131r.<\/p>\n\n\n\n<p>Prag'da Eski Belediye Binas\u0131'n\u0131n g\u00fcney taraf\u0131nda bulunan Orloj saati, Prag'\u0131n Eski \u015eehir Meydan\u0131'na ula\u015ft\u0131\u011f\u0131n\u0131zda, oraya ula\u015fmak i\u00e7in kulland\u0131\u011f\u0131n\u0131z ula\u015f\u0131m ara\u00e7lar\u0131ndan ba\u011f\u0131ms\u0131z olarak tan\u0131nabilir. Meydanda g\u00f6ze \u00e7arpmaktad\u0131r ve g\u00f6zden ka\u00e7\u0131r\u0131lmas\u0131 imk\u00e2ns\u0131zd\u0131r.<\/p>\n\n\n\n<h2 id=\"astronomical-clock-prague-opening-hours-entry-fees\" class=\"wp-block-heading\"><strong>Astronomik Saat Prag \u00c7al\u0131\u015fma Saatleri &amp; Giri\u015f \u00dccretleri<\/strong><\/h2>\n\n\n\n<figure class=\"wp-block-image\"><img decoding=\"async\" src=\"https:\/\/i0.wp.com\/prague.org\/wp-content\/uploads\/2020\/12\/prague_astronomical_clock_02.jpg?resize=1024%2C706&amp;ssl=1\" alt=\"Ziyaret\u00e7iler saatin \u00fczerinde 12 havariyi ve daha b\u00fcy\u00fcleyici heykelleri g\u00f6rebilirler\" class=\"wp-image-4845\"\/><figcaption class=\"wp-element-caption\">Ziyaret\u00e7iler saatin \u00fczerinde 12 havariyi ve daha b\u00fcy\u00fcleyici heykelleri g\u00f6rebilirler&nbsp;<\/figcaption><\/figure>\n\n\n\n<p>Tarihi i\u00e7 mekanlar Ocak-Eyl\u00fcl aylar\u0131 aras\u0131nda Pazartesi g\u00fcnleri 11.00-19.00 saatleri aras\u0131nda gezilebilirken, Ekim-Aral\u0131k aylar\u0131 aras\u0131nda 20.00'ye kadar a\u00e7\u0131k kalmaktad\u0131r. Sal\u0131'dan Pazar'a kadar i\u00e7 mekan turlar\u0131 Ocak'tan Eyl\u00fcl'e kadar 9.00-19.00 saatleri aras\u0131nda, Ekim'den Aral\u0131k'a kadar ise 20.00'ye kadar devam etmektedir.<\/p>\n\n\n\n<p>Eski Belediye Binas\u0131 Kulesi'ni Ocak-Eyl\u00fcl aylar\u0131 aras\u0131nda Pazartesi g\u00fcnleri 11.00-22.00 saatleri aras\u0131nda, Ekim-Aral\u0131k aylar\u0131 aras\u0131nda ise 20.00'ye kadar d\u00fczenlenen turlarla gezebilirsiniz. Turlar ayr\u0131ca Sal\u0131'dan Pazar'a Ocak'tan Eyl\u00fcl'e kadar 9.00-22.00 saatleri aras\u0131nda ve Ekim'den Aral\u0131k'a kadar 9.00-20.00 saatleri aras\u0131nda d\u00fczenlenmektedir.<\/p>\n\n\n\n<p>Sal\u0131 ve Pazar g\u00fcnleri aras\u0131nda, ziyaret\u00e7iler 9.00 ve 10.00 saatleri aras\u0131nda Prag Astronomik Saat Kulesi biletlerinde 50% indirimden yararlanabilirler. Temel giri\u015f \u00fccreti 250 CZK, indirimli giri\u015f \u00fccreti ise 150 CZK'd\u0131r. Aile giri\u015f \u00fccreti 500 CZK'd\u0131r.<\/p>\n\n\n\n<h2 id=\"orloj-clock-prague-walking-tour\" class=\"wp-block-heading\">Orloj Clock Prag Y\u00fcr\u00fcy\u00fc\u015f Turu<\/h2>\n\n\n\n<div data-gyg-href=\"https:\/\/widget.getyourguide.com\/default\/activities.frame\" data-gyg-locale-code=\"en-US\" data-gyg-widget=\"activities\" data-gyg-number-of-items=\"1\" data-gyg-partner-id=\"U94OQGQ\" data-gyg-q=\"Prague%203-Hour%20Tour%20with%20Astronomical%20Clock\"><\/div>\n\n\n\n<p>Astronomik Saat Kulesi'ni ziyaret etmenin yan\u0131 s\u0131ra, Prag'\u0131n Eski \u015eehir Meydan\u0131 turunuz meydan\u0131n geri kalan\u0131na eri\u015fimi de i\u00e7erecektir. Kuleye \u00e7\u0131k\u0131n ve \u015fehrin nefes kesici manzaras\u0131n\u0131 seyredin. Yeni \u015eehir'e gitti\u011finizde, son on y\u00fczy\u0131lda \u00c7ek Cumhuriyeti'ni \u015fekillendiren olaylar hakk\u0131nda bilgi edineceksiniz.<\/p>\n\n\n\n<h3 id=\"highlights\" class=\"wp-block-heading\">\u00d6nemli Noktalar<\/h3>\n\n\n\n<ul>\n<li>Prag'\u0131n hem Eski Kent hem de Yeni Kent tarihi hakk\u0131nda k\u0131sa bir bilgi edinin.<\/li>\n\n\n\n<li>Hi\u00e7bir \u00fccret \u00f6demeden iptal edebilirsiniz.&nbsp;<\/li>\n\n\n\n<li>Tur s\u00fcresi yakla\u015f\u0131k 3 saattir.<\/li>\n\n\n\n<li>Ki\u015fi ba\u015f\u0131 35 \u20ac'dan ba\u015flayan fiyatlarla<\/li>\n\n\n\n<li>Nefes kesici Prag manzaralar\u0131 ve rehberinizden \u015fehrin tarihi hakk\u0131nda b\u00fcy\u00fcleyici yorumlar i\u00e7in Astronomik Saat Kulesi'nin tepesine asans\u00f6rle \u00e7\u0131k\u0131n.<\/li>\n\n\n\n<li>Astronomik Saat Kulesi'ni g\u00f6rd\u00fckten sonra \u015fehrin antik evlerini, saraylar\u0131n\u0131, katedrallerini ve tiyatrolar\u0131n\u0131 gezmeye ba\u015flayacaks\u0131n\u0131z.<\/li>\n\n\n\n<li>\u0130mparator Charles IV, Amadeus Mozart ve Albert Einstein gibi tarihi \u015fahsiyetlerin evlerini ve i\u015f yerlerini ziyaret edin.<\/li>\n\n\n\n<li>Yeni \u015eehir b\u00f6lgesinde mola verin ve \u015fehrin 9. ve 20. y\u00fczy\u0131llar aras\u0131ndaki yak\u0131n ge\u00e7mi\u015fi hakk\u0131nda bilgi edinin.<\/li>\n<\/ul>\n\n\n\n<h3 id=\"what-is-included\" class=\"wp-block-heading\">Neler Dahil<\/h3>\n\n\n\n<ul>\n<li>Prag Orloj Saatine Giri\u015f<\/li>\n\n\n\n<li>Tarihi Belediye Binas\u0131na Eri\u015fim<\/li>\n\n\n\n<li>Prag Gezisi<\/li>\n\n\n\n<li>\u0130spanyolca, \u0130ngilizce, Frans\u0131zca, Almanca ve \u0130talyanca bilen bir rehber<\/li>\n<\/ul>\n\n\n\n<div class=\"wp-block-buttons is-layout-flex wp-block-buttons-is-layout-flex\">\n<div class=\"wp-block-button is-style-cs-button-block\"><a class=\"wp-block-button__link wp-element-button\" href=\"https:\/\/www.getyourguide.com\/prague-astronomical-clock-l3554\/prague-tour-with-astronomical-clock-admission-ticket-t57519\/?partner_id=U94OQGQ&amp;utm_medium=online_publisher&amp;placement=button-cta\" target=\"_blank\" rel=\"noreferrer noopener nofollow\">\u2192 Biletleri g\u00f6r\u00fcn<\/a><\/div>\n<\/div>\n\n\n\n<h2 id=\"what-to-do-what-to-see-around-the-astronomical-clock-prague\" class=\"wp-block-heading\"><strong>Prag Astronomik Saat M\u00fczesi \u00c7evresinde Neler Yap\u0131l\u0131r &amp; Neler G\u00f6r\u00fcl\u00fcr<\/strong><\/h2>\n\n\n\n<!-- GetYourGuide Analytics -->\n\n<script async=\"\" defer=\"\" src=\"https:\/\/widget.getyourguide.com\/dist\/pa.umd.production.min.js\" data-gyg-partner-id=\"U94OQGQ\"><\/script>\n\n\n\n<p class=\"translation-block\">Bu astronomik saat Prag gezisinin <strong>\u00f6nemli bir par\u00e7as\u0131d\u0131r<\/strong> ve akl\u0131n\u0131zda tutmak isteyeceksiniz. Saat 9.00 ile 11.00 aras\u0131nda vurdu\u011funda, Yeni Ahit'in On \u0130ki Havarisi'ni de i\u00e7eren bir ge\u00e7it t\u00f6reni g\u00f6receksiniz.<\/p>\n\n\n\n<p>Ayr\u0131ca ba\u015fka&nbsp;<strong>saat vurdu\u011funda g\u00f6rece\u011finiz hareketli fig\u00fcrler<\/strong>. Bunlardan biri, ba\u015f\u0131n\u0131 sallayarak bir kum saatini d\u00f6nd\u00fcren ve o d\u00f6nemde b\u00f6lgeye bask\u0131 yapan T\u00fcrklere zamanlar\u0131n\u0131n doldu\u011funu g\u00f6steren \u00fcnl\u00fc Prag Astronomik Saat iskeletidir. Cimri ve Bo\u015f Adam fig\u00fcrleri de benzer \u015fekilde davranmaktad\u0131r.&nbsp;<\/p>\n\n\n\n<p>Saatin astronomi b\u00f6l\u00fcm\u00fc, 600 y\u0131ll\u0131k i\u015flevsel bir saat olmas\u0131n\u0131n yan\u0131 s\u0131ra g\u00fcne\u015f, ay, Zodyak tak\u0131my\u0131ld\u0131zlar\u0131 ve bazen de gezegenlerin g\u00f6receli konumlar\u0131n\u0131 g\u00f6sterir. Saatin astronomik y\u00f6n\u00fcn\u00fc g\u00f6steren kadran bir usturlapt\u0131r.<\/p>\n\n\n\n<p>Gotik heykeller saati vurgulayarak tasar\u0131m\u0131na daha fazla dikkat \u00e7eker. Alt\u0131n renginde \u00f6ten bir horoz da bu saatin benzersiz tasar\u0131m\u0131na dikkat \u00e7ekmektedir.<\/p>\n\n\n\n<div class=\"wp-block-group is-layout-constrained wp-block-group-is-layout-constrained\"><div class=\"wp-block-group__inner-container\">\n<h2 id=\"faq\" class=\"cnvs-block-section-heading cnvs-block-section-heading-1710856516628 is-style-cnvs-block-section-heading-2 halignleft\" >\n\t<span class=\"cnvs-section-title\">\n\t\t<span>SSS<\/span>\n\t<\/span>\n<\/h2>\n\n\n\n<div class=\"cnvs-block-collapsibles cnvs-block-collapsibles-1710856446798 cnvs-block-collapsibles-5\" >\n\t\n<div class=\"cnvs-block-collapsible cnvs-block-collapsible-1710856446894 cnvs-block-collapsible-opened\" >\n\t<div class=\"cnvs-block-collapsible-title\">\n\t\t<h6 id=\"how-frequently-are-the-clocks-figures-and-mechanisms-maintained\" class=\"cnvs-block-collapsible-heading\">\n\t\t\t<a href=\"#\">Saatin fig\u00fcrlerinin ve mekanizmalar\u0131n\u0131n bak\u0131m\u0131 ne s\u0131kl\u0131kla yap\u0131l\u0131yor?<\/a>\n\t\t<\/h6>\n\t<\/div>\n\t<div class=\"cnvs-block-collapsible-content\">\n\t\t\n\n<p>Prag <a href=\"https:\/\/prague.org\/tr\/laheyde-astronomik-saat-nerede-bulunuyor\/\" data-type=\"link\" data-id=\"https:\/\/prague.org\/where-is-the-astronomical-clock-situated-in-prague\/\">Astronomik Saat<\/a> hassasiyetini sa\u011flamak ve tarihi detaylar\u0131n\u0131 korumak i\u00e7in uzman horologlar taraf\u0131ndan d\u00fczenli olarak bak\u0131ma tabi tutulur.<\/p>\n\n\t<\/div>\n<\/div>\n\n\n<div class=\"cnvs-block-collapsible cnvs-block-collapsible-1710856446899 cnvs-block-collapsible-opened\" >\n\t<div class=\"cnvs-block-collapsible-title\">\n\t\t<h6 id=\"what-specific-materials-were-used-in-the-construction-of-the-astronomical-clock\" class=\"cnvs-block-collapsible-heading\">\n\t\t\t<a href=\"#\">Astronomik Saat'in yap\u0131m\u0131nda hangi \u00f6zel malzemeler kullan\u0131ld\u0131?<\/a>\n\t\t<\/h6>\n\t<\/div>\n\t<div class=\"cnvs-block-collapsible-content\">\n\t\t\n\n<p><a href=\"https:\/\/prague.org\/tr\/prag-astronomi\u0307k-saat-cagi\/\" data-type=\"link\" data-id=\"https:\/\/prague.org\/age-of-the-prague-astronomical-clock\/\">Saat in\u015fa edildi<\/a> \u00c7er\u00e7eve ve di\u015fliler i\u00e7in demir, s\u00fcslemeler i\u00e7in pirin\u00e7 ve alt\u0131n varak, g\u00f6vde ve fig\u00fcrler i\u00e7in ah\u015fap ve ta\u015f kullan\u0131lm\u0131\u015ft\u0131r.<\/p>\n\n\t<\/div>\n<\/div>\n\n\n<div class=\"cnvs-block-collapsible cnvs-block-collapsible-1710856454072 cnvs-block-collapsible-opened\" >\n\t<div class=\"cnvs-block-collapsible-title\">\n\t\t<h6 id=\"are-there-any-accessibility-features-for-those-with-disabilities-planning-to-visit-the-clock-and-participate-in-tours\" class=\"cnvs-block-collapsible-heading\">\n\t\t\t<a href=\"#\">Saati ziyaret etmeyi ve turlara kat\u0131lmay\u0131 planlayan engelliler i\u00e7in herhangi bir eri\u015filebilirlik \u00f6zelli\u011fi var m\u0131?<\/a>\n\t\t<\/h6>\n\t<\/div>\n\t<div class=\"cnvs-block-collapsible-content\">\n\t\t\n\n<p>Saatin bulundu\u011fu Eski Belediye Binas\u0131, turlar\u0131n hareket zorlu\u011fu \u00e7eken ziyaret\u00e7iler i\u00e7in eri\u015filebilir olmas\u0131n\u0131 sa\u011flamak amac\u0131yla asans\u00f6r eri\u015fimi sa\u011flamaktad\u0131r.<\/p>\n\n\t<\/div>\n<\/div>\n\n\n<div class=\"cnvs-block-collapsible cnvs-block-collapsible-1710856454237 cnvs-block-collapsible-opened\" >\n\t<div class=\"cnvs-block-collapsible-title\">\n\t\t<h6 id=\"can-visitors-interact-with-any-exhibits-or-features-related-to-the-astronomical-clock-during-their-tour\" class=\"cnvs-block-collapsible-heading\">\n\t\t\t<a href=\"#\">Ziyaret\u00e7iler turlar\u0131 s\u0131ras\u0131nda Astronomik Saat ile ilgili herhangi bir sergi veya \u00f6zellik ile etkile\u015fime girebiliyor mu?<\/a>\n\t\t<\/h6>\n\t<\/div>\n\t<div class=\"cnvs-block-collapsible-content\">\n\t\t\n\n<p><a href=\"https:\/\/www.getyourguide.com\/prague-l10\/prague-astronomical-clock-tower-ticket-and-audioguide-t499853\/?ranking_uuid=38e739a5-feff-4fb3-a9e3-eed6e5763a57\" data-type=\"link\" data-id=\"https:\/\/www.getyourguide.com\/prague-l10\/prague-astronomical-clock-tower-ticket-and-audioguide-t499853\/?ranking_uuid=38e739a5-feff-4fb3-a9e3-eed6e5763a57\" rel=\"nofollow noopener\">Astronomik Saat Turlar\u0131<\/a> Genellikle saatin i\u015fleyi\u015fini ve tarihini a\u00e7\u0131klayan, ziyaret\u00e7ilerin anlay\u0131\u015f\u0131n\u0131 ve deneyimini geli\u015ftiren interaktif sergiler i\u00e7erir.<\/p>\n\n\t<\/div>\n<\/div>\n\n\n<div class=\"cnvs-block-collapsible cnvs-block-collapsible-1710856454377 cnvs-block-collapsible-opened\" >\n\t<div class=\"cnvs-block-collapsible-title\">\n\t\t<h6 id=\"are-there-any-special-events-or-celebrations-at-the-astronomical-clock-throughout-the-year\" class=\"cnvs-block-collapsible-heading\">\n\t\t\t<a href=\"#\">Astronomik Saat'te y\u0131l boyunca \u00f6zel etkinlikler veya kutlamalar oluyor mu?<\/a>\n\t\t<\/h6>\n\t<\/div>\n\t<div class=\"cnvs-block-collapsible-content\">\n\t\t\n\n<p>Saat, \u00f6zellikle \u00f6nemli k\u00fclt\u00fcrel veya tarihi tarihlerde \u00e7e\u015fitli \u00f6zel etkinliklerde ve kutlamalarda yer almaktad\u0131r. Ziyaret\u00e7iler, ziyaretleri s\u0131ras\u0131nda ilgili etkinlikler i\u00e7in yerel etkinlik takvimlerini kontrol etmelidir.<\/p>\n\n\t<\/div>\n<\/div>\n\n<\/div>\n<\/div><\/div>\n\n\n\n<blockquote class=\"wp-block-quote\">\n<p>Ke\u015ffedin <a href=\"https:\/\/prague.org\/tr\/pragdaki-en-iyi-kahvalti\/\" data-type=\"link\" data-id=\"https:\/\/prague.org\/best-breakfast-in-prague\/\">Prag'daki En \u0130yi Kahvalt\u0131<\/a> G\u00fcne do\u011fru ba\u015flamak i\u00e7in \u015fehrin en iyi noktalar\u0131n\u0131 inceledi\u011fimiz kapsaml\u0131 rehberimiz arac\u0131l\u0131\u011f\u0131yla.<\/p>\n<\/blockquote>","protected":false},"excerpt":{"rendered":"Prag Astronomik Saati (Orloj Saati) - Eski \u015eehir Meydan\u0131'n\u0131n gizemli m\u00fccevheri \u00c7ek\u00e7e ad\u0131: Pra\u017esk\u00fd Orloj Ne zaman...","protected":false},"author":2,"featured_media":7797,"comment_status":"closed","ping_status":"closed","sticky":false,"template":"","format":"standard","meta":{"footnotes":""},"categories":[1,204,19],"tags":[30,63],"table_tags":[],"_links":{"self":[{"href":"https:\/\/prague.org\/tr\/wp-json\/wp\/v2\/posts\/3309"}],"collection":[{"href":"https:\/\/prague.org\/tr\/wp-json\/wp\/v2\/posts"}],"about":[{"href":"https:\/\/prague.org\/tr\/wp-json\/wp\/v2\/types\/post"}],"author":[{"embeddable":true,"href":"https:\/\/prague.org\/tr\/wp-json\/wp\/v2\/users\/2"}],"replies":[{"embeddable":true,"href":"https:\/\/prague.org\/tr\/wp-json\/wp\/v2\/comments?post=3309"}],"version-history":[{"count":23,"href":"https:\/\/prague.org\/tr\/wp-json\/wp\/v2\/posts\/3309\/revisions"}],"predecessor-version":[{"id":13291,"href":"https:\/\/prague.org\/tr\/wp-json\/wp\/v2\/posts\/3309\/revisions\/13291"}],"wp:featuredmedia":[{"embeddable":true,"href":"https:\/\/prague.org\/tr\/wp-json\/wp\/v2\/media\/7797"}],"wp:attachment":[{"href":"https:\/\/prague.org\/tr\/wp-json\/wp\/v2\/media?parent=3309"}],"wp:term":[{"taxonomy":"category","embeddable":true,"href":"https:\/\/prague.org\/tr\/wp-json\/wp\/v2\/categories?post=3309"},{"taxonomy":"post_tag","embeddable":true,"href":"https:\/\/prague.org\/tr\/wp-json\/wp\/v2\/tags?post=3309"},{"taxonomy":"table_tags","embeddable":true,"href":"https:\/\/prague.org\/tr\/wp-json\/wp\/v2\/table_tags?post=3309"}],"curies":[{"name":"wp","href":"https:\/\/api.w.org\/{rel}","templated":true}]}}