{"id":3382,"date":"2022-06-08T12:27:15","date_gmt":"2022-06-08T10:27:15","guid":{"rendered":"https:\/\/prague.org\/?p=3382"},"modified":"2023-08-03T15:22:04","modified_gmt":"2023-08-03T13:22:04","slug":"st-georges-basilica","status":"publish","type":"post","link":"https:\/\/prague.org\/tr\/st-georges-basilica-2\/","title":{"rendered":"Aziz George Bazilikas\u0131, Prag"},"content":{"rendered":"<h2 id=\"st-georges-basilica-in-prague-a-must-visit-for-history-and-architecture-lovers\" class=\"wp-block-heading\"><strong>Prag'daki Aziz George Bazilikas\u0131: Tarih ve Mimari Severler \u0130\u00e7in Mutlaka Ziyaret Edilmesi Gereken Bir Yer<\/strong><\/h2>\n\n\n\n<p>George Bazilikas\u0131, Prag, Prag'da ka\u00e7\u0131rmaman\u0131z gereken simge yap\u0131lardan biridir. Etkileyici, iyi korunmu\u015f yap\u0131s\u0131n\u0131n yan\u0131 s\u0131ra\u00a0<strong>Romanesk mimari<\/strong>bazilika uzun bir ge\u00e7mi\u015fe sahiptir ve d\u00fcnyan\u0131n en \u00f6nemli\u00a0<strong>\u015eehrin en eski ikinci kilisesi<\/strong>. Prag Kalesi Kompleksi i\u00e7erisinde yer alan Aziz George Bazilikas\u0131 en eski kilise binas\u0131d\u0131r.<\/p>\n\n\n\n<p>George Bazilikas\u0131 Prag'\u0131n en pop\u00fcler turistik yerlerinden biridir ve bunun iyi bir nedeni vard\u0131r. Bazilika, Romanesk mimarinin \u00e7arp\u0131c\u0131 bir \u00f6rne\u011fidir ve zengin bir tarihe ev sahipli\u011fi yapmaktad\u0131r.<\/p>\n\n\n\n<p>Bazilika 10. y\u00fczy\u0131lda Prens Vratislav I taraf\u0131ndan kurulmu\u015ftur ve aslen bir Benedikten manast\u0131r\u0131n\u0131n par\u00e7as\u0131yd\u0131. Bazilika 12. y\u00fczy\u0131lda bir yang\u0131ndan sonra yeniden in\u015fa edilmi\u015f ve o zamandan beri birka\u00e7 kez restore edilmi\u015ftir.<\/p>\n\n\n\n<p>Bazilikan\u0131n i\u00e7i g\u00fczel bir \u015fekilde dekore edilmi\u015ftir ve bir dizi etkileyici fresk ve sunak bulunmaktad\u0131r. Bazilika ayn\u0131 zamanda Aziz Wenceslas'\u0131n b\u00fcy\u00fckannesi Aziz Ludmila'n\u0131n mezar\u0131na da ev sahipli\u011fi yapmaktad\u0131r.<\/p>\n\n\n\n<p>George Bazilikas\u0131, Prag Kalesi Kompleksi i\u00e7inde yer almaktad\u0131r ve toplu ta\u015f\u0131ma ara\u00e7lar\u0131yla kolayca ula\u015f\u0131labilir. Bazilika Nisan'dan Ekim'e kadar her g\u00fcn sabah 9:00'dan ak\u015fam 6:00'ya kadar, Kas\u0131m'dan Mart'a kadar ise sabah 9:00'dan ak\u015fam 4:00'e kadar a\u00e7\u0131kt\u0131r.<\/p>\n\n\n\n<p>Tarih ve mimariyle ilgileniyorsan\u0131z, Aziz George Bazilikas\u0131 Prag'da mutlaka ziyaret etmeniz gereken bir yerdir. Bazilika g\u00fczel ve tarihi bir d\u00f6n\u00fcm noktas\u0131d\u0131r ve kal\u0131c\u0131 bir izlenim b\u0131rakaca\u011f\u0131 kesindir. Bu tarihi dini simge yap\u0131 hakk\u0131nda daha fazla bilgi edinin. Seyahatinizi planlaman\u0131za yard\u0131mc\u0131 olmak i\u00e7in sizin i\u00e7in bu kullan\u0131\u015fl\u0131 rehberi haz\u0131rlad\u0131k.<\/p>\n\n\n\n<div class=\"gyg-iframe-container\" style=\"margin-bottom:1.5em\"><iframe style=\"border:0;height:100%;width:100%\" title=\"GetYourGuide etkinlikler widget&#039;\u0131\" src=\"https:\/\/widget.getyourguide.com\/default\/activities.frame?widget=wp_activities&amp;currency=EUR&amp;locale_code=en-GB&amp;number_of_items=3&amp;partner_id=U94OQGQ&amp;q=basilic%20prague\"><\/iframe><\/div>\n\n\n\n<h2 id=\"a-brief-history-of-prague-basilica-of-st-george\" class=\"wp-block-heading\"><strong>Prag Aziz George Bazilikas\u0131'n\u0131n K\u0131sa Tarihi&nbsp;<\/strong><\/h2>\n\n\n\n<figure class=\"wp-block-image\" id=\"attachment_5040\"><img decoding=\"async\" src=\"https:\/\/i0.wp.com\/prague.org\/wp-content\/uploads\/2021\/07\/the-exterior-facade-of-Saint-George-Basilica-red-and-yellow-colours.jpg?resize=1000%2C900&amp;ssl=1\" alt=\"Aziz George Bazilikas\u0131&#039;n\u0131n d\u0131\u015f cephesi: k\u0131rm\u0131z\u0131 ve sar\u0131 renkler\" class=\"wp-image-5040\"\/><figcaption class=\"wp-element-caption\">Aziz George Bazilikas\u0131'n\u0131n d\u0131\u015f cephesi: k\u0131rm\u0131z\u0131 ve sar\u0131 renkler<\/figcaption><\/figure>\n\n\n\n<p>Prens Vratislav I taraf\u0131ndan M.S. 920 y\u0131l\u0131nda kurulan Aziz George Bazilikas\u0131, Prag'\u0131n en tarihi simgelerinden biri olarak kabul edilmektedir. M.S. 973 y\u0131l\u0131nda, Benedikten rahibelerinin kurulmas\u0131yla bazilika geni\u015fletilmi\u015f ve Aziz George Benedikten Manast\u0131r\u0131'n\u0131n in\u015fas\u0131n\u0131n \u00f6n\u00fc a\u00e7\u0131lm\u0131\u015ft\u0131r.<\/p>\n\n\n\n<p>Ancak 1142 y\u0131l\u0131nda \u00e7\u0131kan y\u0131k\u0131c\u0131 bir yang\u0131n kilisenin bir b\u00f6l\u00fcm\u00fcn\u00fc yok etmi\u015f ve yeniden in\u015fa edilmesine yol a\u00e7m\u0131\u015ft\u0131r. Bu da bazilikaya bug\u00fcnk\u00fc Romanesk i\u00e7 mekan\u0131n\u0131 kazand\u0131rm\u0131\u015ft\u0131r. 13'\u00fcnc\u00fc y\u00fczy\u0131l\u0131n ilk yar\u0131s\u0131nda<sup>inci<\/sup>&nbsp;Y\u00fczy\u0131lda kiliseye, Aziz Wenceslas'\u0131n b\u00fcy\u00fckannesi Aziz Ludmila'ya adanm\u0131\u015f bir \u015fapel eklenmi\u015ftir.&nbsp;<\/p>\n\n\n\n<p>Prag'daki Aziz George Bazilikas\u0131, uzun varl\u0131\u011f\u0131 boyunca tarihe ve onunla birlikte gelen \u00e7e\u015fitli d\u00f6nemlere tan\u0131kl\u0131k etmi\u015ftir. \u00c7arp\u0131c\u0131 \u00f6n cephesi ve daha sonra yap\u0131lan yenilemeler Erken Barok d\u00f6neminin bir kan\u0131t\u0131d\u0131r. 18. y\u00fczy\u0131l\u0131n ba\u015flar\u0131nda<sup>inci<\/sup>&nbsp;y\u00fczy\u0131lda kilisenin yap\u0131lar\u0131na bir yenisi daha eklenmi\u015ftir. \u00c7ek bir mimar ve in\u015faat\u00e7\u0131 olan F.M. Kanka, kiliseye Barok \u015eapeli'ni eklemi\u015ftir. <a href=\"https:\/\/prague.org\/tr\/st-john-of-nepomuk-2\/\">Aziz John Nepomuk<\/a>.<\/p>\n\n\n\n<p>18. y\u00fczy\u0131l\u0131n sonlar\u0131nda<sup>inci<\/sup>&nbsp;y\u00fczy\u0131lda kilise askerler taraf\u0131ndan i\u015fgal edilmi\u015ftir. Kilisenin yeniden in\u015fas\u0131na ancak 1887 y\u0131l\u0131nda ba\u015flanm\u0131\u015ft\u0131r. Kilisenin orijinal Romanesk g\u00f6r\u00fcn\u00fcm\u00fcn\u00fc geri kazand\u0131rmay\u0131 ba\u015faran F. Mach'\u0131n tasar\u0131m\u0131n\u0131 takiben bu 1908 y\u0131l\u0131na kadar s\u00fcrd\u00fc.&nbsp;<\/p>\n\n\n\n<h2 id=\"what-you-can-expect-to-see-when-you-get-to-the-prague-castle-of-st-george-basilica\" class=\"wp-block-heading\"><strong>Aziz George Bazilikas\u0131 Prag Kalesi'ne Gitti\u011finizde G\u00f6rmeyi Bekleyebilecekleriniz<\/strong><\/h2>\n\n\n\n<figure class=\"wp-block-image\" id=\"attachment_5077\"><img decoding=\"async\" src=\"https:\/\/i0.wp.com\/prague.org\/wp-content\/uploads\/2021\/07\/Travel-Prague-Europe-background-view-of-Prague-Castle-and-St.-Vitus-cathedral-in-twilight-with-dramatic-sky.-Prague-Czech-Republic.-Prague-Castle-in-twilight.jpg?resize=1000%2C667&amp;ssl=1\" alt=\"Alacakaranl\u0131kta Prag Kalesi\" class=\"wp-image-5077\"\/><figcaption class=\"wp-element-caption\">Prag'a Seyahat Prag Kalesi ve Aziz Vitus Katedrali'nin dramatik g\u00f6ky\u00fcz\u00fc ile alacakaranl\u0131kta arka plan g\u00f6r\u00fcn\u00fcm\u00fc. Prag, \u00c7ek Cumhuriyeti<\/figcaption><\/figure>\n\n\n\n<p>Rehberli bir tura kat\u0131lmay\u0131 tercih edebilirsiniz&nbsp;<a href=\"https:\/\/prague.org\/tr\/prag-kalesi-2\/\">Prag Kalesi<\/a>&nbsp;Bazilikan\u0131n Romanesk i\u00e7 mekan\u0131na ve P\u0159emyslidlerin mezar\u0131na iyi bir bak\u0131\u015f atmak i\u00e7in. Mezarlardan biri Aziz Wenceslas'\u0131n babas\u0131 Prens Vratislav'a aittir.&nbsp;<\/p>\n\n\n\n<p>D\u0131\u015far\u0131da, Aziz George Bazilikas\u0131, biri g\u00fcneyde di\u011feri kuzeyde bulunan daha dar iki beyaz ta\u015f \u00e7an kulesi ile \u00e7evrilidir. Daha geni\u015f olan ilk kule Adem, ikincisi ise Havva olarak adland\u0131r\u0131l\u0131r.<\/p>\n\n\n\n<p>\u0130\u00e7eride, Barok bir ressam olan V.V. Reiner'in eserleri olan sunak resimlerini ve kubbedeki freskleri g\u00f6rebilirsiniz. Ayr\u0131ca Aziz Ludmila'n\u0131n mezar\u0131n\u0131 ve kutsal emanetlerini bar\u0131nd\u0131ran \u015fapeli de g\u00f6rebilirsiniz.&nbsp;<\/p>\n\n\n\n<h2 id=\"how-to-get-the-prague-basilica-of-st-george\" class=\"wp-block-heading\"><strong>Prag Aziz George Bazilikas\u0131'na Nas\u0131l Gidilir<\/strong><\/h2>\n\n\n\n<p>Prag Kalesi'ndeki Aziz George Bazilikas\u0131'na gitmek i\u00e7in \u00f6nce Prag Kalesi Kompleksi'ni ziyaret etmeniz gerekir. Kale kompleksine ula\u015fman\u0131n birka\u00e7 yolu vard\u0131r. \u0130\u015fte bunlardan baz\u0131lar\u0131:<\/p>\n\n\n\n<ul>\n<li><strong>22 numaral\u0131 tramvay ile<\/strong><\/li>\n<\/ul>\n\n\n\n<p>22 numaral\u0131 tramvaya binerek kale kompleksine ula\u015fmak i\u00e7in \u00e7e\u015fitli se\u00e7enekler bulunmaktad\u0131r. \u0130lk se\u00e7enek tramvaya binmenizi ve Pra\u017esk\u00fd hrad'da durman\u0131z\u0131 gerektirir. Oradan sola d\u00f6n\u00fcn ve 2. Cadde'ye ula\u015fana kadar yakla\u015f\u0131k be\u015f dakika y\u00fcr\u00fcy\u00fcn.<sup>nd<\/sup>&nbsp;Avlu.<\/p>\n\n\n\n<p>Prag Aziz George Bazilikas\u0131'na gitmek i\u00e7in bir ba\u015fka se\u00e7enek de 22 numaral\u0131 tramvaya binmek ve Poho\u0159elec'te durmakt\u0131r. Tepeden a\u015fa\u011f\u0131 do\u011fru y\u00fcr\u00fcy\u00fcn ve yakla\u015f\u0131k 10 dakika i\u00e7inde Hrad\u010dany meydan\u0131na ula\u015fabilirsiniz. Kompleksin giri\u015fine 4 numaral\u0131 kap\u0131dan ula\u015f\u0131labilir.<sup>inci<\/sup>&nbsp;Avlu. Alternatif olarak, 22 numaral\u0131 tramvayla Malostransk\u00e9 n\u00e1m\u011bst\u00ed'ye gidebilirsiniz. Oraya vard\u0131\u011f\u0131n\u0131zda Zamecka caddesinde ilerlemeniz ve 15 metre sonra Thunovska caddesinden sola d\u00f6nmeniz gerekir. Bu rota sizi Yeni Kale Merdivenleri'ne g\u00f6t\u00fcrecektir. Hrad\u010dansk\u00e9 Meydan\u0131'na ula\u015fmak i\u00e7in basamaklar\u0131 t\u0131rman\u0131n ve kale kompleksine 4<sup>inci<\/sup>&nbsp;Avlu.&nbsp;<\/p>\n\n\n\n<ul>\n<li><strong>A metro hatt\u0131 \u00fczerinden&nbsp;<\/strong><\/li>\n<\/ul>\n\n\n\n<p>Prag Kalesi'ndeki St George Bazilikas\u0131'na A metro hatt\u0131n\u0131 (ye\u015fil hat) kullanarak ve Malostranska istasyonunda durarak da ula\u015fabilirsiniz. 22 numaral\u0131 tramvay\u0131 takip edin. 100 metre ilerledikten sonra Eski Kale Merdivenlerine ula\u015fmak i\u00e7in sola d\u00f6n\u00fcn. Na Opy\u0161i kap\u0131s\u0131na ula\u015fmak i\u00e7in basamaklar\u0131 t\u0131rman\u0131n.<\/p>\n\n\n\n<h2 id=\"other-things-you-need-to-know-before-your-visit-to-the-basilica-of-st-george-prague-castle\" class=\"wp-block-heading\"><strong>Prag Kalesi Aziz George Bazilikas\u0131 Ziyaretinizden \u00d6nce Bilmeniz Gereken Di\u011fer \u015eeyler<\/strong><\/h2>\n\n\n\n<p>George Bazilikas\u0131, Prag Kalesi Kompleksi i\u00e7erisinde yer almaktad\u0131r. Bu nedenle, Prag Kalesi n\u00e1m\u011bst\u00ed U Svat\u00e9ho Ji\u0159\u00ed, 119 00 Praha 1 Hrad\u010dany adresinde bulabilirsiniz. Prag Kalesi \u00e7evre giri\u015finin bir par\u00e7as\u0131d\u0131r, bu nedenle ek \u00fccret \u00f6demenize gerek yoktur. Prag Kalesi'ndeki Aziz George Bazilikas\u0131 Nisan-Ekim aylar\u0131 aras\u0131nda her g\u00fcn sabah 9:00'dan ak\u015fam 6:00'ya kadar a\u00e7\u0131kt\u0131r. Kas\u0131m-Mart aylar\u0131 aras\u0131nda ise her g\u00fcn sabah 9:00'dan ak\u015fam 16:00'ya kadar a\u00e7\u0131kt\u0131r. Giri\u015f \u00fccretlerini kontrol etmek ve g\u00fcncel geli\u015fmeleri takip etmek i\u00e7in&nbsp;<a href=\"https:\/\/www.hrad.cz\/en\/prague-castle-for-visitors\/opening-hours\" rel=\"nofollow noopener\">a\u00e7\u0131l\u0131\u015f saatleri<\/a>de\u011fi\u015febilir, a\u015fa\u011f\u0131daki adresi ziyaret edin&nbsp;<a href=\"https:\/\/www.hrad.cz\/en\/prague-castle-for-visitors\/tickets\" rel=\"nofollow noopener\">Ziyaret\u00e7iler i\u00e7in Prag Kalesi web sitesi<\/a>.<\/p>\n\n\n\n<div class=\"gyg-iframe-container\" style=\"margin-bottom:1.5em\"><iframe style=\"border:0;height:100%;width:100%\" title=\"GetYourGuide \u015fehir widget&#039;\u0131\" src=\"https:\/\/widget.getyourguide.com\/default\/city.frame?widget=wp_city&amp;iata=PRG&amp;locale_code=en-US&amp;partner_id=U94OQGQ\"><\/iframe><\/div>","protected":false},"excerpt":{"rendered":"Prag'daki Aziz George Bazilikas\u0131: Tarih ve Mimari Severlerin Mutlaka Ziyaret Etmesi Gereken Aziz George Bazilikas\u0131, Prag...","protected":false},"author":2,"featured_media":3389,"comment_status":"closed","ping_status":"closed","sticky":false,"template":"","format":"standard","meta":{"footnotes":""},"categories":[1,204,19],"tags":[64,86],"table_tags":[],"_links":{"self":[{"href":"https:\/\/prague.org\/tr\/wp-json\/wp\/v2\/posts\/3382"}],"collection":[{"href":"https:\/\/prague.org\/tr\/wp-json\/wp\/v2\/posts"}],"about":[{"href":"https:\/\/prague.org\/tr\/wp-json\/wp\/v2\/types\/post"}],"author":[{"embeddable":true,"href":"https:\/\/prague.org\/tr\/wp-json\/wp\/v2\/users\/2"}],"replies":[{"embeddable":true,"href":"https:\/\/prague.org\/tr\/wp-json\/wp\/v2\/comments?post=3382"}],"version-history":[{"count":7,"href":"https:\/\/prague.org\/tr\/wp-json\/wp\/v2\/posts\/3382\/revisions"}],"predecessor-version":[{"id":10221,"href":"https:\/\/prague.org\/tr\/wp-json\/wp\/v2\/posts\/3382\/revisions\/10221"}],"wp:featuredmedia":[{"embeddable":true,"href":"https:\/\/prague.org\/tr\/wp-json\/wp\/v2\/media\/3389"}],"wp:attachment":[{"href":"https:\/\/prague.org\/tr\/wp-json\/wp\/v2\/media?parent=3382"}],"wp:term":[{"taxonomy":"category","embeddable":true,"href":"https:\/\/prague.org\/tr\/wp-json\/wp\/v2\/categories?post=3382"},{"taxonomy":"post_tag","embeddable":true,"href":"https:\/\/prague.org\/tr\/wp-json\/wp\/v2\/tags?post=3382"},{"taxonomy":"table_tags","embeddable":true,"href":"https:\/\/prague.org\/tr\/wp-json\/wp\/v2\/table_tags?post=3382"}],"curies":[{"name":"wp","href":"https:\/\/api.w.org\/{rel}","templated":true}]}}