{"id":3402,"date":"2022-06-15T09:48:59","date_gmt":"2022-06-15T07:48:59","guid":{"rendered":"https:\/\/prague.org\/?p=3402"},"modified":"2023-08-03T15:27:39","modified_gmt":"2023-08-03T13:27:39","slug":"statue-of-infant-jesus","status":"publish","type":"post","link":"https:\/\/prague.org\/tr\/isa-heykeli\/","title":{"rendered":"Prag'\u0131n \"Mucizevi\" Bebek \u0130sa Heykeli"},"content":{"rendered":"<h2 id=\"statue-of-infant-jesus\" class=\"wp-block-heading\">Bebek \u0130sa Heykeli<\/h2>\n\n\n\n<p>Milyonlarca yerli ve yabanc\u0131 turist, \u00e7arp\u0131c\u0131 mimarisi ve gizli m\u00fccevherleri i\u00e7in Y\u00fcz Kuleli \u015fehri geziyor. Pitoresk nehri, tarih \u00f6ncesi k\u00f6pr\u00fcleri, grotesk katedralleri ve etkileyici kaleleriyle bu Bohemya ba\u015fkentinde her zaman takdir edilecek bir \u015feyler vard\u0131r. T\u00fcm bu harikulade hediyeler aras\u0131nda belki de hi\u00e7biri Prag'\u0131n \"mucizevi\" Bebek \u0130sa heykeli kadar \u00f6ne \u00e7\u0131kmaz.<\/p>\n\n\n\n<p>Ah\u015faptan yap\u0131lm\u0131\u015f balmumu kapl\u0131 an\u0131t \u0130sa'y\u0131 bir bebek olarak tasvir etmektedir. Tarihi an\u0131t, sol elinde k\u00fcre benzeri bir nesne tutarken, di\u011fer eli ise kutsaman\u0131n bir g\u00f6stergesi olarak yukar\u0131dad\u0131r. Mal\u00e1 Strana ya da di\u011fer ad\u0131yla\u00a0<a href=\"https:\/\/prague.org\/tr\/kucuk-kasaba-2\/\">K\u00fc\u00e7\u00fck \u015eehir<\/a>Prag'\u0131n Bebek \u0130sa imgesi, sadece harikulade g\u00fczelli\u011fi i\u00e7in de\u011fil, ayn\u0131 zamanda b\u00fcy\u00fck ve zengin tarihi i\u00e7in de d\u00fcnya \u00e7ap\u0131nda ziyaret\u00e7ilerin ilgisini \u00e7ekmi\u015ftir.<\/p>\n\n\n\n<div class=\"gyg-iframe-container\" style=\"margin-bottom:1.5em\"><iframe style=\"border:0;height:100%;width:100%\" title=\"GetYourGuide etkinlikler widget&#039;\u0131\" src=\"https:\/\/widget.getyourguide.com\/default\/activities.frame?widget=wp_activities&amp;currency=EUR&amp;locale_code=en-GB&amp;number_of_items=3&amp;partner_id=U94OQGQ&amp;q=Statue%20prague\"><\/iframe><\/div>\n\n\n\n<h2 id=\"a-brief-history-of-the-infant-jesus-of-prague\" class=\"wp-block-heading\"><strong>Pragl\u0131 Bebek \u0130sa'n\u0131n K\u0131sa Tarihi&nbsp;<\/strong><\/h2>\n\n\n\n<p>Il Bambino di Praga olarak da an\u0131lan Pragl\u0131 Bebek \u0130sa, 1556 y\u0131l\u0131nda \u0130spanya'dan Prag'a getirilmi\u015ftir. Bir \u0130spanyol prensesi olan Maria Manriques de Lara, \u00c7ek asilzade Vratislav von Pernstyn ile evlendi\u011finde an\u0131tla birlikte \u015fehre gelmi\u015ftir.&nbsp;<\/p>\n\n\n\n<p>Efsaneye g\u00f6re Avilal\u0131 Azize Teresa, Prenses Maria'n\u0131n annesine bu heykeli vermi\u015ftir. Daha sonra Do\u00f1a Elena d\u00fc\u011f\u00fcn g\u00fcn\u00fcnde an\u0131t\u0131 \u00e7ocu\u011funa devretmi\u015ftir. Prenses Maria da Zdenek von Lobkovice ile evlendi\u011finde an\u0131t\u0131 \u00e7ocu\u011funa devretmi\u015ftir. Prenses Maria'n\u0131n dul kalan k\u0131z\u0131 bu heykeli Karmelitlere ve Prag'daki Our Lady of Victory Kilisesi'ne ba\u011f\u0131\u015flam\u0131\u015ft\u0131r.<\/p>\n\n\n\n<p>Heykeli teslim ederken \u015fu s\u00f6zleri s\u00f6yledi: \"\u015eu anda size en de\u011ferli varl\u0131\u011f\u0131m\u0131 teslim ediyorum. Onu onurland\u0131rd\u0131\u011f\u0131n\u0131z s\u00fcrece hi\u00e7bir \u015feyden yoksun kalmayacaks\u0131n\u0131z.\"<\/p>\n\n\n\n<p>Prenses'in s\u00f6zlerinin kehanet oldu\u011fu kan\u0131tland\u0131, \u00e7\u00fcnk\u00fc bir\u00e7ok mucizevi vaka g\u00f6r\u00fcld\u00fc ve bebek \u0130sa'n\u0131n insanlar\u0131 koruma yollar\u0131 olarak kabul edildi. Bu vakalardan biri de 1788 y\u0131l\u0131nda \u00c7ek soylu bir ailenin k\u0131z\u0131n\u0131n iyile\u015fti\u011fi iddias\u0131d\u0131r. Aile te\u015fekk\u00fcr olarak, bug\u00fcn hala \u00e7ocu\u011fun kalk\u0131k parmaklar\u0131nda g\u00f6r\u00fclebilen iki g\u00fczel y\u00fcz\u00fck hediye etmi\u015ftir.<\/p>\n\n\n\n<h2 id=\"visit-pragues-infant-jesus-statue\" class=\"wp-block-heading\"><strong>Prag'\u0131n Bebek \u0130sa Heykelini Ziyaret Edin&nbsp;<\/strong><\/h2>\n\n\n\n<p>Heykel, Our Lady Victorious kilisesinde alt\u0131n bir suna\u011f\u0131n i\u00e7inde iyi korunmu\u015ftur. Bebek \u0130sa'n\u0131n \u00fcn\u00fc nedeniyle d\u00fcnyaca \u00fcnl\u00fc bir hac yeri haline gelmi\u015ftir.<\/p>\n\n\n\n<p>Kilise, barok ve r\u00f6nesans tarzlar\u0131n\u0131 birle\u015ftiren mimarisiyle ger\u00e7ek bir harikad\u0131r ve 1613 y\u0131l\u0131nda tamamlanm\u0131\u015ft\u0131r. \u0130\u00e7eride seyahatinizi hat\u0131rlaman\u0131za yard\u0131mc\u0131 olacak bir \u015feyler sat\u0131n alabilece\u011finiz hediyelik e\u015fya ma\u011fazalar\u0131 bulunmaktad\u0131r. Ayr\u0131ca, i\u00e7erideki k\u00fc\u00e7\u00fck bir m\u00fcze, Prag'\u0131n Bebek \u0130sa's\u0131 i\u00e7in di\u011fer uluslar taraf\u0131ndan ba\u011f\u0131\u015f olarak verilen farkl\u0131 c\u00fcbbeleri g\u00f6stermektedir.<\/p>\n\n\n\n<figure class=\"wp-block-image\"><img decoding=\"async\" src=\"https:\/\/i0.wp.com\/prague.org\/wp-content\/uploads\/2021\/07\/Nativity-scene-with-Holy-family-of-Joseph-Mary-baby-Jesus-Christ-and-sheep-holiday-decorations-in-the-Old-Town-in-the-magical-city-of-Prague-at-night-Czech-Republic.jpg?ssl=1\" alt=\"Yusuf, Meryem, bebek \u0130sa Mesih ve koyunlardan olu\u015fan kutsal aile ile do\u011fu\u015f sahnesi\"\/><figcaption>Yusuf, Meryem, bebek \u0130sa Mesih ve koyunlardan olu\u015fan kutsal aile ile do\u011fu\u015f sahnesi<\/figcaption><\/figure>\n\n\n\n<p>Kilise, tan\u0131nm\u0131\u015f kiliseye sadece birka\u00e7 ad\u0131m uzakl\u0131ktad\u0131r.\u00a0<a href=\"https:\/\/prague.org\/tr\/charles-bridge\/\">Charles K\u00f6pr\u00fcs\u00fc<\/a>. Turunuzdan sonra, yak\u0131ndaki m\u00fczeler i\u00e7in mahalleyi tamamen ke\u015ffetmeniz veya St Nicholas ve St Thomas kiliseleri gibi di\u011fer \u00f6nemli katedralleri ve kiliseleri ziyaret etmeniz gerekebilir.\u00a0<a href=\"https:\/\/prague.org\/tr\/st-vitus-katedrali\/\">Aziz Vitus Katedrali<\/a>.<\/p>\n\n\n\n<div class=\"gyg-iframe-container\" style=\"margin-bottom:1.5em\"><iframe style=\"border:0;height:100%;width:100%\" title=\"GetYourGuide \u015fehir widget&#039;\u0131\" src=\"https:\/\/widget.getyourguide.com\/default\/city.frame?widget=wp_city&amp;iata=PRG&amp;locale_code=en-US&amp;partner_id=U94OQGQ\"><\/iframe><\/div>","protected":false},"excerpt":{"rendered":"Bebek \u0130sa Heykeli Milyonlarca yerli ve yabanc\u0131 turist Y\u00fcz Kuleler \u015fehrini b\u00fcy\u00fcleyici manzaras\u0131 i\u00e7in ziyaret...","protected":false},"author":2,"featured_media":3455,"comment_status":"closed","ping_status":"closed","sticky":false,"template":"","format":"standard","meta":{"footnotes":""},"categories":[1,204,19],"tags":[64,74],"table_tags":[],"_links":{"self":[{"href":"https:\/\/prague.org\/tr\/wp-json\/wp\/v2\/posts\/3402"}],"collection":[{"href":"https:\/\/prague.org\/tr\/wp-json\/wp\/v2\/posts"}],"about":[{"href":"https:\/\/prague.org\/tr\/wp-json\/wp\/v2\/types\/post"}],"author":[{"embeddable":true,"href":"https:\/\/prague.org\/tr\/wp-json\/wp\/v2\/users\/2"}],"replies":[{"embeddable":true,"href":"https:\/\/prague.org\/tr\/wp-json\/wp\/v2\/comments?post=3402"}],"version-history":[{"count":6,"href":"https:\/\/prague.org\/tr\/wp-json\/wp\/v2\/posts\/3402\/revisions"}],"predecessor-version":[{"id":5413,"href":"https:\/\/prague.org\/tr\/wp-json\/wp\/v2\/posts\/3402\/revisions\/5413"}],"wp:featuredmedia":[{"embeddable":true,"href":"https:\/\/prague.org\/tr\/wp-json\/wp\/v2\/media\/3455"}],"wp:attachment":[{"href":"https:\/\/prague.org\/tr\/wp-json\/wp\/v2\/media?parent=3402"}],"wp:term":[{"taxonomy":"category","embeddable":true,"href":"https:\/\/prague.org\/tr\/wp-json\/wp\/v2\/categories?post=3402"},{"taxonomy":"post_tag","embeddable":true,"href":"https:\/\/prague.org\/tr\/wp-json\/wp\/v2\/tags?post=3402"},{"taxonomy":"table_tags","embeddable":true,"href":"https:\/\/prague.org\/tr\/wp-json\/wp\/v2\/table_tags?post=3402"}],"curies":[{"name":"wp","href":"https:\/\/api.w.org\/{rel}","templated":true}]}}