{"id":3488,"date":"2022-06-15T15:13:05","date_gmt":"2022-06-15T13:13:05","guid":{"rendered":"https:\/\/prague.org\/?p=3488"},"modified":"2024-07-19T08:47:51","modified_gmt":"2024-07-19T06:47:51","slug":"weather-in-prague","status":"publish","type":"post","link":"https:\/\/prague.org\/tr\/laheyde-hava-durumu\/","title":{"rendered":"Prag'da Hava Durumu: \u00c7ekya'y\u0131 Ziyaret Etmek \u0130\u00e7in Y\u0131l\u0131n En \u0130yi Zaman\u0131 Hangisidir?"},"content":{"rendered":"<p><br>Tecr\u00fcbeli bir gezgine sorun; hava durumu, en \u00e7arp\u0131c\u0131 destinasyonlarda bile tatilinizi de\u011fi\u015ftirebilir ya da bozabilir. Seyahatinizi seyahat dostu hava ko\u015fullar\u0131n\u0131 g\u00f6z \u00f6n\u00fcnde bulundurarak planlaman\u0131z gerekir.<\/p>\n\n\n\n<p>Prag seyahatinizi planlarken, en iyi hava ko\u015fullar\u0131na sahip zaman dilimini g\u00f6z \u00f6n\u00fcnde bulundurun; ayl\u0131k ortalama en y\u00fcksek hava s\u0131cakl\u0131\u011f\u0131 ve bol g\u00fcne\u015f \u0131\u015f\u0131\u011f\u0131 saatleriyle, \u00c7ek Cumhuriyeti'nde ge\u00e7irdi\u011finiz zamandan en iyi \u015fekilde yararlanman\u0131z\u0131 sa\u011flamak \u00e7ok \u00f6nemlidir. Seyahatinizden en iyi \u015fekilde yararlanman\u0131za yard\u0131mc\u0131 olmak i\u00e7in bu kullan\u0131\u015fl\u0131 Prag hava durumu rehberini bir araya getirdik.<\/p>\n\n\n\n<p>Planlar\u0131n\u0131za ba\u011fl\u0131 olarak, Prag'da yazlar\u0131n keyifli; k\u0131\u015flar\u0131n \u015fiddetli so\u011fuk, karl\u0131 ve r\u00fczgarl\u0131; ve havan\u0131n k\u0131smen sisli oldu\u011funu bilmeniz \u00f6nemlidir - Prag'\u0131n t\u00fcm y\u0131l boyunca hava durumu \u00f6zetle budur.<\/p>\n\n\n\n<div class=\"gyg-iframe-container\" style=\"margin-bottom:1.5em\"><iframe style=\"border:0;height:100%;width:100%\" title=\"GetYourGuide etkinlikler widget&#039;\u0131\" src=\"https:\/\/widget.getyourguide.com\/default\/activities.frame?widget=wp_activities&amp;currency=EUR&amp;locale_code=en-GB&amp;number_of_items=3&amp;partner_id=U94OQGQ&amp;q=weather%20prague\"><\/iframe><\/div>\n\n\n\n<h2 id=\"what-is-the-average-weather-in-prague\" class=\"wp-block-heading\">Prag \u015fehrinde Ortalama Hava Durumu Nas\u0131ld\u0131r?<\/h2>\n\n\n\n<p>\u00c7ek ba\u015fkentinin iklimi orta derecede karasal oldu\u011fundan, yazlar rahat\u00e7a \u0131l\u0131k ge\u00e7ebilir, ancak k\u0131\u015flar \u00e7ok so\u011fuktur, \u00e7o\u011fu zaman donma derecesinin alt\u0131ndad\u0131r. G\u00f6ky\u00fcz\u00fc t\u00fcm y\u0131l boyunca par\u00e7al\u0131 bulutlu olma e\u011filimindedir ve s\u0131cakl\u0131klar 26 ila 77 Fahrenheit derece aras\u0131nda de\u011fi\u015fir.<\/p>\n\n\n<style id=\"sp_lw_dynamic_css7637\">#splw-location-weather-7637.splw-main-wrapper {max-width: 320px;margin : auto;margin-bottom: 2em;}#splw-location-weather-7637 .splw-lite-wrapper,#splw-location-weather-7637 .splw-forecast-weather select,#splw-location-weather-7637 .splw-forecast-weather option,#splw-location-weather-7637 .splw-lite-wrapper .splw-weather-attribution a{color:#fff;text-decoration: none;}#splw-location-weather-7637 .splw-lite-wrapper{ border: 0px solid #e2e2e2}#splw-location-weather-7637 .splw-lite-wrapper{border-radius: 8px;}#splw-location-weather-7637 .splw-weather-title {margin-top :0px;margin-right :0px;margin-bottom: 20px;margin-left: 0px;}#splw-location-weather-7637 .splw-weather-icons div svg path{fill:#dfe6e9;}#splw-location-weather-7637 .splw-lite-wrapper,#splw-location-weather-7637 .splw-forecast-weather option{background:#0057d9}<\/style><div id=\"splw-location-weather-7637\" class=\"splw-main-wrapper\" data-shortcode-id=\"7637\"><div class=\"splw-weather-title\"><div class=\"splw-weather-title\">Prag hava durumu<\/div><\/div><div class=\"splw-lite-wrapper\"><div class=\"splw-lite-header\"><div class=\"splw-lite-header-title-wrapper\"><div class=\"splw-lite-header-title\">Prag, \u00c7ek Cumhuriyeti<\/div> <div class=\"splw-lite-current-time\">7:43 pm, Nisan 28, 2026<\/div><\/div><\/div><div class=\"splw-lite-body\"><div class=\"splw-lite-current-temp\"><div class=\"splw-cur-temp\"><img src=\"https:\/\/openweathermap.org\/img\/w\/01d.png\" class=\"weather-icon\" \/> <span class=\"cur-temp\"> 15\u00b0C<\/span><\/div><\/div><div class=\"splw-lite-current-text\"><div class=\"splw-lite-desc\"><span>a\u00e7\u0131k g\u00f6ky\u00fcz\u00fc<\/span><\/div> <div class=\"splw-other-opt\"><div class=\"splw-gusts-wind\">R\u00fczgar: 14 mph<\/div> <div class=\"splw-pressure\">Pressure: 1021 mb<\/div> <div class=\"splw-visibility\">G\u00f6r\u00fcn\u00fcrl\u00fck: 10 km<\/div> <div class=\"splw-sunrise\">Sunrise: 5:44 am<\/div> <div class=\"splw-sunset\">Sunset: 8:15 pm<\/div><\/div><\/div><\/div> <div class=\"splw-weather-attribution\"><a href=\"https:\/\/openweathermap.org\/\" target=\"_blank\" rel=\"nofollow noopener\">OpenWeatherMap'ten hava durumu<\/a><\/div><\/div><\/div>\n\n\n\n<h3 id=\"prague-winter-weather\" class=\"wp-block-heading\">Prag k\u0131\u015f hava durumu<\/h3>\n\n\n\n<figure class=\"wp-block-image size-large\"><img decoding=\"async\" width=\"1024\" height=\"575\" src=\"https:\/\/prague.org\/wp-content\/uploads\/2022\/06\/image-32-1024x575.png\" alt=\"K\u0131\u015f mevsiminde Charles K\u00f6pr\u00fcs\u00fc\" class=\"wp-image-4291\" srcset=\"https:\/\/prague.org\/wp-content\/uploads\/2022\/06\/image-32-1024x575.png 1024w, https:\/\/prague.org\/wp-content\/uploads\/2022\/06\/image-32-600x337.png 600w, https:\/\/prague.org\/wp-content\/uploads\/2022\/06\/image-32-300x169.png 300w, https:\/\/prague.org\/wp-content\/uploads\/2022\/06\/image-32-768x432.png 768w, https:\/\/prague.org\/wp-content\/uploads\/2022\/06\/image-32-380x214.png 380w, https:\/\/prague.org\/wp-content\/uploads\/2022\/06\/image-32-800x449.png 800w, https:\/\/prague.org\/wp-content\/uploads\/2022\/06\/image-32-1160x652.png 1160w, https:\/\/prague.org\/wp-content\/uploads\/2022\/06\/image-32.png 1536w\" sizes=\"(max-width: 1024px) 100vw, 1024px\" \/><figcaption class=\"wp-element-caption\">K\u0131\u015f mevsiminde Charles K\u00f6pr\u00fcs\u00fc<\/figcaption><\/figure>\n\n\n\n<p>K\u0131\u015f\u0131n Prag'\u0131 ziyaret etmek bir peri masal\u0131na ad\u0131m atmak gibidir. Elbette hava so\u011fuktur, ancak \u00fczerinize bir \u015feyler al\u0131rsan\u0131z, tipik turist kalabal\u0131\u011f\u0131 olmadan Prag'\u0131n sundu\u011fu \u015feylerin \u00e7o\u011funu deneyimleyebilirsiniz.<\/p>\n\n\n\n<p>K\u0131\u015f Kas\u0131m ay\u0131n\u0131n ba\u015flar\u0131nda etkisini g\u00f6sterir ve Prag'da Kas\u0131m ay\u0131nda hava di\u011fer k\u0131\u015f aylar\u0131na g\u00f6re daha s\u0131cakt\u0131r. K\u0131\u015f mevsimi Mart ay\u0131n\u0131n sonuna kadar s\u00fcrecektir.<\/p>\n\n\n\n<p>Prag'da hava durumu <a href=\"https:\/\/prague.org\/tr\/aralik-ayinda-pragda-hava-neye-benzer\/\">Aral\u0131k <\/a>ve Ocak ay\u0131 \u00e7ok so\u011fuk ge\u00e7er. Aral\u0131k ay\u0131nda Prag'da hava \u00e7ok so\u011fuk olur ve \u00e7o\u011fu zaman s\u0131f\u0131r\u0131n alt\u0131na d\u00fc\u015fer. Prag'da Ocak ay\u0131nda havan\u0131n Prag'\u0131n Aral\u0131k ay\u0131 havas\u0131 kadar so\u011fuk olmas\u0131 m\u00fcmk\u00fcnd\u00fcr.<\/p>\n\n\n\n<p>Prag'da k\u0131\u015f s\u0131cakl\u0131klar\u0131 genellikle 28,4 ila 35,6 Fahrenheit derece aras\u0131nda de\u011fi\u015fir. Kar ya\u011f\u0131\u015f\u0131 s\u0131k olsa da genellikle hafiftir ve g\u00fcnler k\u0131sad\u0131r, g\u00fcne\u015f saat 16:30 civar\u0131nda batar. Bu mevsimde ziyaret ediyorsan\u0131z, s\u0131k\u0131 giyinmeniz \u015fartt\u0131r. Yan\u0131n\u0131zda su ge\u00e7irmez giysiler bulundurdu\u011funuzdan da emin olun.<\/p>\n\n\n\n<p>Taraf\u0131ndan&nbsp;<a href=\"https:\/\/prague.org\/tr\/top-6-activities-to-do-in-prague-in-february\/\">\u015eubat<\/a>ortalama s\u0131cakl\u0131k 26,6'dan 39,2 Fahrenheit dereceye y\u00fckselmeye ba\u015flar. G\u00fcnler uzamaya ba\u015flar ve g\u00fcne\u015f \u0131\u015f\u0131\u011f\u0131 sekiz saatten dokuz saatin biraz \u00fczerine \u00e7\u0131kar. Bu ay i\u00e7in s\u0131cak k\u0131\u015f k\u0131yafetleri haz\u0131rlamak en iyisidir.<\/p>\n\n\n\n<h3 id=\"spring\" class=\"wp-block-heading\">Bahar<\/h3>\n\n\n\n<figure class=\"wp-block-image\" id=\"attachment_5029\"><img decoding=\"async\" src=\"https:\/\/i0.wp.com\/prague.org\/wp-content\/uploads\/2020\/12\/Prague-Castle-with-St.-Vitus-Cathedral-Hradcany-Czech-Republic-as-seen-from-spring-gardens.-Vintage-cloudy-day.-Prague-Castle-with-St.-Vitus-Cathedral-Hradcany-Czech-Republic-as-seen-from-spring-gardens..jpg?resize=1000%2C667&amp;ssl=1\" alt=\"Aziz Vitus Katedrali ile Prag Kalesi, Hradcany, \u00c7ek Cumhuriyeti, bahar bah\u00e7elerinden g\u00f6r\u00fcld\u00fc\u011f\u00fc gibi.\" class=\"wp-image-5029\"\/><figcaption class=\"wp-element-caption\">Aziz Vitus Katedrali ile Prag Kalesi, Hradcany, \u00c7ek Cumhuriyeti, bahar bah\u00e7elerinden g\u00f6r\u00fcld\u00fc\u011f\u00fc gibi<\/figcaption><\/figure>\n\n\n\n<p>S\u0131cakl\u0131klar donma noktas\u0131n\u0131n alt\u0131na d\u00fc\u015fmeyi b\u0131rak\u0131r ve \u00e7o\u011fu yerdeki karlar nihayet Mart ay\u0131n\u0131n ortalar\u0131nda erimeye ba\u015flayarak Bahar mevsimini ba\u015flat\u0131r. Ancak bahar aylar\u0131nda Prag'\u0131 ziyaret etmek i\u00e7in en iyi zaman Prag havas\u0131n\u0131n g\u00fczel oldu\u011fu Nisan ve May\u0131s aylar\u0131d\u0131r. Daha az insan ve Prag havas\u0131 Nisan ve May\u0131s aylar\u0131n\u0131 \u0130lkbahar'da kalmak i\u00e7in en iyi zaman haline getirir.<\/p>\n\n\n\n<p>Bahar aylar\u0131nda hava durumu b\u00fcy\u00fck de\u011fi\u015fkenlik g\u00f6sterir. S\u0131cak g\u00fcnler ve olas\u0131 kar ya\u011f\u0131\u015fl\u0131 g\u00fcnlerin bir kar\u0131\u015f\u0131m\u0131n\u0131 bekleyin. Prag'da Mart ay\u0131nda hava genel olarak hala nispeten so\u011fuktur, ancak ortalama s\u0131cakl\u0131k Nisan ay\u0131 ba\u015flamadan \u00f6nce 46,4 Fahrenheit dereceye t\u0131rmanmaya ba\u015flayabilir. G\u00fcnler genellikle bulutludur, ancak turistler ay\u0131n sonuna do\u011fru 13 saate kadar g\u00fcn \u0131\u015f\u0131\u011f\u0131n\u0131n tad\u0131n\u0131 \u00e7\u0131karabilirler.<\/p>\n\n\n\n<p>Nisan ay\u0131nda Prag'da s\u0131cakl\u0131k ortalama 57,2 Fahrenheit dereceye kadar y\u00fckselir, ancak yine de ara s\u0131ra kar ya\u011f\u0131\u015f\u0131 g\u00f6r\u00fclebilir. Bu e\u011filim, bahar t\u00fcm h\u0131z\u0131yla devam etse bile May\u0131s ay\u0131nda da devam eder. Prag'da May\u0131s ay\u0131nda hava s\u0131cakl\u0131\u011f\u0131 ortalama 64,4 Fahrenheit derecedir, ancak ya\u011f\u0131\u015flar olduk\u00e7a yayg\u0131nd\u0131r. Gezi turlar\u0131nda \u015femsiye getirdi\u011finizden emin olun.<\/p>\n\n\n\n<h3 id=\"summer\" class=\"wp-block-heading\">Yaz<\/h3>\n\n\n\n<figure class=\"wp-block-image size-full\"><img decoding=\"async\" width=\"717\" height=\"480\" src=\"https:\/\/prague.org\/wp-content\/uploads\/2022\/06\/image-87.png\" alt=\"Prag&#039;da yaz g\u00fcn\u00fc\" class=\"wp-image-4499\" srcset=\"https:\/\/prague.org\/wp-content\/uploads\/2022\/06\/image-87.png 717w, https:\/\/prague.org\/wp-content\/uploads\/2022\/06\/image-87-600x402.png 600w, https:\/\/prague.org\/wp-content\/uploads\/2022\/06\/image-87-300x201.png 300w, https:\/\/prague.org\/wp-content\/uploads\/2022\/06\/image-87-380x254.png 380w\" sizes=\"(max-width: 717px) 100vw, 717px\" \/><figcaption class=\"wp-element-caption\">Prag'da yaz g\u00fcn\u00fc<\/figcaption><\/figure>\n\n\n\n<p>Prag'da yaz mevsimi, ortalama 73 Fahrenheit dereceyi bulan ve \u00f6\u011fleden sonralar\u0131 zaman zaman g\u00f6k g\u00fcr\u00fclt\u00fcl\u00fc f\u0131rt\u0131nalar\u0131n ya\u015fand\u0131\u011f\u0131 ho\u015f ve s\u0131cak g\u00fcnleri beraberinde getirir. G\u00fcnler \u00e7ok daha uzundur, bu da a\u00e7\u0131k hava etkinliklerinin tad\u0131n\u0131 \u00e7\u0131karmak i\u00e7in daha fazla zaman anlam\u0131na gelir. Geceler hala serin olabilir, bu nedenle ak\u015fam\u0131 d\u0131\u015far\u0131da ge\u00e7irecekseniz yan\u0131n\u0131za hafif bir kazak veya ceket al\u0131n. Prag'da A\u011fustos ay\u0131 hava durumu genellikle Prag'\u0131n en s\u0131cak ay\u0131d\u0131r.<\/p>\n\n\n\n<p>\u00c7ek Cumhuriyeti, Avrupa'n\u0131n geri kalan\u0131 gibi Yaz Saati Uygulamas\u0131'n\u0131 (DST) g\u00f6zlemlemektedir. Saatler Mart sonunda bir saat ilerler ve Ekim sonunda bir saat geri al\u0131n\u0131r. Sonu\u00e7 olarak, yaz aylar\u0131nda Prag'da g\u00fcne\u015f biraz daha ge\u00e7 bat\u0131yor gibi g\u00f6r\u00fcn\u00fcr.<\/p>\n\n\n\n<h3 id=\"autumn\" class=\"wp-block-heading\">Sonbahar<\/h3>\n\n\n\n<figure class=\"wp-block-image\"><img decoding=\"async\" src=\"https:\/\/i0.wp.com\/prague.org\/wp-content\/uploads\/2022\/02\/Prague-in-Autumn.jpg?resize=1024%2C683&amp;ssl=1\" alt=\"Sonbaharda Prag\" class=\"wp-image-6136\"\/><figcaption class=\"wp-element-caption\">Sonbaharda Prag<\/figcaption><\/figure>\n\n\n\n<p>Sonbahar, yaz\u0131n s\u0131cakl\u0131\u011f\u0131ndan k\u0131\u015f\u0131n so\u011fu\u011funa ge\u00e7i\u015f yapar, bu nedenle bu aylarda s\u0131cakl\u0131kta kademeli bir d\u00fc\u015f\u00fc\u015f bekleyin. Eyl\u00fcl ay\u0131nda s\u0131cakl\u0131k 48 ila 66 Fahrenheit derece aras\u0131nda de\u011fi\u015fir ve bu da her yerde ho\u015f bir hava sa\u011flar. Hala 12 saat g\u00fcn \u0131\u015f\u0131\u011f\u0131 vard\u0131r, bu da gezmek i\u00e7in fazlas\u0131yla yeterli zaman sa\u011flar.<\/p>\n\n\n\n<p>Prag'da Ekim ay\u0131nda hava ortalama 55 Fahrenheit dereceye kadar d\u00fc\u015fer, Kas\u0131m ay\u0131nda ise 43 Fahrenheit dereceye kadar iner. G\u00fcn \u0131\u015f\u0131\u011f\u0131 saatleri de azalmaya ba\u015flar ve Kas\u0131m ay\u0131 ortalamas\u0131 yakla\u015f\u0131k 8,5 saattir. Sezonun ba\u015f\u0131nda kazaklarla idare edebilirken, sonbahar\u0131n sonuna kadar Prag'da kalacaksan\u0131z daha a\u011f\u0131r montlar ve daha kal\u0131n so\u011fuk hava k\u0131yafetleri gereklidir.<\/p>\n\n\n\n<h2 id=\"what-is-the-best-month-to-visit-prague\" class=\"wp-block-heading\">Prag \u015fehrini ziyaret etmek i\u00e7in en uygun ay hangisi?<\/h2>\n\n\n<style id=\"sp_lw_dynamic_css7637\">#splw-location-weather-7637.splw-main-wrapper {max-width: 320px;margin : auto;margin-bottom: 2em;}#splw-location-weather-7637 .splw-lite-wrapper,#splw-location-weather-7637 .splw-forecast-weather select,#splw-location-weather-7637 .splw-forecast-weather option,#splw-location-weather-7637 .splw-lite-wrapper .splw-weather-attribution a{color:#fff;text-decoration: none;}#splw-location-weather-7637 .splw-lite-wrapper{ border: 0px solid #e2e2e2}#splw-location-weather-7637 .splw-lite-wrapper{border-radius: 8px;}#splw-location-weather-7637 .splw-weather-title {margin-top :0px;margin-right :0px;margin-bottom: 20px;margin-left: 0px;}#splw-location-weather-7637 .splw-weather-icons div svg path{fill:#dfe6e9;}#splw-location-weather-7637 .splw-lite-wrapper,#splw-location-weather-7637 .splw-forecast-weather option{background:#0057d9}<\/style><div id=\"splw-location-weather-7637\" class=\"splw-main-wrapper\" data-shortcode-id=\"7637\"><div class=\"splw-weather-title\"><div class=\"splw-weather-title\">Prag hava durumu<\/div><\/div><div class=\"splw-lite-wrapper\"><div class=\"splw-lite-header\"><div class=\"splw-lite-header-title-wrapper\"><div class=\"splw-lite-header-title\">Prag, \u00c7ek Cumhuriyeti<\/div> <div class=\"splw-lite-current-time\">7:43 pm, Nisan 28, 2026<\/div><\/div><\/div><div class=\"splw-lite-body\"><div class=\"splw-lite-current-temp\"><div class=\"splw-cur-temp\"><img src=\"https:\/\/openweathermap.org\/img\/w\/01d.png\" class=\"weather-icon\" \/> <span class=\"cur-temp\"> 15\u00b0C<\/span><\/div><\/div><div class=\"splw-lite-current-text\"><div class=\"splw-lite-desc\"><span>a\u00e7\u0131k g\u00f6ky\u00fcz\u00fc<\/span><\/div> <div class=\"splw-other-opt\"><div class=\"splw-gusts-wind\">R\u00fczgar: 14 mph<\/div> <div class=\"splw-pressure\">Pressure: 1021 mb<\/div> <div class=\"splw-visibility\">G\u00f6r\u00fcn\u00fcrl\u00fck: 10 km<\/div> <div class=\"splw-sunrise\">Sunrise: 5:44 am<\/div> <div class=\"splw-sunset\">Sunset: 8:15 pm<\/div><\/div><\/div><\/div> <div class=\"splw-weather-attribution\"><a href=\"https:\/\/openweathermap.org\/\" target=\"_blank\" rel=\"nofollow noopener\">OpenWeatherMap'ten hava durumu<\/a><\/div><\/div><\/div>\n\n\n\n<p>Hava durumu a\u00e7\u0131s\u0131ndan May\u0131s ortas\u0131ndan Eyl\u00fcl ortas\u0131na kadar olan d\u00f6nem Prag'\u0131 ziyaret etmek i\u00e7in en uygun zamand\u0131r. Bu aylar gezmek i\u00e7in iyi miktarda g\u00fcn \u0131\u015f\u0131\u011f\u0131 sa\u011flar. Ancak bu yo\u011fun sezonda Prag'\u0131n en pop\u00fcler turistik mekanlar\u0131nda daha b\u00fcy\u00fck kalabal\u0131klarla kar\u015f\u0131la\u015fabilece\u011finizi unutmay\u0131n. U\u00e7u\u015flar ve konaklamalar da daha pahal\u0131d\u0131r.<\/p>\n\n\n\n<p>Kalabal\u0131ktan ka\u00e7\u0131nmak istiyorsan\u0131z, bahar \u015fehri ziyaret etmek i\u00e7in iyi bir zamand\u0131r. \u00d6zellikle ilk aylarda hava hala biraz serin olabilir, ancak yine de \u015fehirde rahat\u00e7a dola\u015fabilece\u011finiz kadar \u0131l\u0131mand\u0131r. E\u011fer hava \u00e7ok so\u011fuk olursa, \u015fehirdeki bir\u00e7ok kafede \u0131s\u0131nabilirsiniz. Sonbahar da yaz kalabal\u0131\u011f\u0131ndan ka\u00e7\u0131nmak i\u00e7in iyi bir se\u00e7enektir, ancak hava \u00f6nemli \u00f6l\u00e7\u00fcde so\u011fuyabilir, bu nedenle yan\u0131n\u0131za kal\u0131n giysiler ald\u0131\u011f\u0131n\u0131zdan emin olun.<\/p>\n\n\n\n<h2 id=\"choose-the-best-time-to-travel-in-prague-czech-republic\" class=\"wp-block-heading\">Prag, \u00c7ek Cumhuriyeti'nde seyahat etmek i\u00e7in en uygun zaman\u0131 se\u00e7in<\/h2>\n\n\n\n<p>Prag, Orta Avrupa Saati (CET) ile \u00e7al\u0131\u015fmaktad\u0131r, bu nedenle <a href=\"https:\/\/prague.org\/tr\/pragda-saat-kac\/\" data-type=\"link\" data-id=\"https:\/\/prague.org\/what-is-the-time-in-prague\/\">Prag'da yerel saat Orta Avrupa Saat dilimini takip eder.<\/a><\/p>\n\n\n\n\n\n<p>\u00c7ek Cumhuriyeti'nde d\u00f6rt farkl\u0131 mevsim ya\u015fan\u0131r ve \u0131l\u0131man bir iklime sahiptir. Prag'\u0131 ziyaret etti\u011finizde, t\u00fcm y\u0131l boyunca ho\u015f s\u0131cakl\u0131klar ve \u0131l\u0131ml\u0131 ya\u011f\u0131\u015flar bekleyebilirsiniz.<\/p>\n\n\n\n<p>Orta Avrupa Yaz Saati UTC'den iki saat ileridedir. Avrupa'daki \u00e7o\u011fu \u00fclke bu saat dilimini takip ederek Yaz Saati uygulamas\u0131na uymaktad\u0131r. Bu nedenle \u00c7ek Cumhuriyeti ziyaret\u00e7ileri, yerel saatin UTC yerine CEST'ye dayand\u0131\u011f\u0131n\u0131 bilmelidir.<\/p>\n\n\n\n<p>Orta Avrupa Saati (CET) sonbahardan k\u0131\u015fa kadar uygulan\u0131rken, Orta Avrupa Yaz Saati ilkbahardan yaza kadar uygulan\u0131r. Bu nedenle Prag'da Orta Avrupa Yaz Saati'nde s\u0131cakl\u0131klar \u0131l\u0131k ve ho\u015ftur.<\/p>\n\n\n\n<h3 id=\"what-is-the-best-month-to-go-to-prague\" class=\"wp-block-heading\">Prag \u015fehrine gitmek i\u00e7in en uygun ay hangisi?<\/h3>\n\n\n\n<p>Prag'\u0131 ziyaret etmek i\u00e7in harika bir zaman\u0131 ka\u00e7\u0131rmay\u0131n <a href=\"https:\/\/prague.org\/tr\/aylara-gore-prag-hava-durumu-rehberi\/\">aylara g\u00f6re rehber<\/a>!<\/p>\n\n\n\n<blockquote class=\"wp-block-quote\">\n<p>Standart saat ve Prag, \u00c7ek Cumhuriyeti'ndeki ge\u00e7erli saat dahil olmak \u00fczere kesin ayr\u0131nt\u0131lar i\u00e7in belirli veri sa\u011flay\u0131c\u0131lar\u0131na dan\u0131\u015farak do\u011fru ve g\u00fcvenilir bilgiler sa\u011flay\u0131n.<\/p>\n<\/blockquote>\n\n\n\n<div class=\"gyg-iframe-container\" style=\"margin-bottom:1.5em\"><iframe style=\"border:0;height:100%;width:100%\" title=\"GetYourGuide \u015fehir widget&#039;\u0131\" src=\"https:\/\/widget.getyourguide.com\/default\/city.frame?widget=wp_city&amp;iata=PRG&amp;locale_code=en-GB&amp;partner_id=U94OQGQ\"><\/iframe><\/div>","protected":false},"excerpt":{"rendered":"Deneyimli bir gezgine sorun; hava durumu, en \u00e7arp\u0131c\u0131 destinasyonlarda bile tatilinizi mahvedebilir. \u0130htiyac\u0131n\u0131z olan...","protected":false},"author":2,"featured_media":3490,"comment_status":"closed","ping_status":"closed","sticky":false,"template":"","format":"standard","meta":{"footnotes":""},"categories":[15,204,42],"tags":[51],"table_tags":[],"_links":{"self":[{"href":"https:\/\/prague.org\/tr\/wp-json\/wp\/v2\/posts\/3488"}],"collection":[{"href":"https:\/\/prague.org\/tr\/wp-json\/wp\/v2\/posts"}],"about":[{"href":"https:\/\/prague.org\/tr\/wp-json\/wp\/v2\/types\/post"}],"author":[{"embeddable":true,"href":"https:\/\/prague.org\/tr\/wp-json\/wp\/v2\/users\/2"}],"replies":[{"embeddable":true,"href":"https:\/\/prague.org\/tr\/wp-json\/wp\/v2\/comments?post=3488"}],"version-history":[{"count":37,"href":"https:\/\/prague.org\/tr\/wp-json\/wp\/v2\/posts\/3488\/revisions"}],"predecessor-version":[{"id":13705,"href":"https:\/\/prague.org\/tr\/wp-json\/wp\/v2\/posts\/3488\/revisions\/13705"}],"wp:featuredmedia":[{"embeddable":true,"href":"https:\/\/prague.org\/tr\/wp-json\/wp\/v2\/media\/3490"}],"wp:attachment":[{"href":"https:\/\/prague.org\/tr\/wp-json\/wp\/v2\/media?parent=3488"}],"wp:term":[{"taxonomy":"category","embeddable":true,"href":"https:\/\/prague.org\/tr\/wp-json\/wp\/v2\/categories?post=3488"},{"taxonomy":"post_tag","embeddable":true,"href":"https:\/\/prague.org\/tr\/wp-json\/wp\/v2\/tags?post=3488"},{"taxonomy":"table_tags","embeddable":true,"href":"https:\/\/prague.org\/tr\/wp-json\/wp\/v2\/table_tags?post=3488"}],"curies":[{"name":"wp","href":"https:\/\/api.w.org\/{rel}","templated":true}]}}