{"id":8265,"date":"2023-02-07T14:08:00","date_gmt":"2023-02-07T12:08:00","guid":{"rendered":"https:\/\/prague.org\/?p=8265"},"modified":"2024-01-15T11:26:52","modified_gmt":"2024-01-15T09:26:52","slug":"the-leading-torture-museum-prague-of-the-medieval-period","status":"publish","type":"post","link":"https:\/\/prague.org\/tr\/ortacag-doneminin-onde-gelen-iskence-muzesi-prag\/","title":{"rendered":"Orta\u00e7a\u011f D\u00f6neminin \u00d6nde Gelen \u0130\u015fkence M\u00fczesi (Prag)"},"content":{"rendered":"<p>Prag m\u00fcreffeh ve geli\u015fen bir metropol olmas\u0131na ra\u011fmen <strong>Prag'da i\u015fkence m\u00fczesi<\/strong>...\u00fcnl\u00fc \u015fehir merkezine yak\u0131n <a href=\"https:\/\/prague.org\/tr\/charles-bridge\/\">Charles K\u00f6pr\u00fcs\u00fc<\/a>Avrupa'n\u0131n trajik tarihinin kasvetli bir hat\u0131rlat\u0131c\u0131s\u0131d\u0131r.<\/p>\n\n\n\n<p>Bu \u00f6nde gelen orta\u00e7a\u011f d\u00f6nemi koleksiyonu<strong> Prag'daki i\u015fkence m\u00fczesi,<\/strong> Y\u00fczden fazla ger\u00e7ek boyutlu i\u015fkence aletiyle, sadece d\u00fc\u015f\u00fcnmek bile insan\u0131n t\u00fcylerini \u00fcrpertmeye yetiyor.<\/p>\n\n\n\n<p>Prag Orta\u00e7a\u011f \u0130\u015fkence Cihazlar\u0131 M\u00fczesi ya da k\u0131saca <strong>Prag'da \u0130\u015fkence M\u00fczesi<\/strong>ziyaret\u00e7ilerin Orta \u00c7a\u011f'da kullan\u0131lan i\u015fkence aletlerini g\u00f6rebilecekleri ve \u00f6\u011frenebilecekleri bir zindand\u0131r.<\/p>\n\n\n\n\n\n<p>Bir\u00e7ok kal\u0131nt\u0131, grav\u00fcr ve balmumu fig\u00fcr, bu i\u015fkence aletlerinin ger\u00e7ek deh\u015fetini tasvir etmek i\u00e7in 400 metrekare boyunca sergilenmektedir. Sanki bizzat oradaym\u0131\u015fs\u0131n\u0131z, bir cad\u0131n\u0131n yak\u0131l\u0131\u015f\u0131n\u0131 izliyormu\u015fsunuz ya da cellad\u0131n parmaklar\u0131n\u0131n alt\u0131na bak\u0131yormu\u015fsunuz gibi, kaydedilen ses efektleri s\u00fcr\u00fckleyicili\u011fi art\u0131r\u0131yor.<\/p>\n\n\n\n<h2 id=\"an-overview-of-the-torture-museum-in-prague\" class=\"wp-block-heading\">Prag'daki \u0130\u015fkence M\u00fczesi'ne genel bir bak\u0131\u015f<\/h2>\n\n\n<div class=\"wp-block-image\">\n<figure class=\"aligncenter size-full\"><img decoding=\"async\" width=\"894\" height=\"600\" src=\"https:\/\/prague.org\/wp-content\/uploads\/2023\/02\/image-museumtortury-3-1.jpg\" alt=\"Prag&#039;daki \u0130\u015fkence M\u00fczesi&#039;ne genel bir bak\u0131\u015f\" class=\"wp-image-8267\" srcset=\"https:\/\/prague.org\/wp-content\/uploads\/2023\/02\/image-museumtortury-3-1.jpg 894w, https:\/\/prague.org\/wp-content\/uploads\/2023\/02\/image-museumtortury-3-1-600x403.jpg 600w, https:\/\/prague.org\/wp-content\/uploads\/2023\/02\/image-museumtortury-3-1-300x201.jpg 300w, https:\/\/prague.org\/wp-content\/uploads\/2023\/02\/image-museumtortury-3-1-768x515.jpg 768w, https:\/\/prague.org\/wp-content\/uploads\/2023\/02\/image-museumtortury-3-1-18x12.jpg 18w, https:\/\/prague.org\/wp-content\/uploads\/2023\/02\/image-museumtortury-3-1-380x255.jpg 380w, https:\/\/prague.org\/wp-content\/uploads\/2023\/02\/image-museumtortury-3-1-800x537.jpg 800w\" sizes=\"(max-width: 894px) 100vw, 894px\" \/><figcaption class=\"wp-element-caption\">Prag'daki \u0130\u015fkence M\u00fczesi'ne genel bir bak\u0131\u015f.  Telif hakk\u0131 museumtortury.cz<\/figcaption><\/figure><\/div>\n\n\n<p>Prag Meydan\u0131'n\u0131n do\u011fu taraf\u0131nda <strong>Prag Orta\u00e7a\u011f \u0130\u015fkence M\u00fczesi<\/strong>. Alt kattaki te\u015fhir salonlar\u0131 herhangi bir m\u00fczede g\u00f6r\u00fclenlere benziyor ve \u00e7ok \u00e7e\u015fitli <strong>i\u015fkence aletleri m\u00fczeleri (Prag).<\/strong><\/p>\n\n\n\n<p>Her bir i\u015fkence aletinin \u00fczerinde, aletin nas\u0131l do\u011fru kullan\u0131laca\u011f\u0131na dair sekiz dilde talimatlar veren, orta\u00e7a\u011f tarz\u0131nda \u00e7izilmi\u015f karikat\u00fcrler bulunmaktad\u0131r.<\/p>\n\n\n\n<p>As\u0131l deh\u015fet, zindan\u0131n, b\u00fcy\u00fcc\u00fclerin yak\u0131lmas\u0131, su\u00e7lular\u0131n kafalar\u0131n\u0131n kesilmesi, \u00e7elik \u00e7ivili z\u0131rhlar\u0131n kullan\u0131lmas\u0131 ve benzeri di\u011fer zul\u00fcmler de dahil olmak \u00fczere eski infaz sahnelerinin balmumu fig\u00fcrlerle canland\u0131r\u0131ld\u0131\u011f\u0131 b\u00f6l\u00fcm\u00fcnde ya\u015fanmaktad\u0131r.<\/p>\n\n\n\n<p>Karanl\u0131k mahzende sanki say\u0131s\u0131z hayalet gizleniyor ve insan\u0131n t\u00fcylerini diken diken ediyor.<\/p>\n\n\n\n<h2 id=\"why-visit-the-torture-museum-in-prague\" class=\"wp-block-heading\"><a><\/a>Prag'daki \u0130\u015fkence M\u00fczesini Neden Ziyaret Etmelisiniz?<\/h2>\n\n\n<div class=\"wp-block-image\">\n<figure class=\"aligncenter size-full\"><img decoding=\"async\" width=\"894\" height=\"600\" src=\"https:\/\/prague.org\/wp-content\/uploads\/2023\/02\/image-museumtortury.cz_.jpg\" alt=\"Prag&#039;daki \u0130\u015fkence M\u00fczesi&#039;ni ziyaret edin\" class=\"wp-image-8269\" srcset=\"https:\/\/prague.org\/wp-content\/uploads\/2023\/02\/image-museumtortury.cz_.jpg 894w, https:\/\/prague.org\/wp-content\/uploads\/2023\/02\/image-museumtortury.cz_-600x403.jpg 600w, https:\/\/prague.org\/wp-content\/uploads\/2023\/02\/image-museumtortury.cz_-300x201.jpg 300w, https:\/\/prague.org\/wp-content\/uploads\/2023\/02\/image-museumtortury.cz_-768x515.jpg 768w, https:\/\/prague.org\/wp-content\/uploads\/2023\/02\/image-museumtortury.cz_-18x12.jpg 18w, https:\/\/prague.org\/wp-content\/uploads\/2023\/02\/image-museumtortury.cz_-380x255.jpg 380w, https:\/\/prague.org\/wp-content\/uploads\/2023\/02\/image-museumtortury.cz_-800x537.jpg 800w\" sizes=\"(max-width: 894px) 100vw, 894px\" \/><figcaption class=\"wp-element-caption\">Prag'daki \u0130\u015fkence M\u00fczesi'ni ziyaret edin.  Telif hakk\u0131 museumtortury.cz<\/figcaption><\/figure><\/div>\n\n\n<ul>\n<li>Orta \u00c7a\u011f'dan kalma y\u00fczden fazla i\u015fkence aleti, itiraf almak ve ahlaki ya da dini normlar\u0131 ihlal edenlerden intikam almak i\u00e7in nas\u0131l kullan\u0131ld\u0131klar\u0131n\u0131 \u00f6\u011frenmenize yard\u0131mc\u0131 olacak \u00e7ok dilli bilgi ve talimatlarla birlikte sergileniyor.<\/li>\n\n\n\n<li>Cad\u0131 davalar\u0131 ve soru\u015fturmalar\u0131 hakk\u0131nda bilgi edinin.<\/li>\n\n\n\n<li><strong>Prag'da \u0130\u015fkence M\u00fczesi<\/strong> ziyaret\u00e7ilere Orta \u00c7a\u011f'dan kalma i\u015fkence ve infaz aletlerinden olu\u015fan t\u00fcr\u00fcn\u00fcn tek \u00f6rne\u011fi koleksiyonuna bir bak\u0131\u015f sunarak, o d\u00f6neme k\u00fclt\u00fcrel ve tarihi bir pencere a\u00e7\u0131yor.<\/li>\n<\/ul>\n\n\n\n<h2 id=\"all-you-need-to-know-about-the-museum\" class=\"wp-block-heading\"><a><\/a>M\u00fcze Hakk\u0131nda Bilmeniz Gereken Her \u015eey<\/h2>\n\n\n\n<h3 id=\"major-museum-of-torture-instruments-prague\" class=\"wp-block-heading\"><a><\/a>B\u00fcy\u00fck \u0130\u015fkence Aletleri M\u00fczesi-Prag<\/h3>\n\n\n\n<p>\u00c7ok geni\u015f bir \u00e7e\u015fitlilik var <strong>Prag'\u0131n<\/strong> <strong>orta\u00e7a\u011f i\u0307\u015fkence aletleri\u0307 m\u00fczesi\u0307 <\/strong>M\u00fczede sadece i\u015fkenceye adanm\u0131\u015f aletler sergileniyor. Aletler, uzun s\u00fcre devam eden a\u015f\u0131r\u0131 ac\u0131ya neden olmak i\u00e7in yap\u0131lm\u0131\u015ft\u0131r. Bunlar\u0131n ba\u015fl\u0131calar\u0131 \u015funlard\u0131r:<\/p>\n\n\n\n<ul>\n<li>T\u00fcm cinsiyetler i\u00e7in bekaret kemerleri<\/li>\n\n\n\n<li>Bir demir k\u0131z<\/li>\n\n\n\n<li>A\u011f\u0131r demir maskeler<\/li>\n\n\n\n<li>\u0130nsanlar\u0131n kafalar\u0131n\u0131 kesmek i\u00e7in kullan\u0131lan Frans\u0131z giyotini<\/li>\n\n\n\n<li>\u0130nsan v\u00fccudunu par\u00e7alamak i\u00e7in tasarlanm\u0131\u015f testereler.<\/li>\n<\/ul>\n\n\n\n<p>Nispeten k\u00fc\u00e7\u00fck su\u00e7lar i\u00e7in bile mahkemeler i\u015fkence aletleri kullanarak kurbanlar\u0131na telafisi m\u00fcmk\u00fcn olmayan zararlar verebiliyordu.<\/p>\n\n\n\n<h3 id=\"prague-torture-museum-opening-hours\" class=\"wp-block-heading\">Prag \u0130\u015fkence M\u00fczesi \u00c7al\u0131\u015fma Saatleri<\/h3>\n\n\n\n\n\n<p>Bu <strong>Prag Orta\u00e7a\u011f \u0130\u015fkence M\u00fczesi<\/strong> sabah 10:00'dan ak\u015fam 10:00'a kadar s\u00fcrekli a\u00e7\u0131kt\u0131r. M\u00fczedeki her \u015feyi g\u00f6rmek i\u00e7in bir saat yeterli bir s\u00fcre. Kap\u0131dan \u00e7\u0131karken, Orta \u00c7a\u011f'da yeti\u015fmedi\u011finiz i\u00e7in ekstra \u015f\u00fckredeceksiniz.<\/p>\n\n\n\n<h3 id=\"prague-torture-museum-price\" class=\"wp-block-heading\"><a><\/a>Prag i\u015fkence m\u00fczesi fiyat\u0131<\/h3>\n\n\n\n<p>Standart giri\u015f \u00fccreti <strong>Prag'daki Prag \u0130\u015fkence M\u00fczesi<\/strong> 160 CZK'd\u0131r, ancak fiyat 100 CZK'ya d\u00fc\u015f\u00fcr\u00fclm\u00fc\u015ft\u00fcr. 2 yeti\u015fkin ve 2 \u00e7ocuk i\u00e7in bilet \u00fccreti 420 CZK'd\u0131r. Ayn\u0131 zamanda, okul gezileri i\u00e7in fiyat ki\u015fi ba\u015f\u0131 90 CZK'd\u0131r.<\/p>\n\n\n\n<h2 id=\"add-the-torture-museum-in-prague-to-your-bucket-list\" class=\"wp-block-heading\"><a><\/a>Prag'daki \u0130\u015fkence M\u00fczesi'ni yap\u0131lacaklar listenize ekleyin!<\/h2>\n\n\n<div class=\"wp-block-image\">\n<figure class=\"aligncenter size-full\"><img decoding=\"async\" width=\"894\" height=\"600\" src=\"https:\/\/prague.org\/wp-content\/uploads\/2023\/02\/image-museumtortury-.jpg\" alt=\"Prag&#039;daki \u0130\u015fkence M\u00fczesi\" class=\"wp-image-8272\" srcset=\"https:\/\/prague.org\/wp-content\/uploads\/2023\/02\/image-museumtortury-.jpg 894w, https:\/\/prague.org\/wp-content\/uploads\/2023\/02\/image-museumtortury--600x403.jpg 600w, https:\/\/prague.org\/wp-content\/uploads\/2023\/02\/image-museumtortury--300x201.jpg 300w, https:\/\/prague.org\/wp-content\/uploads\/2023\/02\/image-museumtortury--768x515.jpg 768w, https:\/\/prague.org\/wp-content\/uploads\/2023\/02\/image-museumtortury--18x12.jpg 18w, https:\/\/prague.org\/wp-content\/uploads\/2023\/02\/image-museumtortury--380x255.jpg 380w, https:\/\/prague.org\/wp-content\/uploads\/2023\/02\/image-museumtortury--800x537.jpg 800w\" sizes=\"(max-width: 894px) 100vw, 894px\" \/><figcaption class=\"wp-element-caption\">Prag'daki \u0130\u015fkence M\u00fczesi. Telif hakk\u0131 museumtortury.cz<\/figcaption><\/figure><\/div>\n\n\n<p>Bu <strong>Prag'da \u0130\u015fkence M\u00fczesi<\/strong> gezegendeki en tuhaf m\u00fczeler aras\u0131nda yer al\u0131yor. A\u015fa\u011f\u0131dakiler i\u00e7in \u00f6nerilere ihtiyac\u0131n\u0131z varsa sizi temin ederiz <a href=\"https:\/\/prague.org\/tr\/pragda-nerede-kalinir\/\">Prag'da nerede kal\u0131n\u0131r<\/a>. Hem e\u011fitici hem de benzersiz olan bu heyecan verici Prag cazibesinden yararlan\u0131n.<\/p>\n\n\n\n<blockquote class=\"wp-block-quote\">\n<p>Prag'\u0131n her biri \u015fehrin zengin tarihi ve k\u00fclt\u00fcr\u00fcne e\u015fsiz bir bak\u0131\u015f sunan ilgi \u00e7ekici m\u00fczelerinde b\u00fcy\u00fcleyici bir yolculu\u011fa \u00e7\u0131k\u0131n. M\u00fczeler <a href=\"https:\/\/prague.org\/tr\/kgb-museum-prague-ziyaretinizden-once-bilmeniz-gereken-tum-seyler\/\" data-type=\"link\" data-id=\"https:\/\/prague.org\/kgb-museum-prague-all-you-need-to-know-before-your-visit\/\">Prag'daki KGB M\u00fczesi<\/a> ziyaret\u00e7ileri So\u011fuk Sava\u015f d\u00f6nemine dair ilgi \u00e7ekici bir ke\u015ffe \u00e7\u0131kar\u0131yor ve s\u00fcr\u00fckleyici bir deneyim sunan bir dizi casus aletini ve tarihi eseri sergiliyor. Mistisizme merakl\u0131 olanlar i\u00e7in <a href=\"https:\/\/prague.org\/tr\/pragda-simya-muzesi-pragda-yapilacak-seyler-2\/\" data-type=\"link\" data-id=\"https:\/\/prague.org\/museum-of-alchemy-in-prague-things-to-do-in-prague-2\/\">Prag Simya M\u00fczesi<\/a> antik iksirler ve simya uygulamalar\u0131 d\u00fcnyas\u0131na b\u00fcy\u00fcleyici bir giri\u015f sunuyor. Bu arada <a href=\"https:\/\/prague.org\/tr\/absinthe-museum-prague\/\" data-type=\"link\" data-id=\"https:\/\/prague.org\/absinthe-museum-prague\/\">Prag'da Absinthe M\u00fczesi<\/a> Bohem cazibesine bir dokunu\u015f katarak \u00fcnl\u00fc ye\u015fil iksirin tarihi ve cazibesi hakk\u0131nda bilgi verir. Her m\u00fcze Prag'\u0131n k\u00fclt\u00fcrel dokusuna katk\u0131da bulunarak ziyaret\u00e7ilere \u015fehrin tan\u0131nm\u0131\u015f tarihi simgelerinin \u00f6tesine ge\u00e7en \u00e7e\u015fitli ve zenginle\u015ftirici bir deneyim sunar.<\/p>\n<\/blockquote>\n\n\n\n<div class=\"gyg-iframe-container\" style=\"margin-bottom:1.5em\"><iframe style=\"border:0;height:100%;width:100%\" title=\"GetYourGuide etkinlikler widget&#039;\u0131\" src=\"https:\/\/widget.getyourguide.com\/default\/activities.frame?widget=wp_activities&amp;currency=USD&amp;iata=PRG&amp;locale_code=en-GB&amp;number_of_items=3&amp;partner_id=U94OQGQ&amp;q=prague%20torture\"><\/iframe><\/div>","protected":false},"excerpt":{"rendered":"Prag m\u00fcreffeh ve geli\u015fen bir metropol olmas\u0131na ra\u011fmen, Prag'daki \u0130\u015fkence m\u00fczesi, \u00fcnl\u00fc Charles K\u00f6pr\u00fcs\u00fc'ne yak\u0131n...","protected":false},"author":2,"featured_media":8266,"comment_status":"closed","ping_status":"closed","sticky":false,"template":"","format":"standard","meta":{"footnotes":""},"categories":[1,204,19],"tags":[72],"table_tags":[],"_links":{"self":[{"href":"https:\/\/prague.org\/tr\/wp-json\/wp\/v2\/posts\/8265"}],"collection":[{"href":"https:\/\/prague.org\/tr\/wp-json\/wp\/v2\/posts"}],"about":[{"href":"https:\/\/prague.org\/tr\/wp-json\/wp\/v2\/types\/post"}],"author":[{"embeddable":true,"href":"https:\/\/prague.org\/tr\/wp-json\/wp\/v2\/users\/2"}],"replies":[{"embeddable":true,"href":"https:\/\/prague.org\/tr\/wp-json\/wp\/v2\/comments?post=8265"}],"version-history":[{"count":10,"href":"https:\/\/prague.org\/tr\/wp-json\/wp\/v2\/posts\/8265\/revisions"}],"predecessor-version":[{"id":12554,"href":"https:\/\/prague.org\/tr\/wp-json\/wp\/v2\/posts\/8265\/revisions\/12554"}],"wp:featuredmedia":[{"embeddable":true,"href":"https:\/\/prague.org\/tr\/wp-json\/wp\/v2\/media\/8266"}],"wp:attachment":[{"href":"https:\/\/prague.org\/tr\/wp-json\/wp\/v2\/media?parent=8265"}],"wp:term":[{"taxonomy":"category","embeddable":true,"href":"https:\/\/prague.org\/tr\/wp-json\/wp\/v2\/categories?post=8265"},{"taxonomy":"post_tag","embeddable":true,"href":"https:\/\/prague.org\/tr\/wp-json\/wp\/v2\/tags?post=8265"},{"taxonomy":"table_tags","embeddable":true,"href":"https:\/\/prague.org\/tr\/wp-json\/wp\/v2\/table_tags?post=8265"}],"curies":[{"name":"wp","href":"https:\/\/api.w.org\/{rel}","templated":true}]}}