{"id":8604,"date":"2023-02-28T09:30:59","date_gmt":"2023-02-28T07:30:59","guid":{"rendered":"https:\/\/prague.org\/?p=8604"},"modified":"2023-08-03T15:38:33","modified_gmt":"2023-08-03T13:38:33","slug":"what-is-prague-best-known-for-amongst-other-cities","status":"publish","type":"post","link":"https:\/\/prague.org\/tr\/diger-sehirler-arasinda-prag-en-iyi-ne-icin-bilinir\/","title":{"rendered":"Prag Di\u011fer \u015eehirler Aras\u0131nda En \u00c7ok Neyi ile Biliniyor?"},"content":{"rendered":"<p>Alt\u0131n \u015eehir, Y\u00fcz Kuleli \u015eehir, Avrupa'n\u0131n Kalbi ve daha niceleri... Peki bu kadar de\u011ferli isimlere sahip bu \u015fehir en \u00e7ok ne ile tan\u0131n\u0131yor?&nbsp;<\/p>\n\n\n\n<p><a href=\"https:\/\/prague.org\/tr\/temel-prag-bi\u0307lgi\u0307leri\u0307\/culture\/\">Prag'\u0131n K\u00fclt\u00fcrel Ya\u015fam\u0131<\/a> \u015fehrin bir numaral\u0131 de\u011ferli \u00f6zelli\u011fidir. Prag, tarihine bak\u0131ld\u0131\u011f\u0131nda sanat, m\u00fczik ve k\u00fclt\u00fcr alanlar\u0131nda \u00e7ok de\u011ferli pek \u00e7ok yetene\u011fe ev sahipli\u011fi yapm\u0131\u015ft\u0131r. D\u00f6neminin en b\u00fcy\u00fck m\u00fczik bestecilerinden biri olan Mozart bu \u015fehirde ya\u015fam\u0131\u015ft\u0131r. Ayr\u0131ca Prag Senfonisi ve Don Giovanni ilk kez bu \u015fehirde seslendirilmi\u015ftir. \u015eehrin m\u00fczik k\u00fclt\u00fcr\u00fc a\u00e7\u0131s\u0131ndan bir ba\u015fka g\u00fczel gelene\u011fi de b\u00fcy\u00fck \u00c7ek besteciler Bed\u0159ich Smetana, Anton\u00edn Dvor\u00e1k ve Leo\u0161 Jan\u00e1\u010dek'in lirik m\u00fcziklerinin her y\u0131l Bahar M\u00fczik Festivali'nde an\u0131lmas\u0131d\u0131r. Bestecilerin an\u0131s\u0131na yap\u0131lan orkestra, Prag'\u0131n tarihi ve k\u00fclt\u00fcr\u00fcyle ne kadar gurur duydu\u011funu ve onu y\u00fcceltmeye ne kadar istekli oldu\u011funu g\u00f6steriyor.<\/p>\n\n\n\n<h2 id=\"what-is-prague-known-for\" class=\"wp-block-heading\">Prag Neyi ile Tan\u0131n\u0131yor?<\/h2>\n\n\n\n<figure class=\"wp-block-image size-large\"><img decoding=\"async\" width=\"1024\" height=\"683\" src=\"https:\/\/prague.org\/wp-content\/uploads\/2023\/02\/dancing-house-building-prague-1-1024x683.jpg\" alt=\"Dans eden ev yap\u0131m\u0131\" class=\"wp-image-8607\" srcset=\"https:\/\/prague.org\/wp-content\/uploads\/2023\/02\/dancing-house-building-prague-1-1024x683.jpg 1024w, https:\/\/prague.org\/wp-content\/uploads\/2023\/02\/dancing-house-building-prague-1-scaled-600x400.jpg 600w, https:\/\/prague.org\/wp-content\/uploads\/2023\/02\/dancing-house-building-prague-1-300x200.jpg 300w, https:\/\/prague.org\/wp-content\/uploads\/2023\/02\/dancing-house-building-prague-1-768x512.jpg 768w, https:\/\/prague.org\/wp-content\/uploads\/2023\/02\/dancing-house-building-prague-1-1536x1024.jpg 1536w, https:\/\/prague.org\/wp-content\/uploads\/2023\/02\/dancing-house-building-prague-1-2048x1365.jpg 2048w, https:\/\/prague.org\/wp-content\/uploads\/2023\/02\/dancing-house-building-prague-1-18x12.jpg 18w, https:\/\/prague.org\/wp-content\/uploads\/2023\/02\/dancing-house-building-prague-1-380x253.jpg 380w, https:\/\/prague.org\/wp-content\/uploads\/2023\/02\/dancing-house-building-prague-1-800x533.jpg 800w, https:\/\/prague.org\/wp-content\/uploads\/2023\/02\/dancing-house-building-prague-1-1160x773.jpg 1160w, https:\/\/prague.org\/wp-content\/uploads\/2023\/02\/dancing-house-building-prague-1-scaled.jpg 2560w\" sizes=\"(max-width: 1024px) 100vw, 1024px\" \/><figcaption class=\"wp-element-caption\">Dans eden ev yap\u0131m\u0131<\/figcaption><\/figure>\n\n\n\n<p>Avrupa'n\u0131n Kalbinde, Avrupa'y\u0131 Avrupa yapan pek \u00e7ok \u015fey bulacaks\u0131n\u0131z. <a href=\"https:\/\/prague.org\/tr\/\">Prag<\/a> farkl\u0131 alanlarda \u00f6ne \u00e7\u0131kmaktad\u0131r. Bunlardan birka\u00e7\u0131, Kemikler Kilisesi gibi kurulu\u015fundan bin y\u0131l sonra bile bu \u015fehirde hala korunan \u00e7ok say\u0131da Tarihi \u00f6\u011fenin yan\u0131 s\u0131ra resmi olarak tan\u0131nan di\u011fer 2.000 mimari ve sanatsal an\u0131tt\u0131r. \u015eehirdeki sanatsal koleksiyonun miktar\u0131, m\u00fczik tarihi (Wolfgang Amadeus Mozart ve zaman\u0131n\u0131n di\u011fer b\u00fcy\u00fck bestecileri) ve sundu\u011fu a\u011f\u0131z suland\u0131ran yemekler. Her \u015fey kendi tarz\u0131nda bir simgedir ve Prag'\u0131n sundu\u011fu en iyi \u015feylerin bir par\u00e7as\u0131 olarak kabul edilebilir.<\/p>\n\n\n\n<p>Alt\u0131n \u015eehir, zengin tarihinin yan\u0131 s\u0131ra, aralar\u0131nda K\u00fclt\u00fcrel ve Sanatsal Ya\u015fam Tarz\u0131'n\u0131n da bulundu\u011fu pek \u00e7ok ba\u015fka \u015feyle de tan\u0131nmaktad\u0131r.<\/p>\n\n\n\n<p>Prag'da, \u015fehri ziyaret eden herhangi bir turist, \u015fehrin binalar\u0131nda yap\u0131lan sanatsal ya\u015fam tarz\u0131 se\u00e7imlerini de\u011ferlendirmek s\u00f6z konusu oldu\u011funda her zaman ayn\u0131 sonuca varacakt\u0131r.  \u00c7ek halk\u0131n\u0131n ya\u015fam tarz\u0131, prestijli \u00c7ek mutfa\u011f\u0131, duydu\u011funuz m\u00fczik, Prag e\u011fitim sistemi ve \u015fehrin ula\u015f\u0131m tasar\u0131mlar\u0131. T\u00fcm bu \u00f6zellikler, Prag'\u0131n k\u00fclt\u00fcrel ya\u015fam\u0131 olarak adland\u0131r\u0131lan g\u00fczel b\u00fcy\u00fck demografiyi olu\u015fturmak i\u00e7in m\u00fckemmel bir \u015fekilde senkronize olur.<\/p>\n\n\n\n<h2 id=\"what-food-is-prague-best-known-for\" class=\"wp-block-heading\">Prag En \u00c7ok Hangi Yemekleriyle Tan\u0131n\u0131r?<\/h2>\n\n\n\n<figure class=\"wp-block-image size-large\"><img decoding=\"async\" width=\"1024\" height=\"683\" src=\"https:\/\/prague.org\/wp-content\/uploads\/2023\/02\/foodiesfeed.com_traditional-czech-trdelnik-sweet-pastry-at-prague-christmas-market-1-1024x683.jpg\" alt=\"\" class=\"wp-image-8605\" srcset=\"https:\/\/prague.org\/wp-content\/uploads\/2023\/02\/foodiesfeed.com_traditional-czech-trdelnik-sweet-pastry-at-prague-christmas-market-1-1024x683.jpg 1024w, https:\/\/prague.org\/wp-content\/uploads\/2023\/02\/foodiesfeed.com_traditional-czech-trdelnik-sweet-pastry-at-prague-christmas-market-1-scaled-600x400.jpg 600w, https:\/\/prague.org\/wp-content\/uploads\/2023\/02\/foodiesfeed.com_traditional-czech-trdelnik-sweet-pastry-at-prague-christmas-market-1-300x200.jpg 300w, https:\/\/prague.org\/wp-content\/uploads\/2023\/02\/foodiesfeed.com_traditional-czech-trdelnik-sweet-pastry-at-prague-christmas-market-1-768x512.jpg 768w, https:\/\/prague.org\/wp-content\/uploads\/2023\/02\/foodiesfeed.com_traditional-czech-trdelnik-sweet-pastry-at-prague-christmas-market-1-1536x1024.jpg 1536w, https:\/\/prague.org\/wp-content\/uploads\/2023\/02\/foodiesfeed.com_traditional-czech-trdelnik-sweet-pastry-at-prague-christmas-market-1-2048x1365.jpg 2048w, https:\/\/prague.org\/wp-content\/uploads\/2023\/02\/foodiesfeed.com_traditional-czech-trdelnik-sweet-pastry-at-prague-christmas-market-1-18x12.jpg 18w, https:\/\/prague.org\/wp-content\/uploads\/2023\/02\/foodiesfeed.com_traditional-czech-trdelnik-sweet-pastry-at-prague-christmas-market-1-380x253.jpg 380w, https:\/\/prague.org\/wp-content\/uploads\/2023\/02\/foodiesfeed.com_traditional-czech-trdelnik-sweet-pastry-at-prague-christmas-market-1-800x533.jpg 800w, https:\/\/prague.org\/wp-content\/uploads\/2023\/02\/foodiesfeed.com_traditional-czech-trdelnik-sweet-pastry-at-prague-christmas-market-1-1160x773.jpg 1160w, https:\/\/prague.org\/wp-content\/uploads\/2023\/02\/foodiesfeed.com_traditional-czech-trdelnik-sweet-pastry-at-prague-christmas-market-1-scaled.jpg 2560w\" sizes=\"(max-width: 1024px) 100vw, 1024px\" \/><\/figure>\n\n\n\n<p>Prag'da ikamet eden biri, ilk kez gelen biri veya ard\u0131\u015f\u0131k bir ziyaret\u00e7i olarak, hangi yemek veya <a href=\"https:\/\/prague.org\/tr\/a-complete-guide-to-the-czech-food-culture\/\">yerel mutfak<\/a> en iyi \u00e7ekicili\u011fe sahip oldu\u011funu d\u00fc\u015f\u00fcn\u00fcyor musunuz? En iyi yeme\u011fin ne oldu\u011funu bilmenin hi\u00e7bir yolu yok \u00e7\u00fcnk\u00fc Prag, Jambonlu Ek\u015fi Mercimek, Domuz \u015enitzel, S\u0131\u011f\u0131r Gula\u015f\u0131, K\u0131zarm\u0131\u015f Peynir ve Domuz Mafsal\u0131, Klobasa, \u00c7ek Dereotu Soslu S\u0131\u011f\u0131r Eti ve Meyveli K\u00f6fte'ye kadar \u00c7ek Cumhuriyeti'nin en lezzetli yiyecekleri ve mutfaklar\u0131 ile ba\u015ftan a\u015fa\u011f\u0131ya doludur ve Prag'\u0131n sunduklar\u0131na asla doyamazs\u0131n\u0131z.<\/p>\n\n\n\n<h2 id=\"what-is-prague-known-for-to-buy\" class=\"wp-block-heading\">Prag Ne Sat\u0131n Almak \u0130\u00e7in Biliniyor?<\/h2>\n\n\n\n<p>Prag'\u0131n zengin k\u00fclt\u00fcrel tarihi, turistlere Prag'dan ayr\u0131l\u0131rken se\u00e7ebilecekleri s\u0131n\u0131rl\u0131 ama enfes bir koleksiyon veya hediyelik e\u015fya \u00e7e\u015fitlili\u011fi b\u0131rakmaktad\u0131r.&nbsp;<\/p>\n\n\n\n<p>\u00dcnl\u00fc \u00c7ek Cam E\u015fyalar\u0131, Ah\u015fap \u0130\u015fleri, Kristal M\u00fccevherler, S\u00fcslemeler, \u015earaplar ve Biralardan geleneksel seramiklere ve ah\u015fap oyuncaklara kadar hepsi d\u00fcnyan\u0131n her yerinde tan\u0131mlanabilir hediyelik e\u015fyalar olu\u015fturur.  Bunlar\u0131n hepsi, Alt\u0131n \u015eehir'e her bakt\u0131\u011f\u0131n\u0131zda kalbinizde her zaman \u0131\u015f\u0131ldayacak, kal\u0131c\u0131 hat\u0131ralar i\u00e7in bir hat\u0131ra bi\u00e7imi olarak hizmet eder.<\/p>\n\n\n\n<p>D\u00fcnyan\u0131n d\u00f6rt bir yan\u0131ndan gelen turistler de Prag'\u0131n Cam E\u015fyalar\u0131n\u0131 ve Kristal M\u00fccevherlerini, d\u00fcnyan\u0131n d\u00f6rt bir yan\u0131ndaki kendi evlerinde bile koleksiyonlar\u0131n\u0131n bir par\u00e7as\u0131 olarak g\u00f6nderilmesini ve sergilenmesini \u00f6zellikle tavsiye etmi\u015flerdir.<\/p>\n\n\n\n<h3 id=\"prague-is-basically-living-culture\" class=\"wp-block-heading\">Prag Temelde Ya\u015fayan Bir K\u00fclt\u00fcrd\u00fcr<\/h3>\n\n\n\n<p>Prag'\u0131 ziyaret etmek, \u015fehrin ya\u015fam\u0131nda da g\u00f6r\u00fclebilece\u011fi gibi, bir sanat ve m\u00fczik d\u00fcnyas\u0131na ad\u0131m atmakla e\u015f anlaml\u0131d\u0131r. Binalar, m\u00fczik, yemekler, k\u0131yafetler ve di\u011fer her \u015fey Prag'\u0131n bug\u00fcn d\u00fcnyan\u0131n en k\u00fclt\u00fcrl\u00fc toplumlar\u0131ndan biri oldu\u011funu kan\u0131tlar niteliktedir.&nbsp;<\/p>\n\n\n\n<p>Yukar\u0131dakilerin hepsi Prag'\u0131n bilinen \u00e7e\u015fitli \u00f6zelliklerinin sadece en iyilerini tan\u0131mlayabilir. \u015eehirde al\u0131nan mevcut ekonomik kararlar\u0131n ard\u0131ndan, bu yolda devam etmenin Prag'\u0131 bin y\u0131l i\u00e7inde Avrupa'n\u0131n en tarihi \u015fehirlerinden biri haline getirece\u011fi g\u00f6r\u00fclecektir.<\/p>\n\n\n\n<div class=\"gyg-iframe-container\" style=\"margin-bottom:1.5em\"><iframe style=\"border:0;height:100%;width:100%\" title=\"GetYourGuide \u015fehir widget&#039;\u0131\" src=\"https:\/\/widget.getyourguide.com\/default\/city.frame?widget=wp_city&amp;iata=PRG&amp;locale_code=en-GB&amp;partner_id=U94OQGQ\"><\/iframe><\/div>","protected":false},"excerpt":{"rendered":"Alt\u0131n \u015eehir, Y\u00fcz Kuleli \u015eehir, Avrupa'n\u0131n Kalbi ve daha niceleri...","protected":false},"author":2,"featured_media":8606,"comment_status":"closed","ping_status":"closed","sticky":false,"template":"","format":"standard","meta":{"footnotes":""},"categories":[204,15,39],"tags":[49],"table_tags":[],"_links":{"self":[{"href":"https:\/\/prague.org\/tr\/wp-json\/wp\/v2\/posts\/8604"}],"collection":[{"href":"https:\/\/prague.org\/tr\/wp-json\/wp\/v2\/posts"}],"about":[{"href":"https:\/\/prague.org\/tr\/wp-json\/wp\/v2\/types\/post"}],"author":[{"embeddable":true,"href":"https:\/\/prague.org\/tr\/wp-json\/wp\/v2\/users\/2"}],"replies":[{"embeddable":true,"href":"https:\/\/prague.org\/tr\/wp-json\/wp\/v2\/comments?post=8604"}],"version-history":[{"count":2,"href":"https:\/\/prague.org\/tr\/wp-json\/wp\/v2\/posts\/8604\/revisions"}],"predecessor-version":[{"id":8639,"href":"https:\/\/prague.org\/tr\/wp-json\/wp\/v2\/posts\/8604\/revisions\/8639"}],"wp:featuredmedia":[{"embeddable":true,"href":"https:\/\/prague.org\/tr\/wp-json\/wp\/v2\/media\/8606"}],"wp:attachment":[{"href":"https:\/\/prague.org\/tr\/wp-json\/wp\/v2\/media?parent=8604"}],"wp:term":[{"taxonomy":"category","embeddable":true,"href":"https:\/\/prague.org\/tr\/wp-json\/wp\/v2\/categories?post=8604"},{"taxonomy":"post_tag","embeddable":true,"href":"https:\/\/prague.org\/tr\/wp-json\/wp\/v2\/tags?post=8604"},{"taxonomy":"table_tags","embeddable":true,"href":"https:\/\/prague.org\/tr\/wp-json\/wp\/v2\/table_tags?post=8604"}],"curies":[{"name":"wp","href":"https:\/\/api.w.org\/{rel}","templated":true}]}}