{"id":9443,"date":"2023-05-18T12:17:25","date_gmt":"2023-05-18T10:17:25","guid":{"rendered":"https:\/\/prague.org\/?p=9443"},"modified":"2023-08-08T09:38:37","modified_gmt":"2023-08-08T07:38:37","slug":"the-prague-bombing","status":"publish","type":"post","link":"https:\/\/prague.org\/tr\/veba-bombalamasi\/","title":{"rendered":"Prag Bombalamas\u0131: Kaza m\u0131yd\u0131?"},"content":{"rendered":"<p>Bunu belirtmek g\u00fcvenli olsa da <strong>Prag bombalamas\u0131<\/strong> D\u00fcnya Sava\u015f\u0131'nda bir\u00e7ok kez yer almas\u0131na ra\u011fmen, \u015fehir di\u011fer bir\u00e7ok b\u00fcy\u00fck \u015fehir gibi ciddi bir y\u0131k\u0131ma maruz kalmam\u0131\u015ft\u0131r.<\/p>\n\n\n\n<p>Kaybedilen insan hayat\u0131yla \u00f6l\u00e7\u00fcld\u00fc\u011f\u00fcnde, en trajik olan\u0131 <strong>Prag 2. D\u00fcnya Sava\u015f\u0131 bombard\u0131man\u0131<\/strong> trajik ama ba\u015far\u0131s\u0131z bir olay olan 14 \u015eubat 1945'te meydana geldi.<strong> Prag bombalamas\u0131<\/strong>. Bu, \u00c7ek Cumhuriyeti i\u00e7in \u0130kinci D\u00fcnya Sava\u015f\u0131'n\u0131n son g\u00fcn\u00fcyd\u00fc.&nbsp;<\/p>\n\n\n\n<p>ABD'li pilotlar bir seyir hatas\u0131 yapt\u0131klar\u0131n\u0131 ve bunun ayn\u0131 anda Prag'\u0131n 120 kilometre kadar kuzeyinde ger\u00e7ekle\u015fen Dresden'in bombalanmas\u0131yla ayn\u0131 zamana denk geldi\u011fini iddia ettiler.<\/p>\n\n\n\n<p>\u015eimdi bile, aradan yetmi\u015f sekiz y\u0131l ge\u00e7mi\u015f olmas\u0131na ra\u011fmen <strong>Prag 2. D\u00fcnya Sava\u015f\u0131 bombard\u0131man\u0131 <\/strong>K\u00f6t\u00fc hava ko\u015fullar\u0131 ve Prag ile Dresden aras\u0131ndaki g\u00f6ky\u00fcz\u00fcnden g\u00f6r\u00fclen benzerlik nedeniyle kazara m\u0131 oldu, yoksa her iki \u015fehri de yok etmek i\u00e7in kas\u0131tl\u0131 bir giri\u015fim miydi?<\/p>\n\n\n\n<p>Prag Bombaland\u0131 m\u0131? <a href=\"https:\/\/prague.org\/tr\/dunya-savasi-i-prag-icinde-turu\/\" data-type=\"URL\" data-id=\"https:\/\/prague.org\/world-war-ii-in-prague-tour\/\">\u0130KINCI D\u00dcNYA SAVA\u015eI<\/a>?<\/p>\n\n\n\n<p>D\u00fcnya Sava\u015f\u0131 s\u0131ras\u0131nda Prag \u00e7o\u011funlukla hedef de\u011fildi; ancak Prag'a de\u011fil de ba\u015fka \u015fehirlere y\u00f6nelik sald\u0131r\u0131lar da oldu. Di\u011fer t\u00fcm Prag bombalamalar\u0131 nispeten \u00f6nemsizdi.<\/p>\n\n\n\n<h3 id=\"1945-prague-bombing-in-ww2\" class=\"wp-block-heading\">2. D\u00fcnya Sava\u015f\u0131'nda 1945 Prag Bombard\u0131man\u0131<\/h3>\n\n\n\n<figure class=\"wp-block-image size-large\"><img decoding=\"async\" width=\"1024\" height=\"766\" src=\"https:\/\/prague.org\/wp-content\/uploads\/2023\/04\/pxfuel.com-1-1024x766.jpg\" alt=\"Bombalama\" class=\"wp-image-9444\" srcset=\"https:\/\/prague.org\/wp-content\/uploads\/2023\/04\/pxfuel.com-1-1024x766.jpg 1024w, https:\/\/prague.org\/wp-content\/uploads\/2023\/04\/pxfuel.com-1-scaled-600x449.jpg 600w, https:\/\/prague.org\/wp-content\/uploads\/2023\/04\/pxfuel.com-1-300x225.jpg 300w, https:\/\/prague.org\/wp-content\/uploads\/2023\/04\/pxfuel.com-1-768x574.jpg 768w, https:\/\/prague.org\/wp-content\/uploads\/2023\/04\/pxfuel.com-1-1536x1149.jpg 1536w, https:\/\/prague.org\/wp-content\/uploads\/2023\/04\/pxfuel.com-1-2048x1532.jpg 2048w, https:\/\/prague.org\/wp-content\/uploads\/2023\/04\/pxfuel.com-1-16x12.jpg 16w, https:\/\/prague.org\/wp-content\/uploads\/2023\/04\/pxfuel.com-1-200x150.jpg 200w, https:\/\/prague.org\/wp-content\/uploads\/2023\/04\/pxfuel.com-1-260x195.jpg 260w, https:\/\/prague.org\/wp-content\/uploads\/2023\/04\/pxfuel.com-1-380x284.jpg 380w, https:\/\/prague.org\/wp-content\/uploads\/2023\/04\/pxfuel.com-1-800x598.jpg 800w, https:\/\/prague.org\/wp-content\/uploads\/2023\/04\/pxfuel.com-1-1160x868.jpg 1160w, https:\/\/prague.org\/wp-content\/uploads\/2023\/04\/pxfuel.com-1-scaled.jpg 2560w\" sizes=\"(max-width: 1024px) 100vw, 1024px\" \/><figcaption class=\"wp-element-caption\">Bombalama<\/figcaption><\/figure>\n\n\n\n<p>Bu <strong>Prag bombalamas\u0131<\/strong> en \u00f6nemlisiydi. Amerikan Hava Kuvvetleri Prag \u00fczerinde yakla\u015f\u0131k 152 ton patlay\u0131c\u0131 infilak ettirdi.  Vinohrady, Vy\u0161ehrad, Nusle, Vr\u0161ovice, Karlovo n\u00e1m\u011bst\u00ed, Zl\u00edchov ve Pankr\u00e1c bombalar\u0131n hedefi oldu. Patlaman\u0131n do\u011frudan sonucu olarak toplam 701 ki\u015fi \u00f6lm\u00fc\u015f ve 1.184 ki\u015fi yaralanm\u0131\u015ft\u0131r.<\/p>\n\n\n\n<p>Ancak sald\u0131r\u0131dan sorumlu \u00fc\u00e7 bombard\u0131man grubu, u\u00e7aklar\u0131 yolda y\u00f6nlerini \u015fa\u015f\u0131rd\u0131\u011f\u0131 i\u00e7in hedefleri olan Dresden'e ula\u015famad\u0131. Bulutlar\u0131n aras\u0131ndan bir nehrin tepesinde bir \u015fehir g\u00f6rd\u00fcler, bunun Dresden oldu\u011funu sand\u0131lar ve hedeflerinden yakla\u015f\u0131k 75 mil uzakl\u0131ktaki Prag'\u0131 bombalamaya devam ettiler.<\/p>\n\n\n\n<p>Bombalama sonu\u00e7suz kalsa da, \u00e7ok say\u0131da ev ve tarihi yap\u0131 a\u011f\u0131r hasar g\u00f6rd\u00fc ya da tamamen y\u0131k\u0131ld\u0131. Ek bir trajedi olarak, bombalaman\u0131n masum kurbanlar\u0131 aras\u0131nda hi\u00e7bir asker yoktu.&nbsp;<\/p>\n\n\n\n<h3 id=\"british-raf-bombing-in-prague\" class=\"wp-block-heading\">Prag'da \u0130ngiliz RAF Bombard\u0131man\u0131<\/h3>\n\n\n\n<p>Bombard\u0131man u\u00e7aklar\u0131 ba\u015fka hava sald\u0131r\u0131lar\u0131nda da ger\u00e7ek bombalar kullanm\u0131\u015ft\u0131r. \u0130ngiliz Kraliyet Hava Kuvvetleri (RAF) 5 Ekim 1941'de Hole\u0161ovice'deki elektrik santraline d\u00f6rt yang\u0131n bombas\u0131 atm\u0131\u015f, 14 Kas\u0131m 1944'te ise kimli\u011fi bilinmeyen iki u\u00e7ak ayn\u0131 tesise daha fazla bomba b\u0131rakm\u0131\u015ft\u0131r. Ancak her iki sald\u0131r\u0131 da \u00f6zellikle zarar verici olmam\u0131\u015ft\u0131r. Say\u0131lar\u0131 bilinmemekle birlikte, par\u00e7alanmalar nedeniyle \u00f6l\u00fc say\u0131s\u0131 artm\u0131\u015ft\u0131r.<\/p>\n\n\n\n<h3 id=\"palm-sunday-attack\" class=\"wp-block-heading\">Palmiye Pazar\u0131 Sald\u0131r\u0131s\u0131<\/h3>\n\n\n\n<p>Bir \u0130talyan \u00fcss\u00fcnden 12 dalga halinde 650'den fazla u\u00e7ak havaland\u0131. Prag'da Alman kuvvetleri i\u00e7in otomobil \u00fcreten KD fabrikas\u0131n\u0131n yan\u0131 s\u0131ra Kbely, Letany ve Akovice askeri havaalanlar\u0131na sald\u0131rd\u0131lar. En az 235 ki\u015fi \u00f6ld\u00fc ve 417 ki\u015fi yaraland\u0131. 90 yap\u0131 tamamen y\u0131k\u0131ld\u0131 ve 1.360 yap\u0131 a\u011f\u0131r hasar g\u00f6rd\u00fc.<\/p>\n\n\n\n<h2 id=\"why-prague-was-not-bombed-during-ww2\" class=\"wp-block-heading\">Prag 2. D\u00fcnya Sava\u015f\u0131 s\u0131ras\u0131nda neden bombalanmad\u0131?<\/h2>\n\n\n\n<p>Di\u011fer Avrupa \u015fehirlerine k\u0131yasla Prag, \u0130kinci D\u00fcnya Sava\u015f\u0131 boyunca bombard\u0131mandan nispeten kurtulmu\u015ftur. M\u00fcttefiklerin bombalama hedeflerinin \u00e7o\u011fu Almanya'da bulundu\u011fundan, u\u00e7aklar\u0131n menzili Prag'a ula\u015fmak i\u00e7in yetersizdi.<\/p>\n\n\n\n<p>1941'de 90.000'den fazla Yahudi Bohemya ve Moravya'y\u0131 evi olarak g\u00f6r\u00fcyordu. Toplamda 14.000'den biraz fazla ki\u015fi \u00e7at\u0131\u015fmadan zarar g\u00f6rmeden kurtuldu. Sar\u0131 kimlik y\u0131ld\u0131z\u0131 1941 y\u0131l\u0131nda Yahudiler i\u00e7in zorunlu hale getirildi.<\/p>\n\n\n\n<p>Almanlar Sudetenland'daki sinagoglar\u0131 ve Yahudi mezarl\u0131klar\u0131n\u0131 y\u0131kt\u0131. Yine de Prag'\u0131 rahat b\u0131rakt\u0131lar \u00e7\u00fcnk\u00fc kalabal\u0131k y\u00fck vagonlar\u0131na doldurularak toplama kamplar\u0131na nakledilen Yahudilerin ya\u011fmalanan e\u015fyalar\u0131yla Prag'da bir Yahudi M\u00fczesi kurmay\u0131 planl\u0131yorlard\u0131.<\/p>\n\n\n\n<h2 id=\"head-to-prague-and-witness-the-aftermath-of-ww2\" class=\"wp-block-heading\">Prag'a Gidin ve 2. D\u00fcnya Sava\u015f\u0131 Sonras\u0131na Tan\u0131k Olun<\/h2>\n\n\n\n<div data-gyg-href=\"https:\/\/widget.getyourguide.com\/default\/activities.frame\" data-gyg-locale-code=\"en-US\" data-gyg-widget=\"activities\" data-gyg-number-of-items=\"1\" data-gyg-partner-id=\"U94OQGQ\" data-gyg-tour-ids=\"14170\"><\/div>\n\n\n\n<p>Bu k\u00fc\u00e7\u00fck grup y\u00fcr\u00fcy\u00fc\u015f turu ile Prag'daki \u0130kinci D\u00fcnya Sava\u015f\u0131'n\u0131n ve Antropoid Operasyonu'nun b\u00fcy\u00fcleyici tarihini ke\u015ffedin. Prag sokaklar\u0131nda y\u00fcr\u00fcrken \u0130kinci D\u00fcnya Sava\u015f\u0131'n\u0131n izlerinin hala Eski \u015eehir'in duvarlar\u0131nda oldu\u011funa \u015fahit olacaks\u0131n\u0131z. Eski Kent'in kalbinde yer alan 12. y\u00fczy\u0131ldan kalma bir saray\u0131n yeralt\u0131n\u0131 ke\u015ffedin ve \u0130kinci D\u00fcnya Sava\u015f\u0131 eserleri ve hat\u0131ralar\u0131ndan olu\u015fan \u00f6zel bir koleksiyonu g\u00f6r\u00fcn. Aziz Cyril ve Methodius Katedrali'nin mahzenini ziyaret edin ve Nazi rejiminin en korkulan fig\u00fcrlerinden biri olan SS Obergruppenf\u00fchrer Reinhard Heydrich'i ortadan kald\u0131rmak i\u00e7in tasarlanm\u0131\u015f \u00f6zel bir direni\u015f g\u00f6revi olan kahramanca Antropoid Operasyonu hakk\u0131nda bilgi edinin. Nazi rejimiyle y\u00fczle\u015fen ve sessiz kahramanlar olmak i\u00e7in aya\u011fa kalkan cesur Prag vatanda\u015flar\u0131n\u0131 dinleyin.<\/p>\n\n\n\n<h3 id=\"highlights\" class=\"wp-block-heading\"><strong>\u00d6nemli Noktalar<\/strong><\/h3>\n\n\n\n<ul>\n<li>U Kunstat 12. y\u00fczy\u0131l saray\u0131n\u0131n orta\u00e7a\u011fdan kalma yeralt\u0131 mahzenlerini ke\u015ffederken zaman i\u00e7inde b\u00fcy\u00fcleyici bir yolculu\u011fa \u00e7\u0131k\u0131n.<\/li>\n\n\n\n<li>D\u00fcnya Sava\u015f\u0131 s\u0131ras\u0131nda tarihi olaylar\u0131n ya\u015fand\u0131\u011f\u0131 Aziz Cyril ve Methodius Katedrali'nin alt\u0131ndaki Antropoid Operasyonu mahzenini ziyaret edin.<\/li>\n\n\n\n<li>Prag sokaklar\u0131nda y\u00fcr\u00fcy\u00fcn, g\u00f6rd\u00fc\u011f\u00fcn\u00fcz simge yap\u0131lar\u0131 ar\u015fiv foto\u011fraflar\u0131yla kar\u015f\u0131la\u015ft\u0131rarak \u015fehrin tarihine benzersiz bir bak\u0131\u015f a\u00e7\u0131s\u0131 kazan\u0131n.<\/li>\n\n\n\n<li>Ge\u00e7mi\u015fle somut bir ba\u011flant\u0131 sunan \u0130kinci D\u00fcnya Sava\u015f\u0131 eserleri ve hat\u0131ralar\u0131ndan olu\u015fan \u00f6zel bir koleksiyonu ke\u015ffedin.<\/li>\n\n\n\n<li>Antropoid Operasyonu ve Prag Ayaklanmas\u0131 ile ilgili nefes kesici hikayeleri dinleyin ve bu olaylara kat\u0131lanlar\u0131n cesareti ve dayan\u0131kl\u0131l\u0131\u011f\u0131 hakk\u0131nda fikir edinin.<\/li>\n<\/ul>\n\n\n\n<h3 id=\"included\" class=\"wp-block-heading\"><strong>Dahil<\/strong><\/h3>\n\n\n\n<ul>\n<li>Tur boyunca derinlemesine bilgi ve yorum sa\u011flayacak uzman rehber.<\/li>\n\n\n\n<li>U Kun\u0161t\u00e1t\u016f saray\u0131n\u0131n orta\u00e7a\u011fdan kalma yeralt\u0131 mahzenlerinde bulunan ve gizli tarihi s\u0131rlar\u0131 a\u00e7\u0131\u011fa \u00e7\u0131karan Bomba S\u0131\u011f\u0131na\u011f\u0131na giri\u015f.<\/li>\n\n\n\n<li>Tur yerleri aras\u0131nda rahat ve verimli seyahat i\u00e7in toplu ta\u015f\u0131ma bileti.<\/li>\n\n\n\n<li>D\u00f6neme ki\u015fisel bir bak\u0131\u015f sunan \u0130kinci D\u00fcnya Sava\u015f\u0131 eserleri ve hat\u0131ralar\u0131ndan olu\u015fan \u00f6zel bir koleksiyona eri\u015fim.<\/li>\n\n\n\n<li>Tarihi \u00f6neme sahip Aziz Cyril ve Methodius Katedrali'nin alt\u0131ndaki Antropoid Operasyonu mahzenine ziyaret.<\/li>\n\n\n\n<li>K\u00fc\u00e7\u00fck grup turu, samimi ve s\u00fcr\u00fckleyici bir deneyim sa\u011flar.<\/li>\n<\/ul>\n\n\n\n<div class=\"wp-block-buttons is-layout-flex wp-block-buttons-is-layout-flex\">\n<div class=\"wp-block-button is-style-cs-button-block\"><a class=\"wp-block-button__link wp-element-button\" href=\"https:\/\/www.getyourguide.fr\/prague-l10\/prague-visite-de-la-seconde-guerre-mondiale-et-de-l-operation-anthropoid-avec-abri-anti-bombes-t14170\/?partner_id=U94OQGQ&amp;utm_medium=online_publisher\" rel=\"nofollow noopener\">\u2192 Daha Fazla Bilgi<\/a><\/div>\n<\/div>\n\n\n\n<p>Di\u011fer Avrupa ba\u015fkentleriyle kar\u015f\u0131la\u015ft\u0131r\u0131ld\u0131\u011f\u0131nda, <strong>Prag bombalamas\u0131 <\/strong>\u00fczerinde \u00e7ok az etkisi olmu\u015ftur. \u00c7ek Cumhuriyeti'nin tarihi ba\u015fkenti \u0130kinci D\u00fcnya Sava\u015f\u0131 boyunca iyi bir performans sergilemi\u015ftir, bu nedenle tarihi simgelerinin bir\u00e7o\u011fu hala sava\u015ftan \u00f6nceki gibi ayaktad\u0131r. Yine de sava\u015f iz b\u0131rakm\u0131\u015f ve \u015fehrin g\u00f6r\u00fcn\u00fcm\u00fcn\u00fc \u00f6nemli \u00f6l\u00e7\u00fcde de\u011fi\u015ftirmi\u015ftir.&nbsp;<\/p>\n\n\n\n<p>Prag'\u0131 ziyaret ederken \u00fclkenin ge\u00e7mi\u015findeki bu b\u00f6l\u00fcm i\u00e7in \u00f6nemli olan simge yap\u0131lar\u0131 g\u00f6r\u00fcn. <a href=\"https:\/\/prague.org\/tr\/pragda-nerede-kalinir\/\">Prag \u015fehrinde kal\u0131nacak yer<\/a>.<\/p>\n\n\n\n<div class=\"gyg-iframe-container\" style=\"margin-bottom:1.5em\"><iframe style=\"border:0;height:100%;width:100%\" title=\"GetYourGuide \u015fehir widget&#039;\u0131\" src=\"https:\/\/widget.getyourguide.com\/default\/city.frame?widget=wp_city&amp;iata=PRG&amp;locale_code=en-GB&amp;partner_id=U94OQGQ\"><\/iframe><\/div>","protected":false},"excerpt":{"rendered":"Prag bombalamas\u0131n\u0131n \u0130kinci D\u00fcnya Sava\u015f\u0131'nda bir\u00e7ok kez ger\u00e7ekle\u015fti\u011fini s\u00f6ylemek m\u00fcmk\u00fcn olsa da...","protected":false},"author":2,"featured_media":9445,"comment_status":"closed","ping_status":"closed","sticky":false,"template":"","format":"standard","meta":{"footnotes":""},"categories":[15,204,39],"tags":[49],"table_tags":[],"_links":{"self":[{"href":"https:\/\/prague.org\/tr\/wp-json\/wp\/v2\/posts\/9443"}],"collection":[{"href":"https:\/\/prague.org\/tr\/wp-json\/wp\/v2\/posts"}],"about":[{"href":"https:\/\/prague.org\/tr\/wp-json\/wp\/v2\/types\/post"}],"author":[{"embeddable":true,"href":"https:\/\/prague.org\/tr\/wp-json\/wp\/v2\/users\/2"}],"replies":[{"embeddable":true,"href":"https:\/\/prague.org\/tr\/wp-json\/wp\/v2\/comments?post=9443"}],"version-history":[{"count":6,"href":"https:\/\/prague.org\/tr\/wp-json\/wp\/v2\/posts\/9443\/revisions"}],"predecessor-version":[{"id":10094,"href":"https:\/\/prague.org\/tr\/wp-json\/wp\/v2\/posts\/9443\/revisions\/10094"}],"wp:featuredmedia":[{"embeddable":true,"href":"https:\/\/prague.org\/tr\/wp-json\/wp\/v2\/media\/9445"}],"wp:attachment":[{"href":"https:\/\/prague.org\/tr\/wp-json\/wp\/v2\/media?parent=9443"}],"wp:term":[{"taxonomy":"category","embeddable":true,"href":"https:\/\/prague.org\/tr\/wp-json\/wp\/v2\/categories?post=9443"},{"taxonomy":"post_tag","embeddable":true,"href":"https:\/\/prague.org\/tr\/wp-json\/wp\/v2\/tags?post=9443"},{"taxonomy":"table_tags","embeddable":true,"href":"https:\/\/prague.org\/tr\/wp-json\/wp\/v2\/table_tags?post=9443"}],"curies":[{"name":"wp","href":"https:\/\/api.w.org\/{rel}","templated":true}]}}