{"id":236,"count":1,"description":"Prag'da tarihin, mimarinin ve k\u00fclt\u00fcr\u00fcn i\u00e7ine dal\u0131n. \u015eehrimizin b\u00fcy\u00fcs\u00fcn\u00fc bizimle birlikte ya\u015fay\u0131n. Maceran\u0131z \u015fimdi ba\u015fl\u0131yor.","link":"https:\/\/prague.org\/tr\/product-category\/ebooks\/","name":"Ebooks","slug":"e-kitaplar","taxonomy":"product_cat","parent":0,"meta":[],"menu_order":0,"_links":{"self":[{"href":"https:\/\/prague.org\/tr\/wp-json\/wp\/v2\/product_cat\/236","targetHints":{"allow":["GET"]}}],"collection":[{"href":"https:\/\/prague.org\/tr\/wp-json\/wp\/v2\/product_cat"}],"about":[{"href":"https:\/\/prague.org\/tr\/wp-json\/wp\/v2\/taxonomies\/product_cat"}],"wp:post_type":[{"href":"https:\/\/prague.org\/tr\/wp-json\/wp\/v2\/product?product_cat=236"}],"curies":[{"name":"wp","href":"https:\/\/api.w.org\/{rel}","templated":true}]}}